{"id":41821,"date":"2023-09-04T14:48:32","date_gmt":"2023-09-04T19:48:32","guid":{"rendered":"https:\/\/esreviral.com\/?p=41821"},"modified":"2023-09-04T14:48:33","modified_gmt":"2023-09-04T19:48:33","slug":"estos-son-los-pasos-a-seguir-de-los-venezolanos-para-obtener-una-visa-para-curazao","status":"publish","type":"post","link":"https:\/\/esreviral.com\/?p=41821","title":{"rendered":"Estos son los pasos a seguir de los venezolanos para obtener una visa para Curazao"},"content":{"rendered":"\n<p><strong>Hugo Grondel, primer secretario de la Embajada del Reino de los Pa\u00edses Bajos<\/strong>\u00a0fue entrevistado por Uni\u00f3n Radio y destac\u00f3 que, dado el incremento en las solicitudes, es importante ofrecer informaci\u00f3n sobre los pasos a seguir para tramitar la denominada\u00a0<strong>Visa Caribe\u00f1a<\/strong>\u00a0para facilitar el documento a los venezolanos que deseen viajar a territorios insulares holandeses.<\/p>\n\n\n\n<p>Precis\u00f3 que decidieron pedir la Visa Caribe\u00f1a debido al incremento de la migraci\u00f3n irregular desde Venezuela hacia esas islas.\u00a0<strong>\u201cNo tenemos cifras exactas, pero varias agencias de la ONU estiman que entre 5 y 15 % de la poblaci\u00f3n de ambas islas est\u00e1 constituida por venezolanos\u201d.<\/strong><\/p>\n\n\n\n<p>Inform\u00f3 que entre abril de 2023 y julio se triplic\u00f3 la demanda de peticiones de la visa por lo que se han habilitado sistemas para atender la gran afluencia de solicitantes \u201cdesde 10 citas en abril a 24 en agosto y&nbsp;<strong>hemos abierto la agenda para programar su cita hasta final de a\u00f1o\u201d.<\/strong><\/p>\n\n\n\n<p><strong>Explic\u00f3 que para solicitar la cita para la Visa Caribe\u00f1a se debe consultar la p\u00e1gina web de los servicios consulares del Ministerio de Relaciones Exteriores para registrarse y despu\u00e9s programar la cita.<\/strong><\/p>\n\n\n\n<p>Detall\u00f3 que para programar la cita hay que cancelar \u20ac 80, pago que se realizar\u00e1 a trav\u00e9s de la p\u00e1gina web con tarjeta de cr\u00e9dito internacional.<\/p>\n\n\n\n<p>Agreg\u00f3 que para la entrevista hay que llevar un seguro de viaje, de m\u00e1s de $15 mil,\u00a0<strong>demostrar tener suficientes fondos<\/strong>\u00a0para afrontar gastos de estad\u00eda, $ 200 diarios, o en caso de tener un\u00a0<strong>familiar o amigo en las islas<\/strong>\u00a0donde alojarse disponer de $ 100 y llevar un\u00a0<strong>documento legal que certifique a los garantes.<\/strong><\/p>\n\n\n\n<p>A\u00f1adi\u00f3 que los<strong>&nbsp;ni\u00f1os de entre 6 y 12 a\u00f1os pagar\u00e1n 50 % menos del arancel por la visa y para menores de 6 a\u00f1os es gratis.<\/strong><\/p>\n\n\n\n<p>La visa tendr\u00e1 una vigencia en general de 90 d\u00edas y\u00a0<strong>actualmente la adjudicaci\u00f3n de la fecha de la cita para solicitar la visa comprende un lapso de 90 d\u00edas.<\/strong><\/p>\n\n\n\n<p>Lea tambi\u00e9n: <strong><a href=\"https:\/\/esreviral.com\/marisabel-rodriguez-podria-asumir-un-alto-cargo-en-el-consulado-de-curazao\/\">Marisabel Rodr\u00edguez podr\u00eda asumir un alto cargo en el Consulado de Curazao<\/a><\/strong><\/p>\n\n\n\n<p class=\"has-text-align-right\"><strong><em>Con informaci\u00f3n de Uni\u00f3n Radio.-<\/em><\/strong><\/p>\n","protected":false},"excerpt":{"rendered":"<p>Hugo Grondel, primer secretario de la Embajada del Reino de los Pa\u00edses Bajos\u00a0fue entrevistado por Uni\u00f3n Radio y destac\u00f3 que, dado el incremento en las solicitudes, es importante ofrecer informaci\u00f3n sobre los pasos a seguir para tramitar la denominada\u00a0Visa Caribe\u00f1a\u00a0para facilitar el documento a los venezolanos que deseen viajar a territorios insulares holandeses. Precis\u00f3 que [&hellip;]<\/p>\n","protected":false},"author":2,"featured_media":41627,"comment_status":"closed","ping_status":"closed","sticky":false,"template":"","format":"standard","meta":{"jnews-multi-image_gallery":[],"jnews_single_post":{"subtitle":"","format":"standard","video":"","gallery":"","source_name":"","source_url":"","via_name":"","via_url":"","override_template":"0","override":[{"template":"4","single_blog_custom":"","parallax":"1","fullscreen":"1","layout":"right-sidebar","sidebar":"default-sidebar","second_sidebar":"default-sidebar","sticky_sidebar":"1","share_position":"top","share_float_style":"share-monocrhome","show_share_counter":"1","show_view_counter":"1","show_featured":"1","show_post_meta":"1","show_post_author":"1","show_post_author_image":"1","show_post_date":"1","post_date_format":"default","post_date_format_custom":"Y\/m\/d","show_post_category":"1","show_post_reading_time":"1","post_reading_time_wpm":"300","show_zoom_button":"1","zoom_button_out_step":"2","zoom_button_in_step":"3","show_post_tag":"1","show_prev_next_post":"1","show_popup_post":"1","number_popup_post":"1","show_author_box":"1","show_post_related":"1","show_inline_post_related":"0"}],"override_image_size":"0","image_override":[{"single_post_thumbnail_size":"crop-500","single_post_gallery_size":"crop-500"}],"trending_post":"0","trending_post_position":"meta","trending_post_label":"Trending","sponsored_post":"0","sponsored_post_label":"Sponsored by","sponsored_post_name":"","sponsored_post_url":"","sponsored_post_logo_enable":"0","sponsored_post_logo":"","sponsored_post_desc":"","disable_ad":"0"},"jnews_primary_category":{"id":"","hide":""},"jnews_social_meta":{"fb_title":"","fb_description":"","fb_image":"","twitter_title":"","twitter_description":"","twitter_image":""},"jnews_review":[],"enable_review":"0","type":"percentage","name":"","summary":"","brand":"","sku":"","good":[{"good_text":""}],"bad":[{"bad_text":""}],"score_override":"","override_value":"","rating":[{"rating_text":"","rating_number":"10"}],"price":[{"shop":"","price":"","link":"","icon":""}],"jnews_override_counter":{"override_view_counter":"0","view_counter_number":"0","override_share_counter":"0","share_counter_number":"0","override_like_counter":"0","like_counter_number":"0","override_dislike_counter":"0","dislike_counter_number":"0"},"jnews_post_split":{"enable_post_split":"0","post_split":[{"template":"1","tag":"h2","numbering":"asc","mode":"normal","first":"0","enable_toc":"0","toc_type":"normal"}]},"footnotes":""},"categories":[54],"tags":[12176,45,2218],"class_list":["post-41821","post","type-post","status-publish","format-standard","has-post-thumbnail","hentry","category-inmigracion","tag-cuarazao","tag-noticias","tag-venezolanos-en-curazao"],"amp_enabled":true,"_links":{"self":[{"href":"https:\/\/esreviral.com\/index.php?rest_route=\/wp\/v2\/posts\/41821"}],"collection":[{"href":"https:\/\/esreviral.com\/index.php?rest_route=\/wp\/v2\/posts"}],"about":[{"href":"https:\/\/esreviral.com\/index.php?rest_route=\/wp\/v2\/types\/post"}],"author":[{"embeddable":true,"href":"https:\/\/esreviral.com\/index.php?rest_route=\/wp\/v2\/users\/2"}],"replies":[{"embeddable":true,"href":"https:\/\/esreviral.com\/index.php?rest_route=%2Fwp%2Fv2%2Fcomments&post=41821"}],"version-history":[{"count":0,"href":"https:\/\/esreviral.com\/index.php?rest_route=\/wp\/v2\/posts\/41821\/revisions"}],"wp:featuredmedia":[{"embeddable":true,"href":"https:\/\/esreviral.com\/index.php?rest_route=\/wp\/v2\/media\/41627"}],"wp:attachment":[{"href":"https:\/\/esreviral.com\/index.php?rest_route=%2Fwp%2Fv2%2Fmedia&parent=41821"}],"wp:term":[{"taxonomy":"category","embeddable":true,"href":"https:\/\/esreviral.com\/index.php?rest_route=%2Fwp%2Fv2%2Fcategories&post=41821"},{"taxonomy":"post_tag","embeddable":true,"href":"https:\/\/esreviral.com\/index.php?rest_route=%2Fwp%2Fv2%2Ftags&post=41821"}],"curies":[{"name":"wp","href":"https:\/\/api.w.org\/{rel}","templated":true}]}}