{"id":41808,"date":"2023-09-04T10:05:53","date_gmt":"2023-09-04T15:05:53","guid":{"rendered":"https:\/\/esreviral.com\/?p=41808"},"modified":"2023-09-04T10:05:54","modified_gmt":"2023-09-04T15:05:54","slug":"guardacostas-de-la-armada-colombiana-rescataron-a-19-migrantes-venezolanos-en-aguas-de-san-andres-video","status":"publish","type":"post","link":"https:\/\/esreviral.com\/?p=41808","title":{"rendered":"Guardacostas de la Armada colombiana rescataron a 19 migrantes venezolanos en aguas de San Andr\u00e9s (+VIDEO)"},"content":{"rendered":"\n<p>Unidades de Guardacostas de la Armada de Colombia,\u00a0con apoyo de la Fuerza Aeroespacial Colombiana, rescataron en el mar a 19 migrantes venezolanos, que se encontraban a unos 21 kil\u00f3metros al sur de San Andr\u00e9s Isla, momentos en que pretend\u00edan llegar a Centroam\u00e9rica.<br>El rescate fue posible gracias al Sistema Integrado de Tr\u00e1fico y Transporte Mar\u00edtimo, que detect\u00f3 la motonave de matr\u00edcula colombiana<strong><em>\u00a0&#8216;Man of War&#8217;,<\/em><\/strong>\u00a0moviliz\u00e1ndose al sur de la isla.\u00a0<\/p>\n\n\n\n<blockquote class=\"wp-block-quote is-layout-flow wp-block-quote-is-layout-flow\">\n<p><strong><em>\u00abDe manera inmediata una Unidad de Reacci\u00f3n R\u00e1pida &#8211; URR de la Estaci\u00f3n de\u00a0Guardacostas de San Andr\u00e9s\u00a0fue desplegada en el \u00e1rea con el fin de verificar la situaci\u00f3n\u00bb,<\/em><\/strong> indic\u00f3 la Armada.<\/p>\n<\/blockquote>\n\n\n\n<p>Asimismo, aseguraron que <strong><em>\u00abal realizar la interdicci\u00f3n en el mar se detect\u00f3 que la embarcaci\u00f3n no ten\u00eda autorizaciones y pon\u00eda en riesgo la vida de estas personas, no contaba con las condiciones m\u00ednimas de seguridad para hacerse a la mar e incumpl\u00eda la normatividad mar\u00edtima vigente; raz\u00f3n por la cual, fue conducida por los tripulantes de la Instituci\u00f3n Naval al muelle principal de Guardacostas de San Andr\u00e9s\u00bb.<\/em><\/strong><\/p>\n\n\n\n<p>En puerto seguro, se verific\u00f3 la condici\u00f3n m\u00e9dica de los 13 adultos, entre ellos una mujer embarazada, y seis menores de edad, todos de nacionalidad venezolana, los cuales fueron puestos a disposici\u00f3n de\u00a0Migraci\u00f3n Colombia,\u00a0mientras que los menores fueron puestos a disposici\u00f3n de la Polic\u00eda Nacional de Infancia y Adolescencia.<\/p>\n\n\n\n<p>El capit\u00e1n de la motonave y otro tripulante, fueron capturados y puestos a disposici\u00f3n de funcionarios de la<strong>\u00a0Fiscal\u00eda General de la Naci\u00f3n.<\/strong><\/p>\n\n\n\n<figure class=\"wp-block-embed is-type-rich is-provider-twitter wp-block-embed-twitter\"><div class=\"wp-block-embed__wrapper\">\n<blockquote class=\"twitter-tweet\" data-width=\"500\" data-dnt=\"true\"><p lang=\"es\" dir=\"ltr\">19 migrantes venezolanos fueron rescatados en el mar, a 21 kil\u00f3metros de la isla de San Andr\u00e9s, en Colombia, cuando iban en su viaje a Centroam\u00e9rica con destino a Estados Unidos. <br><br>Con\u00e9ctate en <a href=\"https:\/\/twitter.com\/hashtag\/BuenosD%C3%ADasVPItv?src=hash&amp;ref_src=twsrc%5Etfw\">#BuenosD\u00edasVPItv<\/a>:\u00a0 <a href=\"https:\/\/t.co\/a86GjNrN1p\">https:\/\/t.co\/a86GjNrN1p<\/a> <a href=\"https:\/\/t.co\/PRGtZsZCav\">pic.twitter.com\/PRGtZsZCav<\/a><\/p>&mdash; VPItv (@VPITV) <a href=\"https:\/\/twitter.com\/VPITV\/status\/1698657303321563224?ref_src=twsrc%5Etfw\">September 4, 2023<\/a><\/blockquote><script async src=\"https:\/\/platform.twitter.com\/widgets.js\" charset=\"utf-8\"><\/script>\n<\/div><\/figure>\n\n\n\n<p><strong><em>Con informaci\u00f3n de El Tiemp<\/em><\/strong>o<\/p>\n","protected":false},"excerpt":{"rendered":"<p>Unidades de Guardacostas de la Armada de Colombia,\u00a0con apoyo de la Fuerza Aeroespacial Colombiana, rescataron en el mar a 19 migrantes venezolanos, que se encontraban a unos 21 kil\u00f3metros al sur de San Andr\u00e9s Isla, momentos en que pretend\u00edan llegar a Centroam\u00e9rica.El rescate fue posible gracias al Sistema Integrado de Tr\u00e1fico y Transporte Mar\u00edtimo, que [&hellip;]<\/p>\n","protected":false},"author":5,"featured_media":41809,"comment_status":"closed","ping_status":"closed","sticky":false,"template":"","format":"standard","meta":{"jnews-multi-image_gallery":[],"jnews_single_post":{"subtitle":"","format":"standard","video":"","gallery":"","source_name":"","source_url":"","via_name":"","via_url":"","override_template":"0","override":[{"template":"4","single_blog_custom":"","parallax":"1","fullscreen":"1","layout":"right-sidebar","sidebar":"default-sidebar","second_sidebar":"default-sidebar","sticky_sidebar":"1","share_position":"top","share_float_style":"share-monocrhome","show_share_counter":"1","show_view_counter":"1","show_featured":"1","show_post_meta":"1","show_post_author":"1","show_post_author_image":"1","show_post_date":"1","post_date_format":"default","post_date_format_custom":"Y\/m\/d","show_post_category":"1","show_post_reading_time":"1","post_reading_time_wpm":"300","show_zoom_button":"1","zoom_button_out_step":"2","zoom_button_in_step":"3","show_post_tag":"1","show_prev_next_post":"1","show_popup_post":"1","number_popup_post":"1","show_author_box":"1","show_post_related":"1","show_inline_post_related":"0"}],"override_image_size":"0","image_override":[{"single_post_thumbnail_size":"crop-500","single_post_gallery_size":"crop-500"}],"trending_post":"0","trending_post_position":"meta","trending_post_label":"Trending","sponsored_post":"0","sponsored_post_label":"Sponsored by","sponsored_post_name":"","sponsored_post_url":"","sponsored_post_logo_enable":"0","sponsored_post_logo":"","sponsored_post_desc":"","disable_ad":"0"},"jnews_primary_category":{"id":"","hide":""},"jnews_social_meta":{"fb_title":"","fb_description":"","fb_image":"","twitter_title":"","twitter_description":"","twitter_image":""},"jnews_review":[],"enable_review":"0","type":"percentage","name":"","summary":"","brand":"","sku":"","good":[{"good_text":""}],"bad":[{"bad_text":""}],"score_override":"","override_value":"","rating":[{"rating_text":"","rating_number":"10"}],"price":[{"shop":"","price":"","link":"","icon":""}],"jnews_override_counter":{"override_view_counter":"0","view_counter_number":"0","override_share_counter":"0","share_counter_number":"0","override_like_counter":"0","like_counter_number":"0","override_dislike_counter":"0","dislike_counter_number":"0"},"jnews_post_split":{"enable_post_split":"0","post_split":[{"template":"1","tag":"h2","numbering":"asc","mode":"normal","first":"0","enable_toc":"0","toc_type":"normal"}]},"footnotes":""},"categories":[43,54,66],"tags":[2052,12174,56],"class_list":["post-41808","post","type-post","status-publish","format-standard","has-post-thumbnail","hentry","category-actualidad","category-inmigracion","category-venezuela","tag-migrantes-venezolanos","tag-san-andres","tag-venezuela"],"amp_enabled":true,"_links":{"self":[{"href":"https:\/\/esreviral.com\/index.php?rest_route=\/wp\/v2\/posts\/41808"}],"collection":[{"href":"https:\/\/esreviral.com\/index.php?rest_route=\/wp\/v2\/posts"}],"about":[{"href":"https:\/\/esreviral.com\/index.php?rest_route=\/wp\/v2\/types\/post"}],"author":[{"embeddable":true,"href":"https:\/\/esreviral.com\/index.php?rest_route=\/wp\/v2\/users\/5"}],"replies":[{"embeddable":true,"href":"https:\/\/esreviral.com\/index.php?rest_route=%2Fwp%2Fv2%2Fcomments&post=41808"}],"version-history":[{"count":0,"href":"https:\/\/esreviral.com\/index.php?rest_route=\/wp\/v2\/posts\/41808\/revisions"}],"wp:featuredmedia":[{"embeddable":true,"href":"https:\/\/esreviral.com\/index.php?rest_route=\/wp\/v2\/media\/41809"}],"wp:attachment":[{"href":"https:\/\/esreviral.com\/index.php?rest_route=%2Fwp%2Fv2%2Fmedia&parent=41808"}],"wp:term":[{"taxonomy":"category","embeddable":true,"href":"https:\/\/esreviral.com\/index.php?rest_route=%2Fwp%2Fv2%2Fcategories&post=41808"},{"taxonomy":"post_tag","embeddable":true,"href":"https:\/\/esreviral.com\/index.php?rest_route=%2Fwp%2Fv2%2Ftags&post=41808"}],"curies":[{"name":"wp","href":"https:\/\/api.w.org\/{rel}","templated":true}]}}