{"id":41751,"date":"2023-09-01T16:15:20","date_gmt":"2023-09-01T21:15:20","guid":{"rendered":"https:\/\/esreviral.com\/?p=41751"},"modified":"2023-09-01T16:15:21","modified_gmt":"2023-09-01T21:15:21","slug":"envideo-mas-de-160-migrantes-retornaron-a-venezuela-desde-peru","status":"publish","type":"post","link":"https:\/\/esreviral.com\/?p=41751","title":{"rendered":"#ENVIDEO M\u00e1s de 160 migrantes retornaron a Venezuela desde Per\u00fa"},"content":{"rendered":"\n<p>Un total de 162 personas venezolanas  regresaron al pa\u00eds este jueves 31 de agosto gracias a una operaci\u00f3n desarrollada por la aerol\u00ednea Conviasa y la Embajada de Venezuela\u00a0en el Per\u00fa, como parte del Programa <strong>\u00abVuelta a la Patria\u00bb.<\/strong><\/p>\n\n\n\n<p>La\u00a0canciller\u00eda peruana\u00a0inform\u00f3 que el total de ciudadanos venezolanos beneficiados por el vuelo <strong>decidieron voluntariamente retornar a su pa\u00eds.<\/strong><\/p>\n\n\n\n<p>Este vuelo de repatriaci\u00f3n a\u00a0Venezuela\u00a0se produce en un marco de c<strong>ooperaci\u00f3n bilateral y regional impulsado por el Per\u00fa para atender los desaf\u00edos que plantea el fen\u00f3meno migratorio.<\/strong><\/p>\n\n\n\n<p>De acuerdo con la administraci\u00f3n de Nicol\u00e1s Maduro, hasta mayo de este a\u00f1o ha repatriado a <strong>30 mil venezolanos.<\/strong> El plan se cre\u00f3 en agosto de 2018. Desde esa fecha, han regresado cientos de\u00a0<strong>venezolanos\u00a0<\/strong>a su patria procedentes de 25 pa\u00edses, en alrededor de 180 vuelos y 1 traslado mar\u00edtimo.<\/p>\n\n\n\n<p>Cabe destacar que en Argentina desde el finales de 2021 no se realiza este tipo de operaciones. <\/p>\n\n\n\n<figure class=\"wp-block-embed is-type-rich is-provider-twitter wp-block-embed-twitter\"><div class=\"wp-block-embed__wrapper\">\n<blockquote class=\"twitter-tweet\" data-width=\"500\" data-dnt=\"true\"><p lang=\"es\" dir=\"ltr\"><a href=\"https:\/\/twitter.com\/hashtag\/1Sep?src=hash&amp;ref_src=twsrc%5Etfw\">#1Sep<\/a> | REPATRIADOS<br><br>Viceministro para Am\u00e9rica Latina, <a href=\"https:\/\/twitter.com\/RanderPena?ref_src=twsrc%5Etfw\">@RanderPena<\/a>, recibi\u00f3 a 162 migrantes venezolanos que retornaron al pa\u00eds desde Per\u00fa, con el \u00abplan vuelve a la patria\u00bb. <a href=\"https:\/\/t.co\/NghufRND9X\">pic.twitter.com\/NghufRND9X<\/a><\/p>&mdash; 800 Noticias (@800Noticias_) <a href=\"https:\/\/twitter.com\/800Noticias_\/status\/1697607342425076138?ref_src=twsrc%5Etfw\">September 1, 2023<\/a><\/blockquote><script async src=\"https:\/\/platform.twitter.com\/widgets.js\" charset=\"utf-8\"><\/script>\n<\/div><\/figure>\n","protected":false},"excerpt":{"rendered":"<p>Un total de 162 personas venezolanas regresaron al pa\u00eds este jueves 31 de agosto gracias a una operaci\u00f3n desarrollada por la aerol\u00ednea Conviasa y la Embajada de Venezuela\u00a0en el Per\u00fa, como parte del Programa \u00abVuelta a la Patria\u00bb. La\u00a0canciller\u00eda peruana\u00a0inform\u00f3 que el total de ciudadanos venezolanos beneficiados por el vuelo decidieron voluntariamente retornar a su [&hellip;]<\/p>\n","protected":false},"author":2,"featured_media":41752,"comment_status":"open","ping_status":"closed","sticky":false,"template":"","format":"standard","meta":{"jnews-multi-image_gallery":[],"jnews_single_post":{"subtitle":"","format":"standard","video":"","gallery":"","source_name":"","source_url":"","via_name":"","via_url":"","override_template":"0","override":[{"template":"4","single_blog_custom":"","parallax":"1","fullscreen":"1","layout":"right-sidebar","sidebar":"default-sidebar","second_sidebar":"default-sidebar","sticky_sidebar":"1","share_position":"top","share_float_style":"share-monocrhome","show_share_counter":"1","show_view_counter":"1","show_featured":"1","show_post_meta":"1","show_post_author":"1","show_post_author_image":"1","show_post_date":"1","post_date_format":"default","post_date_format_custom":"Y\/m\/d","show_post_category":"1","show_post_reading_time":"1","post_reading_time_wpm":"300","show_zoom_button":"1","zoom_button_out_step":"2","zoom_button_in_step":"3","show_post_tag":"1","show_prev_next_post":"1","show_popup_post":"1","number_popup_post":"1","show_author_box":"1","show_post_related":"1","show_inline_post_related":"0"}],"override_image_size":"0","image_override":[{"single_post_thumbnail_size":"crop-500","single_post_gallery_size":"crop-500"}],"trending_post":"0","trending_post_position":"meta","trending_post_label":"Trending","sponsored_post":"0","sponsored_post_label":"Sponsored by","sponsored_post_name":"","sponsored_post_url":"","sponsored_post_logo_enable":"0","sponsored_post_logo":"","sponsored_post_desc":"","disable_ad":"0"},"jnews_primary_category":{"id":"","hide":""},"jnews_social_meta":{"fb_title":"","fb_description":"","fb_image":"","twitter_title":"","twitter_description":"","twitter_image":""},"jnews_review":[],"enable_review":"0","type":"percentage","name":"","summary":"","brand":"","sku":"","good":[{"good_text":""}],"bad":[{"bad_text":""}],"score_override":"","override_value":"","rating":[{"rating_text":"","rating_number":"10"}],"price":[{"shop":"","price":"","link":"","icon":""}],"jnews_override_counter":{"override_view_counter":"0","view_counter_number":"0","override_share_counter":"0","share_counter_number":"0","override_like_counter":"0","like_counter_number":"0","override_dislike_counter":"0","dislike_counter_number":"0"},"jnews_post_split":{"enable_post_split":"0","post_split":[{"template":"1","tag":"h2","numbering":"asc","mode":"normal","first":"0","enable_toc":"0","toc_type":"normal"}]},"footnotes":""},"categories":[54],"tags":[45,232,1342,5628],"class_list":["post-41751","post","type-post","status-publish","format-standard","has-post-thumbnail","hentry","category-inmigracion","tag-noticias","tag-peru","tag-plan-vuelta-a-la-patria","tag-venezolanos-en-peru-2"],"amp_enabled":true,"_links":{"self":[{"href":"https:\/\/esreviral.com\/index.php?rest_route=\/wp\/v2\/posts\/41751"}],"collection":[{"href":"https:\/\/esreviral.com\/index.php?rest_route=\/wp\/v2\/posts"}],"about":[{"href":"https:\/\/esreviral.com\/index.php?rest_route=\/wp\/v2\/types\/post"}],"author":[{"embeddable":true,"href":"https:\/\/esreviral.com\/index.php?rest_route=\/wp\/v2\/users\/2"}],"replies":[{"embeddable":true,"href":"https:\/\/esreviral.com\/index.php?rest_route=%2Fwp%2Fv2%2Fcomments&post=41751"}],"version-history":[{"count":0,"href":"https:\/\/esreviral.com\/index.php?rest_route=\/wp\/v2\/posts\/41751\/revisions"}],"wp:featuredmedia":[{"embeddable":true,"href":"https:\/\/esreviral.com\/index.php?rest_route=\/wp\/v2\/media\/41752"}],"wp:attachment":[{"href":"https:\/\/esreviral.com\/index.php?rest_route=%2Fwp%2Fv2%2Fmedia&parent=41751"}],"wp:term":[{"taxonomy":"category","embeddable":true,"href":"https:\/\/esreviral.com\/index.php?rest_route=%2Fwp%2Fv2%2Fcategories&post=41751"},{"taxonomy":"post_tag","embeddable":true,"href":"https:\/\/esreviral.com\/index.php?rest_route=%2Fwp%2Fv2%2Ftags&post=41751"}],"curies":[{"name":"wp","href":"https:\/\/api.w.org\/{rel}","templated":true}]}}