{"id":41678,"date":"2023-08-31T11:38:34","date_gmt":"2023-08-31T16:38:34","guid":{"rendered":"https:\/\/esreviral.com\/?p=41678"},"modified":"2023-08-31T11:50:41","modified_gmt":"2023-08-31T16:50:41","slug":"ministerio-de-salud-prorroga-la-vigencia-de-las-credenciales-de-las-matriculas-profesionales","status":"publish","type":"post","link":"https:\/\/esreviral.com\/?p=41678","title":{"rendered":"Ministerio de Salud prorroga la vigencia de las credenciales de las matr\u00edculas profesionales"},"content":{"rendered":"\n<p>Mediante <strong>resoluci\u00f3n 1910\/2023,<\/strong> publicada hoy en el Bolet\u00edn Oficial, el Ministerio de Salud de la Naci\u00f3n prorroga de manera autom\u00e1tica y extraordinaria la vigencia de las credenciales de las matr\u00edculas de los <strong>profesionales de la salud alcanzados por la Ley 17.132 de Ejercicio de la medicina, odontolog\u00eda y actividad de colaboraci\u00f3n de las mismas,<\/strong> inscriptos en el Registro \u00danico de Profesionales de la Salud, cuyos vencimientos figuren en las mismas previo al 31 de diciembre de 2023 inclusive, hasta el d\u00eda y mes de su vencimiento original consignado en las credenciales, pero del a\u00f1o 2024.<\/p>\n\n\n\n<p>Para aquellas credenciales cuyos vencimientos operen durante el a\u00f1o 2024 o posteriores, la vigencia ser\u00e1 hasta el d\u00eda mes y a\u00f1o consignado en las mismas.<\/p>\n\n\n\n<p>Sin perjuicio de la pr\u00f3rroga autom\u00e1tica y extraordinaria, la resoluci\u00f3n autoriza a realizar el tr\u00e1mite de renovaci\u00f3n de todas aquellas credenciales de las matr\u00edculas que se encuentren vencidas.<\/p>\n\n\n\n<p>Cabe destacar que para los profesionales de salud venezolanos que debieron renovar sus matr\u00edculas con la pandemia, se les extendi\u00f3 hasta julio de 2023, muchos de ellos iniciaron sus tr\u00e1mites pero ahora el Gobierno public\u00f3 esta resoluci\u00f3n. <\/p>\n","protected":false},"excerpt":{"rendered":"<p>Mediante resoluci\u00f3n 1910\/2023, publicada hoy en el Bolet\u00edn Oficial, el Ministerio de Salud de la Naci\u00f3n prorroga de manera autom\u00e1tica y extraordinaria la vigencia de las credenciales de las matr\u00edculas de los profesionales de la salud alcanzados por la Ley 17.132 de Ejercicio de la medicina, odontolog\u00eda y actividad de colaboraci\u00f3n de las mismas, inscriptos [&hellip;]<\/p>\n","protected":false},"author":2,"featured_media":41679,"comment_status":"open","ping_status":"closed","sticky":false,"template":"","format":"standard","meta":{"jnews-multi-image_gallery":[],"jnews_single_post":{"subtitle":"","format":"standard","video":"","gallery":"","source_name":"","source_url":"","via_name":"","via_url":"","override_template":"0","override":[{"template":"4","single_blog_custom":"","parallax":"1","fullscreen":"1","layout":"right-sidebar","sidebar":"default-sidebar","second_sidebar":"default-sidebar","sticky_sidebar":"1","share_position":"top","share_float_style":"share-monocrhome","show_share_counter":"1","show_view_counter":"1","show_featured":"1","show_post_meta":"1","show_post_author":"1","show_post_author_image":"1","show_post_date":"1","post_date_format":"default","post_date_format_custom":"Y\/m\/d","show_post_category":"1","show_post_reading_time":"1","post_reading_time_wpm":"300","show_zoom_button":"1","zoom_button_out_step":"2","zoom_button_in_step":"3","show_post_tag":"1","show_prev_next_post":"1","show_popup_post":"1","number_popup_post":"1","show_author_box":"1","show_post_related":"1","show_inline_post_related":"0"}],"override_image_size":"0","image_override":[{"single_post_thumbnail_size":"crop-500","single_post_gallery_size":"crop-500"}],"trending_post":"0","trending_post_position":"meta","trending_post_label":"Trending","sponsored_post":"0","sponsored_post_label":"Sponsored by","sponsored_post_name":"","sponsored_post_url":"","sponsored_post_logo_enable":"0","sponsored_post_logo":"","sponsored_post_desc":"","disable_ad":"0"},"jnews_primary_category":{"id":"","hide":""},"jnews_social_meta":{"fb_title":"","fb_description":"","fb_image":"","twitter_title":"","twitter_description":"","twitter_image":""},"jnews_review":[],"enable_review":"0","type":"percentage","name":"","summary":"","brand":"","sku":"","good":[{"good_text":""}],"bad":[{"bad_text":""}],"score_override":"","override_value":"","rating":[{"rating_text":"","rating_number":"10"}],"price":[{"shop":"","price":"","link":"","icon":""}],"jnews_override_counter":{"override_view_counter":"0","view_counter_number":"0","override_share_counter":"0","share_counter_number":"0","override_like_counter":"0","like_counter_number":"0","override_dislike_counter":"0","dislike_counter_number":"0"},"jnews_post_split":{"enable_post_split":"0","post_split":[{"template":"1","tag":"h2","numbering":"asc","mode":"normal","first":"0","enable_toc":"0","toc_type":"normal"}]},"footnotes":""},"categories":[84,5892],"tags":[716,1360,12144,85,67],"class_list":["post-41678","post","type-post","status-publish","format-standard","has-post-thumbnail","hentry","category-salud","category-venezolanos-en-argentina","tag-enfermeros-venezolanos","tag-medicos-venezolanos-2","tag-odontologos-venezolanos","tag-salud","tag-venezolanos-en-argentina"],"amp_enabled":true,"_links":{"self":[{"href":"https:\/\/esreviral.com\/index.php?rest_route=\/wp\/v2\/posts\/41678"}],"collection":[{"href":"https:\/\/esreviral.com\/index.php?rest_route=\/wp\/v2\/posts"}],"about":[{"href":"https:\/\/esreviral.com\/index.php?rest_route=\/wp\/v2\/types\/post"}],"author":[{"embeddable":true,"href":"https:\/\/esreviral.com\/index.php?rest_route=\/wp\/v2\/users\/2"}],"replies":[{"embeddable":true,"href":"https:\/\/esreviral.com\/index.php?rest_route=%2Fwp%2Fv2%2Fcomments&post=41678"}],"version-history":[{"count":0,"href":"https:\/\/esreviral.com\/index.php?rest_route=\/wp\/v2\/posts\/41678\/revisions"}],"wp:featuredmedia":[{"embeddable":true,"href":"https:\/\/esreviral.com\/index.php?rest_route=\/wp\/v2\/media\/41679"}],"wp:attachment":[{"href":"https:\/\/esreviral.com\/index.php?rest_route=%2Fwp%2Fv2%2Fmedia&parent=41678"}],"wp:term":[{"taxonomy":"category","embeddable":true,"href":"https:\/\/esreviral.com\/index.php?rest_route=%2Fwp%2Fv2%2Fcategories&post=41678"},{"taxonomy":"post_tag","embeddable":true,"href":"https:\/\/esreviral.com\/index.php?rest_route=%2Fwp%2Fv2%2Ftags&post=41678"}],"curies":[{"name":"wp","href":"https:\/\/api.w.org\/{rel}","templated":true}]}}