{"id":41671,"date":"2023-08-31T10:59:43","date_gmt":"2023-08-31T15:59:43","guid":{"rendered":"https:\/\/esreviral.com\/?p=41671"},"modified":"2023-08-31T10:59:44","modified_gmt":"2023-08-31T15:59:44","slug":"quien-era-mariano-barbieri-el-hombre-asesinado-en-palermo","status":"publish","type":"post","link":"https:\/\/esreviral.com\/?p=41671","title":{"rendered":"Qui\u00e9n era Mariano Barbieri, el hombre asesinado en Palermo"},"content":{"rendered":"\n<p>Tres clientes estaban por<strong>\u00a0comprar helado<\/strong>\u00a0en un local de\u00a0<strong>Palermo\u00a0<\/strong>ubicado entre Avenida del Libertador y Lafinur cuando\u00a0<strong>Mariano Barbieri<\/strong>, de<strong>\u00a042 a\u00f1os<\/strong> de edad, ingres\u00f3 sorpresivamente con su remera negra levantada y ensangrentado a pedir ayuda.<a href=\"https:\/\/esreviral.com\/envideo-llego-acuchillado-a-una-heladeria-pidiendo-ayuda-y-murio-me-apunalaron-para-robarme-el-celular\/\">\u00a0<strong>\u201cMe apu\u00f1alaron para robarme el celular<\/strong><\/a><strong>\u201d,<\/strong>\u00a0pudo decirles este ingeniero civil que viv\u00eda en\u00a0<strong>B\u00e9ccar<\/strong>, provincia de Buenos Aires, que era padre de un beb\u00e9 y que en el \u00faltimo tiempo se hab\u00eda expresado a favor de las ideas libertarias representadas por<strong>\u00a0Javier Milei<\/strong>. Tras ser atacado y auxiliado, fue trasladado al Hospital Fern\u00e1ndez en grave estado. Ah\u00ed muri\u00f3.<\/p>\n\n\n\n<h4 class=\"wp-block-heading\"><strong><mark style=\"background-color:rgba(0, 0, 0, 0)\" class=\"has-inline-color has-vivid-red-color\">Ingeniero<\/mark><\/strong><\/h4>\n\n\n\n<p>Egresado en 2011 de la\u00a0<strong>Universidad de Buenos Aires (UBA)<\/strong>, Barbieri hab\u00eda trabajado en el<strong>\u00a0Instituto de Vivienda de la Ciudad (IVC)<\/strong>\u00a0y tambi\u00e9n como\u00a0<strong>independiente<\/strong>,<strong>\u00a0<\/strong>de acuerdo a su\u00a0<em>LinkedIn<\/em>. El primer plano que present\u00f3 en las dependencias porte\u00f1as fue hace poco m\u00e1s de 11 a\u00f1os, seg\u00fan cont\u00f3 en sus redes sociales en julio, cuando hizo una reflexi\u00f3n sobre lo satisfactorio que era ser ingeniero pese a los \u201cdolores de cabeza\u201d y \u201cfrustraciones\u201d que jam\u00e1s pens\u00f3 que ocurrir\u00edan.<\/p>\n\n\n\n<figure class=\"wp-block-image\"><img decoding=\"async\" src=\"https:\/\/resizer.glanacion.com\/resizer\/v2\/mariano-barbieri-era-ingeniero-civil-egresado-en-Q4DGYCGKZNA7NISMA63OXBYSC4.jpeg?auth=80c9f4f2bbf59ba6a003c9aba053937dee6763042e376c2354031cbc751bd5e6&amp;width=420&amp;height=281&amp;quality=70&amp;smart=true\" alt=\"Mariano Barbieri era ingeniero civil egresado en la UBA y ten\u00eda su empresa, Ideas\"\/><figcaption class=\"wp-element-caption\">Mariano Barbieri era ingeniero civil egresado en la UBA y ten\u00eda su empresa, Ideas<\/figcaption><\/figure>\n\n\n\n<p>Ahora ten\u00eda su empresa,&nbsp;<strong>Ideas<\/strong>, donde asociado con arquitectos se encargaba de planear&nbsp;<strong>desarrollos estructurales sustentables<\/strong>. Hace ocho semanas hab\u00eda participado de la convenci\u00f3n anual organizada por la C\u00e1mara Argentina de la Construcci\u00f3n.<\/p>\n\n\n\n<h4 class=\"wp-block-heading\"><strong><mark style=\"background-color:rgba(0, 0, 0, 0)\" class=\"has-inline-color has-vivid-red-color\">Padre<\/mark><\/strong><\/h4>\n\n\n\n<p>En junio pasado, naci\u00f3&nbsp;<strong>Luca<\/strong>, su primer hijo junto con su pareja Mel. \u201c2020: el a\u00f1o del cambio. Nunca imagin\u00e9 que una crisis traer\u00eda como resultado encontrarme con mi yo m\u00e1s real, m\u00e1s profundo. Abandonar la rutina del porque s\u00ed, de aceptar personas y relaciones porque s\u00ed. De buscar y encontrarme m\u00e1s all\u00e1. 2021: el a\u00f1o que viv\u00ed y transit\u00e9 el cambio. Mi yo libertario a flor de piel. Mis sue\u00f1os frustrados cumplidos. Mi libertad m\u00e1s pura. 2022: el a\u00f1o de volver a la vida posta, levantar el velo de las restricciones por cuarentenas y por las imposiciones de la sociedad tir\u00e1nica.<strong>&nbsp;2023: no tengo idea&#8230; pero Luca s\u00ed&nbsp;<\/strong><em><strong>coming<\/strong><\/em><strong>&nbsp;<\/strong>[llegando, en ingl\u00e9s]. Que sea rock\u201d, reflexion\u00f3 a fines del a\u00f1o pasado.<\/p>\n\n\n\n<figure class=\"wp-block-image\"><img decoding=\"async\" src=\"https:\/\/resizer.glanacion.com\/resizer\/v2\/mariano-barbieri-junto-a-su-pequeno-TFZF6MURGJFXPD56K77KEVIE7I.jpeg?auth=834509d51654f98b82bb8eb3bdf96822eaefe11a10b2aa0977be04537ec7c95c&amp;width=420&amp;height=281&amp;quality=70&amp;smart=true\" alt=\"Mariano Barbieri junto a su peque\u00f1o hijo\"\/><figcaption class=\"wp-element-caption\">Mariano Barbieri junto a su peque\u00f1o hijo<\/figcaption><\/figure>\n\n\n\n<figure class=\"wp-block-image\"><img decoding=\"async\" src=\"https:\/\/resizer.glanacion.com\/resizer\/v2\/mariano-barbieri-con-su-pareja-ELAIQ7NKF5H5FMG7CPEGJPWXTI.jpg?auth=2874ac790f93438bc9fbb975057c2057939094cac30395677c09c028a52b2e98&amp;width=420&amp;height=560&amp;quality=70&amp;smart=true\" alt=\"Mariano Barbieri con su pareja, Mel\"\/><figcaption class=\"wp-element-caption\">Mariano Barbieri con su pareja, MelFacebook<\/figcaption><\/figure>\n\n\n\n<h4 class=\"wp-block-heading\"><strong><mark style=\"background-color:rgba(0, 0, 0, 0)\" class=\"has-inline-color has-vivid-red-color\">Libertario<\/mark><\/strong><\/h4>\n\n\n\n<p>Cr\u00edtico del gobierno actual, Barbieri hab\u00eda fiscalizado para Milei en las \u00faltimas elecciones PASO.&nbsp;<strong>\u201cCuidando los votos libertarios\u201d,<\/strong>&nbsp;asegur\u00f3 el 13 de agosto. Su preferencia por esa corriente de pensamiento qued\u00f3 replicada en sus \u00faltimos posteos. Y en enero, cuando se fue de vacaciones, se llev\u00f3 el libro&nbsp;<em>Los fundamentos de la libertad<\/em>,<em>&nbsp;<\/em>de<strong>&nbsp;Friedrich Hayeck,<\/strong>&nbsp;para \u201cnutrirse\u201d.<\/p>\n\n\n\n<p>En las elecciones de medio t\u00e9rmino de 2021 le hab\u00eda dado su apoyo a&nbsp;<strong>Jos\u00e9 Luis Espert<\/strong>.<\/p>\n\n\n\n<figure class=\"wp-block-image\"><img decoding=\"async\" src=\"https:\/\/resizer.glanacion.com\/resizer\/v2\/mariano-barbieri-cuando-fue-a-fiscalizar-para-la-KGP6S44SHNFALJTMO7ZZFOPSJ4.jpg?auth=202aadf49bc6f8a41da83d7b60cca644004ee82aebda54cf2a8bac77b9931a80&amp;width=420&amp;height=657&amp;quality=70&amp;smart=true\" alt=\"Mariano Barbieri, cuando fue a fiscalizar para La Libertad Avanza (LLA)\"\/><figcaption class=\"wp-element-caption\">Mariano Barbieri, cuando fue a fiscalizar para La Libertad Avanza (LLA)Twitter<\/figcaption><\/figure>\n\n\n\n<p>En el \u00faltimo tiempo adem\u00e1s sol\u00eda criticar la gesti\u00f3n de Horacio Rodr\u00edguez Larreta en la Ciudad y hasta hab\u00eda expresado que quer\u00eda que Patricia Bullrich ganara la interna, algo que finalmente ocurri\u00f3.<\/p>\n\n\n\n<p>Durante la pandemia particip\u00f3 de los banderazos opositores \u201cpor la libertad\u201d contra la administraci\u00f3n de&nbsp;<strong>Alberto Fern\u00e1ndez<\/strong>.<\/p>\n\n\n\n<figure class=\"wp-block-image\"><img decoding=\"async\" src=\"https:\/\/resizer.glanacion.com\/resizer\/v2\/mariano-barbieri-con-jose-luis-espert-en-las-VV6UMWGGJBEHFBU2H2T462HNHI.jpg?auth=d84f89fdb33bd100f8f949fbef43e2629f382409d1ab497bfcbc0a3c82d94af7&amp;width=420&amp;height=399&amp;quality=70&amp;smart=true\" alt=\"Mariano Barbieri con Jos\u00e9 Luis Espert, en las elecciones de 2021\"\/><figcaption class=\"wp-element-caption\">Mariano Barbieri con Jos\u00e9 Luis Espert, en las elecciones de 2021Twitter<\/figcaption><\/figure>\n\n\n\n<h4 class=\"wp-block-heading\"><strong><mark style=\"background-color:rgba(0, 0, 0, 0)\" class=\"has-inline-color has-vivid-red-color\">La \u00faltima frase<\/mark><\/strong><\/h4>\n\n\n\n<p>Jugador de&nbsp;<strong>handball&nbsp;<\/strong>en el club Polvorines,<strong>&nbsp;el ingeniero dec\u00eda cocinar \u201cel mejor risotto del condado\u201d<\/strong>. Anoche eran las 22.45 cuando suplic\u00f3 en la helader\u00eda que lo ayudaran; ten\u00eda una herida sangrante en el pecho que -seg\u00fan pudo contar- le hizo quien lo atac\u00f3 con un cuchillo para robarle el tel\u00e9fono.<\/p>\n\n\n\n<p><strong>\u201cNo me quiero morir\u201d<\/strong>, le habr\u00eda dicho a las personas que se volcaron a asistirlo. Incluso lleg\u00f3 a mencionar sus redes sociales para que intentaran ubicar a sus familiares.<\/p>\n\n\n\n<p>Lea tambi\u00e9n: <a href=\"https:\/\/esreviral.com\/envideo-llego-acuchillado-a-una-heladeria-pidiendo-ayuda-y-murio-me-apunalaron-para-robarme-el-celular\/\">#ENVIDEO Lleg\u00f3 acuchillado a una helader\u00eda pidiendo ayuda y muri\u00f3: \u201cMe apu\u00f1alaron para robarme el celular\u201d<\/a><\/p>\n\n\n\n<p class=\"has-text-align-right\"><em><strong>LA NACION<\/strong>.-<\/em><\/p>\n","protected":false},"excerpt":{"rendered":"<p>Tres clientes estaban por\u00a0comprar helado\u00a0en un local de\u00a0Palermo\u00a0ubicado entre Avenida del Libertador y Lafinur cuando\u00a0Mariano Barbieri, de\u00a042 a\u00f1os de edad, ingres\u00f3 sorpresivamente con su remera negra levantada y ensangrentado a pedir ayuda.\u00a0\u201cMe apu\u00f1alaron para robarme el celular\u201d,\u00a0pudo decirles este ingeniero civil que viv\u00eda en\u00a0B\u00e9ccar, provincia de Buenos Aires, que era padre de un beb\u00e9 y [&hellip;]<\/p>\n","protected":false},"author":2,"featured_media":41673,"comment_status":"open","ping_status":"closed","sticky":false,"template":"","format":"standard","meta":{"jnews-multi-image_gallery":[],"jnews_single_post":{"subtitle":"","format":"standard","video":"","gallery":"","source_name":"","source_url":"","via_name":"","via_url":"","override_template":"0","override":[{"template":"4","single_blog_custom":"","parallax":"1","fullscreen":"1","layout":"right-sidebar","sidebar":"default-sidebar","second_sidebar":"default-sidebar","sticky_sidebar":"1","share_position":"top","share_float_style":"share-monocrhome","show_share_counter":"1","show_view_counter":"1","show_featured":"1","show_post_meta":"1","show_post_author":"1","show_post_author_image":"1","show_post_date":"1","post_date_format":"default","post_date_format_custom":"Y\/m\/d","show_post_category":"1","show_post_reading_time":"1","post_reading_time_wpm":"300","show_zoom_button":"1","zoom_button_out_step":"2","zoom_button_in_step":"3","show_post_tag":"1","show_prev_next_post":"1","show_popup_post":"1","number_popup_post":"1","show_author_box":"1","show_post_related":"1","show_inline_post_related":"0"}],"override_image_size":"0","image_override":[{"single_post_thumbnail_size":"crop-500","single_post_gallery_size":"crop-500"}],"trending_post":"0","trending_post_position":"meta","trending_post_label":"Trending","sponsored_post":"0","sponsored_post_label":"Sponsored by","sponsored_post_name":"","sponsored_post_url":"","sponsored_post_logo_enable":"0","sponsored_post_logo":"","sponsored_post_desc":"","disable_ad":"0"},"jnews_primary_category":{"id":"","hide":""},"jnews_social_meta":{"fb_title":"","fb_description":"","fb_image":"","twitter_title":"","twitter_description":"","twitter_image":""},"jnews_review":[],"enable_review":"0","type":"percentage","name":"","summary":"","brand":"","sku":"","good":[{"good_text":""}],"bad":[{"bad_text":""}],"score_override":"","override_value":"","rating":[{"rating_text":"","rating_number":"10"}],"price":[{"shop":"","price":"","link":"","icon":""}],"jnews_override_counter":{"override_view_counter":"0","view_counter_number":"0","override_share_counter":"0","share_counter_number":"0","override_like_counter":"0","like_counter_number":"0","override_dislike_counter":"0","dislike_counter_number":"0"},"jnews_post_split":{"enable_post_split":"0","post_split":[{"template":"1","tag":"h2","numbering":"asc","mode":"normal","first":"0","enable_toc":"0","toc_type":"normal"}]},"footnotes":""},"categories":[64],"tags":[12142,12143,45,784],"class_list":["post-41671","post","type-post","status-publish","format-standard","has-post-thumbnail","hentry","category-sucesos","tag-apunalado-en-palermo","tag-mariano-barbieri","tag-noticias","tag-palermo"],"amp_enabled":true,"_links":{"self":[{"href":"https:\/\/esreviral.com\/index.php?rest_route=\/wp\/v2\/posts\/41671"}],"collection":[{"href":"https:\/\/esreviral.com\/index.php?rest_route=\/wp\/v2\/posts"}],"about":[{"href":"https:\/\/esreviral.com\/index.php?rest_route=\/wp\/v2\/types\/post"}],"author":[{"embeddable":true,"href":"https:\/\/esreviral.com\/index.php?rest_route=\/wp\/v2\/users\/2"}],"replies":[{"embeddable":true,"href":"https:\/\/esreviral.com\/index.php?rest_route=%2Fwp%2Fv2%2Fcomments&post=41671"}],"version-history":[{"count":0,"href":"https:\/\/esreviral.com\/index.php?rest_route=\/wp\/v2\/posts\/41671\/revisions"}],"wp:featuredmedia":[{"embeddable":true,"href":"https:\/\/esreviral.com\/index.php?rest_route=\/wp\/v2\/media\/41673"}],"wp:attachment":[{"href":"https:\/\/esreviral.com\/index.php?rest_route=%2Fwp%2Fv2%2Fmedia&parent=41671"}],"wp:term":[{"taxonomy":"category","embeddable":true,"href":"https:\/\/esreviral.com\/index.php?rest_route=%2Fwp%2Fv2%2Fcategories&post=41671"},{"taxonomy":"post_tag","embeddable":true,"href":"https:\/\/esreviral.com\/index.php?rest_route=%2Fwp%2Fv2%2Ftags&post=41671"}],"curies":[{"name":"wp","href":"https:\/\/api.w.org\/{rel}","templated":true}]}}