{"id":41667,"date":"2023-08-31T09:48:44","date_gmt":"2023-08-31T14:48:44","guid":{"rendered":"https:\/\/esreviral.com\/?p=41667"},"modified":"2023-08-31T09:48:45","modified_gmt":"2023-08-31T14:48:45","slug":"suspendieron-el-aumento-en-la-tarifa-de-colectivos-y-trenes-de-septiembre","status":"publish","type":"post","link":"https:\/\/esreviral.com\/?p=41667","title":{"rendered":"Suspendieron el aumento en la tarifa de colectivos y trenes de septiembre"},"content":{"rendered":"\n<p>El Gobierno argentino mantendr\u00e1 sin cambios las tarifas del transporte p\u00fablico automotor y ferroviario de jurisdicci\u00f3n nacional que estuvieran vigentes al 1\u00ba de agosto de 2023, hasta tanto<strong><em> \u201cse formule una revisi\u00f3n integral del sistema\u201d.<\/em><\/strong><\/p>\n\n\n\n<p><strong>La tarifa de transporte<em> \u00abse va a mantener por tres meses\u00bb<\/em>,\u00a0<\/strong>aclar\u00f3\u00a0Diego Giuliano, ministro de Transporte de la Naci\u00f3n, en declaraciones a Futurock. Adem\u00e1s, el funcionario coment\u00f3 que el di\u00e1logo con las c\u00e1maras transportistas\u00a0<strong><em>\u00abes permanente\u00bb y que\u00a0luego de los tres meses de congelamiento \u00abse ir\u00e1 evaluando rubro por rubro\u00bb.<\/em><\/strong><\/p>\n\n\n\n<p><strong>Asimismo, suspendi\u00f3 el mecanismo de actualizaci\u00f3n tarifaria establecido en una Resoluci\u00f3n de diciembre de 2022, como as\u00ed tambi\u00e9n las facultades conferidas a la Operadora Ferroviaria Sociedad del Estado.<\/strong><\/p>\n\n\n\n<p>La decisi\u00f3n se formaliz\u00f3 por medio de la&nbsp;<a href=\"https:\/\/www.boletinoficial.gob.ar\/detalleAviso\/primera\/293214\/20230831\" target=\"_blank\" rel=\"noreferrer noopener\">Resoluci\u00f3n 501\/2023<\/a>&nbsp;del Ministerio de Transporte, publicada este jueves en el Bolet\u00edn Oficial.<\/p>\n\n\n\n<p>Los boletos de colectivos y trenes iban a aumentar desde el 1 de septiembre en funci\u00f3n de la inflaci\u00f3n, pero como se hab\u00eda anticipado, el Poder Ejecutivo decidi\u00f3 suspenderlo, tal como lo hizo con otros sectores, como los combustibles y las prepagas.<\/p>\n\n\n\n<p>Para el Gobierno, la estabilizaci\u00f3n de los cuadros tarifarios <strong><em>\u201cdeber\u00e1 mantenerse hasta tanto se formule una revisi\u00f3n integral del sistema y se avance en la creaci\u00f3n de las condiciones de sostenibilidad requeridas para el mismo sin desmedro de la capacidad salarial de los usuarios\u201d.<\/em><\/strong><\/p>\n\n\n\n<p>El Gobierno invit\u00f3 a las provincias, a la Ciudad Aut\u00f3noma de Buenos Aires y a los municipios a adherir al congelamiento tarifario.<\/p>\n\n\n\n<p><strong><em>Con informaci\u00f3n de NA.<\/em><\/strong><\/p>\n","protected":false},"excerpt":{"rendered":"<p>El Gobierno argentino mantendr\u00e1 sin cambios las tarifas del transporte p\u00fablico automotor y ferroviario de jurisdicci\u00f3n nacional que estuvieran vigentes al 1\u00ba de agosto de 2023, hasta tanto \u201cse formule una revisi\u00f3n integral del sistema\u201d. La tarifa de transporte \u00abse va a mantener por tres meses\u00bb,\u00a0aclar\u00f3\u00a0Diego Giuliano, ministro de Transporte de la Naci\u00f3n, en declaraciones [&hellip;]<\/p>\n","protected":false},"author":5,"featured_media":41668,"comment_status":"closed","ping_status":"closed","sticky":false,"template":"","format":"standard","meta":{"jnews-multi-image_gallery":[],"jnews_single_post":{"subtitle":"","format":"standard","video":"","gallery":"","source_name":"","source_url":"","via_name":"","via_url":"","override_template":"0","override":[{"template":"4","single_blog_custom":"","parallax":"1","fullscreen":"1","layout":"right-sidebar","sidebar":"default-sidebar","second_sidebar":"default-sidebar","sticky_sidebar":"1","share_position":"top","share_float_style":"share-monocrhome","show_share_counter":"1","show_view_counter":"1","show_featured":"1","show_post_meta":"1","show_post_author":"1","show_post_author_image":"1","show_post_date":"1","post_date_format":"default","post_date_format_custom":"Y\/m\/d","show_post_category":"1","show_post_reading_time":"1","post_reading_time_wpm":"300","show_zoom_button":"1","zoom_button_out_step":"2","zoom_button_in_step":"3","show_post_tag":"1","show_prev_next_post":"1","show_popup_post":"1","number_popup_post":"1","show_author_box":"1","show_post_related":"1","show_inline_post_related":"0"}],"override_image_size":"0","image_override":[{"single_post_thumbnail_size":"crop-500","single_post_gallery_size":"crop-500"}],"trending_post":"0","trending_post_position":"meta","trending_post_label":"Trending","sponsored_post":"0","sponsored_post_label":"Sponsored by","sponsored_post_name":"","sponsored_post_url":"","sponsored_post_logo_enable":"0","sponsored_post_logo":"","sponsored_post_desc":"","disable_ad":"0"},"jnews_primary_category":{"id":"","hide":""},"jnews_social_meta":{"fb_title":"","fb_description":"","fb_image":"","twitter_title":"","twitter_description":"","twitter_image":""},"jnews_review":[],"enable_review":"0","type":"percentage","name":"","summary":"","brand":"","sku":"","good":[{"good_text":""}],"bad":[{"bad_text":""}],"score_override":"","override_value":"","rating":[{"rating_text":"","rating_number":"10"}],"price":[{"shop":"","price":"","link":"","icon":""}],"jnews_override_counter":{"override_view_counter":"0","view_counter_number":"0","override_share_counter":"0","share_counter_number":"0","override_like_counter":"0","like_counter_number":"0","override_dislike_counter":"0","dislike_counter_number":"0"},"jnews_post_split":{"enable_post_split":"0","post_split":[{"template":"1","tag":"h2","numbering":"asc","mode":"normal","first":"0","enable_toc":"0","toc_type":"normal"}]},"footnotes":""},"categories":[43,58,61],"tags":[2143,4065,2125],"class_list":["post-41667","post","type-post","status-publish","format-standard","has-post-thumbnail","hentry","category-actualidad","category-argentina","category-economia","tag-colectivos","tag-septiembre","tag-trenes"],"amp_enabled":true,"_links":{"self":[{"href":"https:\/\/esreviral.com\/index.php?rest_route=\/wp\/v2\/posts\/41667"}],"collection":[{"href":"https:\/\/esreviral.com\/index.php?rest_route=\/wp\/v2\/posts"}],"about":[{"href":"https:\/\/esreviral.com\/index.php?rest_route=\/wp\/v2\/types\/post"}],"author":[{"embeddable":true,"href":"https:\/\/esreviral.com\/index.php?rest_route=\/wp\/v2\/users\/5"}],"replies":[{"embeddable":true,"href":"https:\/\/esreviral.com\/index.php?rest_route=%2Fwp%2Fv2%2Fcomments&post=41667"}],"version-history":[{"count":0,"href":"https:\/\/esreviral.com\/index.php?rest_route=\/wp\/v2\/posts\/41667\/revisions"}],"wp:featuredmedia":[{"embeddable":true,"href":"https:\/\/esreviral.com\/index.php?rest_route=\/wp\/v2\/media\/41668"}],"wp:attachment":[{"href":"https:\/\/esreviral.com\/index.php?rest_route=%2Fwp%2Fv2%2Fmedia&parent=41667"}],"wp:term":[{"taxonomy":"category","embeddable":true,"href":"https:\/\/esreviral.com\/index.php?rest_route=%2Fwp%2Fv2%2Fcategories&post=41667"},{"taxonomy":"post_tag","embeddable":true,"href":"https:\/\/esreviral.com\/index.php?rest_route=%2Fwp%2Fv2%2Ftags&post=41667"}],"curies":[{"name":"wp","href":"https:\/\/api.w.org\/{rel}","templated":true}]}}