{"id":41648,"date":"2023-08-31T08:16:42","date_gmt":"2023-08-31T13:16:42","guid":{"rendered":"https:\/\/esreviral.com\/?p=41648"},"modified":"2023-08-31T08:16:43","modified_gmt":"2023-08-31T13:16:43","slug":"juanes-hablo-de-su-salud-mental-sufri-uno-de-los-golpes-mas-duros-de-mi-vida","status":"publish","type":"post","link":"https:\/\/esreviral.com\/?p=41648","title":{"rendered":"Juanes habl\u00f3 de su salud mental: \u00abSufr\u00ed uno de los golpes m\u00e1s duros de mi vida\u00bb"},"content":{"rendered":"\n<p><strong>Juanes se sincer\u00f3 con sus seguidores<\/strong>. <\/p>\n\n\n\n<p><strong>A trav\u00e9s de sus redes sociales el cantante colombiano habl\u00f3 de su salud mental y revel\u00f3 que \u00e9l mismo experiment\u00f3 la\u00a0depresi\u00f3n.<\/strong><\/p>\n\n\n\n<p>El int\u00e9rprete de \u00abPara tu amor\u00bb se atrevi\u00f3 a hablar p\u00fablicamente, por primera vez, de su propia experiencia con los problemas de salud mental.<\/p>\n\n\n<div class=\"wp-block-image\">\n<figure class=\"aligncenter size-full\"><img fetchpriority=\"high\" decoding=\"async\" width=\"660\" height=\"439\" src=\"https:\/\/esreviral.com\/wp-content\/uploads\/2023\/08\/juanes-660x439-1.webp\" alt=\"\" class=\"wp-image-41649\" srcset=\"https:\/\/esreviral.com\/wp-content\/uploads\/2023\/08\/juanes-660x439-1.webp 660w, https:\/\/esreviral.com\/wp-content\/uploads\/2023\/08\/juanes-660x439-1-300x200.webp 300w\" sizes=\"(max-width: 660px) 100vw, 660px\" \/><\/figure>\n<\/div>\n\n\n<blockquote class=\"wp-block-quote is-layout-flow wp-block-quote-is-layout-flow\">\n<p><strong><em>\u201cHan pasado muchos a\u00f1os para poder escribir esto.\u00a0Nunca es tarde para entender que la salud mental es algo indispensable para todos\u201d, <\/em><\/strong>escribi\u00f3 en la descripci\u00f3n de la foto.<\/p>\n<\/blockquote>\n\n\n\n<p><strong>En esa misma publicaci\u00f3n, y a trav\u00e9s de un revelador texto,\u00a0Juanes\u00a0record\u00f3 cuando en uno de los mejores momentos de su carrera musical decidi\u00f3 alejarse del mundo de la celebridad, para conectar con\u00a0Juan Esteban Aristiz\u00e1bal. Sin embargo, para eso pasaron a\u00f1os con exceso de trabajo y buscando refugios en el alcohol, seg\u00fan reconoci\u00f3.<\/strong><\/p>\n\n\n\n<p>Tras ese trabajo en su salud mental, el artista reconoci\u00f3 que ahora puede expresar con tranquilidad que <strong><em>\u201csentirme vulnerable me hace m\u00e1s fuerte. Poder hablar de mis problemas y mis inseguridades abiertamente no me hace un cobarde ni un d\u00e9bil\u201d, c<\/em><\/strong>omo pensaba antes.<\/p>\n\n\n\n<blockquote class=\"wp-block-quote is-layout-flow wp-block-quote-is-layout-flow\">\n<p><strong><em>\u201cLa depresi\u00f3n es una enfermedad muy com\u00fan, m\u00e1s com\u00fan de lo que imaginas. Yo personalmente la sufro desde hace much\u00edsimos a\u00f1os\u201d<\/em><\/strong>, asegur\u00f3 el colombiano que recientemente cumpli\u00f3 51 a\u00f1os. <\/p>\n<\/blockquote>\n\n\n\n<p>El cantante se\u00f1al\u00f3 que tras ser un ni\u00f1o extremadamente introvertido, de un momento a otro se encontr\u00f3 con la fama, en la que hab\u00eda \u201c<strong><em>aceptaci\u00f3n, rechazo, odio y presi\u00f3n social\u201d.<\/em><\/strong><\/p>\n\n\n\n<p><strong>Su historia con esta enfermedad, seg\u00fan se\u00f1al\u00f3, se remonta a\u00a013 a\u00f1os atr\u00e1s, cuando su carrera musical estaba consolidada y\u00a0Juanes ya era para Colombia y el mundo un referente musical.<\/strong><\/p>\n\n\n\n<p>En ese momento, seg\u00fan su relato, <strong><em>\u201csufr\u00ed uno de los golpes m\u00e1s duros de mi vida.\u00a0Estaba en pleno apogeo de mi carrera, cientos de conciertos, a primera vista una vida perfecta y envidiable. Pues bien, por dentro estaba destruido, desilusionado y cansado\u201d, <\/em><\/strong>revel\u00f3.<\/p>\n\n\n\n<p><strong>Juanes\u00a0se\u00f1al\u00f3 que su trabajo hab\u00eda consumido gran parte de su vida durante los \u00faltimos 10 a\u00f1os en ese momento, perdi\u00e9ndose fechas especiales de sus hijos y descuidando su propia salud. Aunque quer\u00eda tomarse un momento, sent\u00eda que por ser\u00a0Juanes\u00a0no deb\u00eda mostrarse d\u00e9bil o cansado.<\/strong><\/p>\n\n\n\n<blockquote class=\"wp-block-quote is-layout-flow wp-block-quote-is-layout-flow\">\n<p><strong><em>\u201cSiempre pens\u00e9 que pod\u00eda, que ser\u00eda capaz. Por favor,\u00a0era Juanes. Claro que pod\u00eda\u201d,<\/em><\/strong> record\u00f3 el cantante de\u00a0<em>La camisa negra<\/em>\u00a0y agreg\u00f3 que esa presi\u00f3n<strong><em> \u201cme llev\u00f3 a un colapso nervioso que me oblig\u00f3 a detener abruptamente todas mis actividades para estar en casa con mis hijos.\u00a0Fue la mejor decisi\u00f3n que tom\u00e9 en mi vida\u201d<\/em><\/strong><\/p>\n<\/blockquote>\n\n\n\n<p><strong>Juanes<\/strong>\u00a0asegur\u00f3 que en la actualidad aceptar un tema como la depresi\u00f3n p\u00fablicamente es m\u00e1s com\u00fan, pero que hace trece a\u00f1os <strong><em>\u201cno era normal que se hablara de depresi\u00f3n y\u00a0mucho menos si eras un artista exitoso\u201d<\/em><\/strong>. Seg\u00fan el cantante, en ese momento se cre\u00eda que el \u00e9xito estaba relacionado con una vida perfecta, pero para \u00e9l \u201c<strong><em>el \u00e9xito profesional no garantiza la felicidad\u201d.<\/em><\/strong><\/p>\n\n\n\n<p><strong><em>Con informaci\u00f3n de Infobae<\/em><\/strong><\/p>\n\n\n\n<p><a rel=\"noreferrer noopener\" href=\"https:\/\/www.infobae.com\/colombia\/2023\/08\/30\/estos-son-los-famosos-colombianos-que-han-revelado-sufren-depresion\/\" target=\"_blank\"><\/a><\/p>\n","protected":false},"excerpt":{"rendered":"<p>Juanes se sincer\u00f3 con sus seguidores. A trav\u00e9s de sus redes sociales el cantante colombiano habl\u00f3 de su salud mental y revel\u00f3 que \u00e9l mismo experiment\u00f3 la\u00a0depresi\u00f3n. El int\u00e9rprete de \u00abPara tu amor\u00bb se atrevi\u00f3 a hablar p\u00fablicamente, por primera vez, de su propia experiencia con los problemas de salud mental. \u201cHan pasado muchos a\u00f1os [&hellip;]<\/p>\n","protected":false},"author":5,"featured_media":41650,"comment_status":"closed","ping_status":"closed","sticky":false,"template":"","format":"standard","meta":{"jnews-multi-image_gallery":[],"jnews_single_post":{"subtitle":"","format":"standard","video":"","gallery":"","source_name":"","source_url":"","via_name":"","via_url":"","override_template":"0","override":[{"template":"4","single_blog_custom":"","parallax":"1","fullscreen":"1","layout":"right-sidebar","sidebar":"default-sidebar","second_sidebar":"default-sidebar","sticky_sidebar":"1","share_position":"top","share_float_style":"share-monocrhome","show_share_counter":"1","show_view_counter":"1","show_featured":"1","show_post_meta":"1","show_post_author":"1","show_post_author_image":"1","show_post_date":"1","post_date_format":"default","post_date_format_custom":"Y\/m\/d","show_post_category":"1","show_post_reading_time":"1","post_reading_time_wpm":"300","show_zoom_button":"1","zoom_button_out_step":"2","zoom_button_in_step":"3","show_post_tag":"1","show_prev_next_post":"1","show_popup_post":"1","number_popup_post":"1","show_author_box":"1","show_post_related":"1","show_inline_post_related":"0"}],"override_image_size":"0","image_override":[{"single_post_thumbnail_size":"crop-500","single_post_gallery_size":"crop-500"}],"trending_post":"0","trending_post_position":"meta","trending_post_label":"Trending","sponsored_post":"0","sponsored_post_label":"Sponsored by","sponsored_post_name":"","sponsored_post_url":"","sponsored_post_logo_enable":"0","sponsored_post_logo":"","sponsored_post_desc":"","disable_ad":"0"},"jnews_primary_category":{"id":"","hide":""},"jnews_social_meta":{"fb_title":"","fb_description":"","fb_image":"","twitter_title":"","twitter_description":"","twitter_image":""},"jnews_review":[],"enable_review":"0","type":"percentage","name":"","summary":"","brand":"","sku":"","good":[{"good_text":""}],"bad":[{"bad_text":""}],"score_override":"","override_value":"","rating":[{"rating_text":"","rating_number":"10"}],"price":[{"shop":"","price":"","link":"","icon":""}],"jnews_override_counter":{"override_view_counter":"0","view_counter_number":"0","override_share_counter":"0","share_counter_number":"0","override_like_counter":"0","like_counter_number":"0","override_dislike_counter":"0","dislike_counter_number":"0"},"jnews_post_split":{"enable_post_split":"0","post_split":[{"template":"1","tag":"h2","numbering":"asc","mode":"normal","first":"0","enable_toc":"0","toc_type":"normal"}]},"footnotes":""},"categories":[43,50,1142],"tags":[5471,550],"class_list":["post-41648","post","type-post","status-publish","format-standard","has-post-thumbnail","hentry","category-actualidad","category-entretenimiento","category-musica","tag-juanes","tag-salud-mental"],"_links":{"self":[{"href":"https:\/\/esreviral.com\/index.php?rest_route=\/wp\/v2\/posts\/41648","targetHints":{"allow":["GET"]}}],"collection":[{"href":"https:\/\/esreviral.com\/index.php?rest_route=\/wp\/v2\/posts"}],"about":[{"href":"https:\/\/esreviral.com\/index.php?rest_route=\/wp\/v2\/types\/post"}],"author":[{"embeddable":true,"href":"https:\/\/esreviral.com\/index.php?rest_route=\/wp\/v2\/users\/5"}],"replies":[{"embeddable":true,"href":"https:\/\/esreviral.com\/index.php?rest_route=%2Fwp%2Fv2%2Fcomments&post=41648"}],"version-history":[{"count":0,"href":"https:\/\/esreviral.com\/index.php?rest_route=\/wp\/v2\/posts\/41648\/revisions"}],"wp:featuredmedia":[{"embeddable":true,"href":"https:\/\/esreviral.com\/index.php?rest_route=\/wp\/v2\/media\/41650"}],"wp:attachment":[{"href":"https:\/\/esreviral.com\/index.php?rest_route=%2Fwp%2Fv2%2Fmedia&parent=41648"}],"wp:term":[{"taxonomy":"category","embeddable":true,"href":"https:\/\/esreviral.com\/index.php?rest_route=%2Fwp%2Fv2%2Fcategories&post=41648"},{"taxonomy":"post_tag","embeddable":true,"href":"https:\/\/esreviral.com\/index.php?rest_route=%2Fwp%2Fv2%2Ftags&post=41648"}],"curies":[{"name":"wp","href":"https:\/\/api.w.org\/{rel}","templated":true}]}}