{"id":4160,"date":"2021-02-17T19:52:33","date_gmt":"2021-02-17T22:52:33","guid":{"rendered":"http:\/\/esreviral.com\/?p=4160"},"modified":"2021-02-17T19:52:33","modified_gmt":"2021-02-17T22:52:33","slug":"familiares-y-amigos-de-ursula-bahillo-clamaron-justicia-frente-a-los-tribunales","status":"publish","type":"post","link":"https:\/\/esreviral.com\/?p=4160","title":{"rendered":"Familiares y amigos de \u00darsula Bahillo clamaron justicia frente a los tribunales"},"content":{"rendered":"\n<p>Tal y como estaba previsto, familiares y amigos de v\u00edctimas de violencia de g\u00e9nero, adem\u00e1s de militantes y referentes de organizaciones sociales y estudiantiles, se concentraron frente  los tribunales de Buenos Aires para rechazar el femicidio de \u00darsula Bahillo. <\/p>\n\n\n\n<p>La convocatoria del colectivo feminista titul\u00f3 la protesta \u201c<strong>Por \u00darsula, por todes<\/strong>\u201d, e invit\u00f3 a diferentes agrupaciones e individuos de todo el pa\u00eds a sumarse al reclamo.\u00a0<\/p>\n\n\n\n<p><strong>Patricia Nasutti<\/strong>, la madre de la joven asesinada a pu\u00f1aladas por su ex novio,\u00a0<strong><\/strong> instantes despu\u00e9s de las 15:30 hasta cerca de las 18. Ingres\u00f3 con un cartel que reza \u201cJusticia por \u00darsula\u201d. Tambi\u00e9n participaron del encuentro la ministra de las Mujeres, G\u00e9neros y Diversidad,\u00a0<strong>Elizabeth G\u00f3mez Alcorta<\/strong>; de Justicia,\u00a0<strong>Marcela Losardo<\/strong>; y de Seguridad,\u00a0<strong>Sabrina Frederic<\/strong>.<\/p>\n\n\n\n<p>Cuando finaliz\u00f3 la reuni\u00f3n, habl\u00f3 con la prensa y dijo: \u201cEl Presidente nos recibi\u00f3, estuvimos reunidos dos horas y fuimos muy bien escuchados. Hicimos el pedido que como mam\u00e1 y pap\u00e1 necesitamos, que es ser escuchados para que la Justicia cambie, para que no haya otra \u00darsula.\u00a0<mark><strong>El Presidente nos ha prometido varias cosas, que las va a cumplir<\/strong><\/mark>\u201d.<\/p>\n\n\n\n<p class=\"has-text-align-right\"><strong><em>Con informaci\u00f3n de Infobae.-<\/em><\/strong><\/p>\n","protected":false},"excerpt":{"rendered":"<p>Tal y como estaba previsto, familiares y amigos de v\u00edctimas de violencia de g\u00e9nero, adem\u00e1s de militantes y referentes de organizaciones sociales y estudiantiles, se concentraron frente los tribunales de Buenos Aires para rechazar el femicidio de \u00darsula Bahillo. La convocatoria del colectivo feminista titul\u00f3 la protesta \u201cPor \u00darsula, por todes\u201d, e invit\u00f3 a diferentes [&hellip;]<\/p>\n","protected":false},"author":2,"featured_media":4161,"comment_status":"open","ping_status":"open","sticky":false,"template":"","format":"standard","meta":{"jnews-multi-image_gallery":[],"jnews_single_post":[],"jnews_primary_category":[],"jnews_social_meta":[],"jnews_review":[],"enable_review":"","type":"","name":"","summary":"","brand":"","sku":"","good":[],"bad":[],"score_override":"","override_value":"","rating":[],"price":[],"jnews_override_counter":[],"jnews_post_split":[],"footnotes":""},"categories":[43,58],"tags":[45,126,558],"class_list":["post-4160","post","type-post","status-publish","format-standard","has-post-thumbnail","hentry","category-actualidad","category-argentina","tag-noticias","tag-protesta","tag-ursula"],"amp_enabled":true,"_links":{"self":[{"href":"https:\/\/esreviral.com\/index.php?rest_route=\/wp\/v2\/posts\/4160"}],"collection":[{"href":"https:\/\/esreviral.com\/index.php?rest_route=\/wp\/v2\/posts"}],"about":[{"href":"https:\/\/esreviral.com\/index.php?rest_route=\/wp\/v2\/types\/post"}],"author":[{"embeddable":true,"href":"https:\/\/esreviral.com\/index.php?rest_route=\/wp\/v2\/users\/2"}],"replies":[{"embeddable":true,"href":"https:\/\/esreviral.com\/index.php?rest_route=%2Fwp%2Fv2%2Fcomments&post=4160"}],"version-history":[{"count":0,"href":"https:\/\/esreviral.com\/index.php?rest_route=\/wp\/v2\/posts\/4160\/revisions"}],"wp:featuredmedia":[{"embeddable":true,"href":"https:\/\/esreviral.com\/index.php?rest_route=\/"}],"wp:attachment":[{"href":"https:\/\/esreviral.com\/index.php?rest_route=%2Fwp%2Fv2%2Fmedia&parent=4160"}],"wp:term":[{"taxonomy":"category","embeddable":true,"href":"https:\/\/esreviral.com\/index.php?rest_route=%2Fwp%2Fv2%2Fcategories&post=4160"},{"taxonomy":"post_tag","embeddable":true,"href":"https:\/\/esreviral.com\/index.php?rest_route=%2Fwp%2Fv2%2Ftags&post=4160"}],"curies":[{"name":"wp","href":"https:\/\/api.w.org\/{rel}","templated":true}]}}