{"id":41570,"date":"2023-08-29T16:59:41","date_gmt":"2023-08-29T21:59:41","guid":{"rendered":"https:\/\/esreviral.com\/?p=41570"},"modified":"2023-08-29T16:59:41","modified_gmt":"2023-08-29T21:59:41","slug":"hermanos-venezolanos-quedaron-campeones-nacionales-en-taekwondo","status":"publish","type":"post","link":"https:\/\/esreviral.com\/?p=41570","title":{"rendered":"Hermanos venezolanos quedaron campeones nacionales en Taekwondo"},"content":{"rendered":"\n<p><strong><em>CIS.-<\/em><\/strong> Desde hace un a\u00f1o y tres meses los hermanos Gabriela y V\u00edctor Ledezma iniciaron sus entrenamientos de Taekwondo en Argentina, su esfuerzo ha sido tal que el pasado 19 de agosto ambos lograron coronarse como campeones nacionales en un tornel que se realiz\u00f3 en Villa Carlos Paz de C\u00f3rdoba. <\/p>\n\n\n\n<p>El adolescente particip\u00f3 en la categor\u00eda de 14 y 15 a\u00f1os de edad de 55 kilogramos con cintur\u00f3n azul a azul punta rojo y tras varios combates se alz\u00f3 con el primer lugar en lucha. Cabe destacar que en el mes de mayo<a href=\"https:\/\/esreviral.com\/joven-venezolano-se-titulo-campeon-panamericano-de-taekwondo\/\"> se hab\u00eda consolidado como campe\u00f3n panamericano.<\/a><\/p>\n\n\n\n<p>Mientras que Gabriela estuvo en la categor\u00eda de 12 y 13 a\u00f1os de edad en cintur\u00f3n rojo y rojo punta negra y se alz\u00f3 como campeona en formas y segundo lugar en lucha.<\/p>\n\n\n\n<figure class=\"wp-block-image size-large\"><img fetchpriority=\"high\" decoding=\"async\" width=\"768\" height=\"1024\" src=\"https:\/\/esreviral.com\/wp-content\/uploads\/2023\/08\/2908erv4-768x1024.webp\" alt=\"\" class=\"wp-image-41571\" srcset=\"https:\/\/esreviral.com\/wp-content\/uploads\/2023\/08\/2908erv4-768x1024.webp 768w, https:\/\/esreviral.com\/wp-content\/uploads\/2023\/08\/2908erv4-225x300.webp 225w, https:\/\/esreviral.com\/wp-content\/uploads\/2023\/08\/2908erv4-1152x1536.webp 1152w, https:\/\/esreviral.com\/wp-content\/uploads\/2023\/08\/2908erv4-1536x2048.webp 1536w, https:\/\/esreviral.com\/wp-content\/uploads\/2023\/08\/2908erv4-750x1000.webp 750w, https:\/\/esreviral.com\/wp-content\/uploads\/2023\/08\/2908erv4-1140x1520.webp 1140w, https:\/\/esreviral.com\/wp-content\/uploads\/2023\/08\/2908erv4-scaled.webp 1920w\" sizes=\"(max-width: 768px) 100vw, 768px\" \/><\/figure>\n","protected":false},"excerpt":{"rendered":"<p>CIS.- Desde hace un a\u00f1o y tres meses los hermanos Gabriela y V\u00edctor Ledezma iniciaron sus entrenamientos de Taekwondo en Argentina, su esfuerzo ha sido tal que el pasado 19 de agosto ambos lograron coronarse como campeones nacionales en un tornel que se realiz\u00f3 en Villa Carlos Paz de C\u00f3rdoba. El adolescente particip\u00f3 en la [&hellip;]<\/p>\n","protected":false},"author":2,"featured_media":41571,"comment_status":"closed","ping_status":"closed","sticky":false,"template":"","format":"standard","meta":{"jnews-multi-image_gallery":[],"jnews_single_post":{"subtitle":"","format":"standard","video":"","gallery":"","source_name":"","source_url":"","via_name":"","via_url":"","override_template":"0","override":[{"template":"4","single_blog_custom":"","parallax":"1","fullscreen":"1","layout":"right-sidebar","sidebar":"default-sidebar","second_sidebar":"default-sidebar","sticky_sidebar":"1","share_position":"top","share_float_style":"share-monocrhome","show_share_counter":"1","show_view_counter":"1","show_featured":"1","show_post_meta":"1","show_post_author":"1","show_post_author_image":"1","show_post_date":"1","post_date_format":"default","post_date_format_custom":"Y\/m\/d","show_post_category":"1","show_post_reading_time":"1","post_reading_time_wpm":"300","show_zoom_button":"1","zoom_button_out_step":"2","zoom_button_in_step":"3","show_post_tag":"1","show_prev_next_post":"1","show_popup_post":"1","number_popup_post":"1","show_author_box":"1","show_post_related":"1","show_inline_post_related":"0"}],"override_image_size":"0","image_override":[{"single_post_thumbnail_size":"crop-500","single_post_gallery_size":"crop-500"}],"trending_post":"0","trending_post_position":"meta","trending_post_label":"Trending","sponsored_post":"0","sponsored_post_label":"Sponsored by","sponsored_post_name":"","sponsored_post_url":"","sponsored_post_logo_enable":"0","sponsored_post_logo":"","sponsored_post_desc":"","disable_ad":"0"},"jnews_primary_category":{"id":"","hide":""},"jnews_social_meta":{"fb_title":"","fb_description":"","fb_image":"","twitter_title":"","twitter_description":"","twitter_image":""},"jnews_review":[],"enable_review":"0","type":"percentage","name":"","summary":"","brand":"","sku":"","good":[{"good_text":""}],"bad":[{"bad_text":""}],"score_override":"","override_value":"","rating":[{"rating_text":"","rating_number":"10"}],"price":[{"shop":"","price":"","link":"","icon":""}],"jnews_override_counter":{"override_view_counter":"0","view_counter_number":"0","override_share_counter":"0","share_counter_number":"0","override_like_counter":"0","like_counter_number":"0","override_dislike_counter":"0","dislike_counter_number":"0"},"jnews_post_split":{"enable_post_split":"0","post_split":[{"template":"1","tag":"h2","numbering":"asc","mode":"normal","first":"0","enable_toc":"0","toc_type":"normal"}]},"footnotes":""},"categories":[48,5892],"tags":[45,2239,67],"class_list":["post-41570","post","type-post","status-publish","format-standard","has-post-thumbnail","hentry","category-deportes","category-venezolanos-en-argentina","tag-noticias","tag-taekwondo","tag-venezolanos-en-argentina"],"amp_enabled":true,"_links":{"self":[{"href":"https:\/\/esreviral.com\/index.php?rest_route=\/wp\/v2\/posts\/41570"}],"collection":[{"href":"https:\/\/esreviral.com\/index.php?rest_route=\/wp\/v2\/posts"}],"about":[{"href":"https:\/\/esreviral.com\/index.php?rest_route=\/wp\/v2\/types\/post"}],"author":[{"embeddable":true,"href":"https:\/\/esreviral.com\/index.php?rest_route=\/wp\/v2\/users\/2"}],"replies":[{"embeddable":true,"href":"https:\/\/esreviral.com\/index.php?rest_route=%2Fwp%2Fv2%2Fcomments&post=41570"}],"version-history":[{"count":0,"href":"https:\/\/esreviral.com\/index.php?rest_route=\/wp\/v2\/posts\/41570\/revisions"}],"wp:featuredmedia":[{"embeddable":true,"href":"https:\/\/esreviral.com\/index.php?rest_route=\/wp\/v2\/media\/41571"}],"wp:attachment":[{"href":"https:\/\/esreviral.com\/index.php?rest_route=%2Fwp%2Fv2%2Fmedia&parent=41570"}],"wp:term":[{"taxonomy":"category","embeddable":true,"href":"https:\/\/esreviral.com\/index.php?rest_route=%2Fwp%2Fv2%2Fcategories&post=41570"},{"taxonomy":"post_tag","embeddable":true,"href":"https:\/\/esreviral.com\/index.php?rest_route=%2Fwp%2Fv2%2Ftags&post=41570"}],"curies":[{"name":"wp","href":"https:\/\/api.w.org\/{rel}","templated":true}]}}