{"id":4157,"date":"2021-02-17T19:47:26","date_gmt":"2021-02-17T22:47:26","guid":{"rendered":"http:\/\/esreviral.com\/?p=4157"},"modified":"2021-02-17T19:47:26","modified_gmt":"2021-02-17T22:47:26","slug":"a-partir-de-marzo-habra-que-registrar-los-contratos-del-alquiler-en-la-afip","status":"publish","type":"post","link":"https:\/\/esreviral.com\/?p=4157","title":{"rendered":"A partir de marzo habr\u00e1 que registrar los contratos del alquiler en la AFIP"},"content":{"rendered":"\n<p>El 2021 comenz\u00f3 con novedades en el sector inmobiliario.&nbsp;<strong>Es que la AFIP reglament\u00f3 el r\u00e9gimen de registro de contratos de locaci\u00f3n de inmuebles previsto en la Ley 27.551 y empezar\u00e1 a implementarse a partir de marzo.<\/strong><\/p>\n\n\n\n<p>\u201cLa herramienta permitir\u00e1 obtener informaci\u00f3n relevante para<strong>&nbsp;verificar el cumplimiento<\/strong>&nbsp;de las obligaciones fiscales de los sujetos intervinientes en distintas operaciones\u201d, explica el ente recaudador en un comunicado.<\/p>\n\n\n\n<p>La novedad<strong>\u00a0afecta a los contribuyentes que asuman el car\u00e1cter de locadores o arrendadores en los contratos, que, a partir de ahora, quedan obligados a inscribirlos.<\/strong>\u00a0Los intermediarios (corredores, inmobiliarias y escribanos) podr\u00e1n hacer el registro en representaci\u00f3n de sus clientes.<\/p>\n\n\n\n<p><strong>La medida comenzar\u00e1 a regir a partir del 1 de marzo y ser\u00e1 para aquellos contratos que se hayan efectuado a partir del 1\u00b0 de julio de 2020 y que contin\u00faen vigentes.<\/strong>&nbsp;Tambi\u00e9n incluyen a aquellos que se hayan concretado durante el tercer mes del a\u00f1o, y gozar\u00e1n de un plazo excepcional para registrarlos hasta el 15 de abril de 2021 inclusive.<\/p>\n\n\n\n<p><strong>\u201cCon el registro de contratos de alquiler en AFIP se abre una nueva etapa en las pol\u00edticas de vivienda en Argentina,<\/strong>&nbsp;ya que se podr\u00e1 saber qui\u00e9nes conforman el negocio del acceso a la vivienda y qui\u00e9nes alquilan y bajo qu\u00e9 condiciones\u201d, advierte Gervasio Mu\u00f1oz, presidente de la Federaci\u00f3n de Inquilinos.<\/p>\n\n\n\n<p>Por otra parte, el titular de la entidad reconoci\u00f3 que es \u201cuna medida fundamental para que los gobiernos puedan llevar adelante pol\u00edticas p\u00fablicas para mejorar las condiciones del acceso a la vivienda\u201d.<\/p>\n\n\n\n<p class=\"has-text-align-right\"><strong><em>La Naci\u00f3n.-<\/em><\/strong><\/p>\n","protected":false},"excerpt":{"rendered":"<p>El 2021 comenz\u00f3 con novedades en el sector inmobiliario.&nbsp;Es que la AFIP reglament\u00f3 el r\u00e9gimen de registro de contratos de locaci\u00f3n de inmuebles previsto en la Ley 27.551 y empezar\u00e1 a implementarse a partir de marzo. \u201cLa herramienta permitir\u00e1 obtener informaci\u00f3n relevante para&nbsp;verificar el cumplimiento&nbsp;de las obligaciones fiscales de los sujetos intervinientes en distintas operaciones\u201d, [&hellip;]<\/p>\n","protected":false},"author":2,"featured_media":4158,"comment_status":"open","ping_status":"open","sticky":false,"template":"","format":"standard","meta":{"jnews-multi-image_gallery":[],"jnews_single_post":[],"jnews_primary_category":[],"jnews_social_meta":[],"jnews_review":[],"enable_review":"","type":"","name":"","summary":"","brand":"","sku":"","good":[],"bad":[],"score_override":"","override_value":"","rating":[],"price":[],"jnews_override_counter":[],"jnews_post_split":[],"footnotes":""},"categories":[58],"tags":[513,123,45],"class_list":["post-4157","post","type-post","status-publish","format-standard","has-post-thumbnail","hentry","category-argentina","tag-alquileres","tag-informacion","tag-noticias"],"amp_enabled":true,"_links":{"self":[{"href":"https:\/\/esreviral.com\/index.php?rest_route=\/wp\/v2\/posts\/4157"}],"collection":[{"href":"https:\/\/esreviral.com\/index.php?rest_route=\/wp\/v2\/posts"}],"about":[{"href":"https:\/\/esreviral.com\/index.php?rest_route=\/wp\/v2\/types\/post"}],"author":[{"embeddable":true,"href":"https:\/\/esreviral.com\/index.php?rest_route=\/wp\/v2\/users\/2"}],"replies":[{"embeddable":true,"href":"https:\/\/esreviral.com\/index.php?rest_route=%2Fwp%2Fv2%2Fcomments&post=4157"}],"version-history":[{"count":0,"href":"https:\/\/esreviral.com\/index.php?rest_route=\/wp\/v2\/posts\/4157\/revisions"}],"wp:featuredmedia":[{"embeddable":true,"href":"https:\/\/esreviral.com\/index.php?rest_route=\/"}],"wp:attachment":[{"href":"https:\/\/esreviral.com\/index.php?rest_route=%2Fwp%2Fv2%2Fmedia&parent=4157"}],"wp:term":[{"taxonomy":"category","embeddable":true,"href":"https:\/\/esreviral.com\/index.php?rest_route=%2Fwp%2Fv2%2Fcategories&post=4157"},{"taxonomy":"post_tag","embeddable":true,"href":"https:\/\/esreviral.com\/index.php?rest_route=%2Fwp%2Fv2%2Ftags&post=4157"}],"curies":[{"name":"wp","href":"https:\/\/api.w.org\/{rel}","templated":true}]}}