{"id":41565,"date":"2023-08-29T16:10:44","date_gmt":"2023-08-29T21:10:44","guid":{"rendered":"https:\/\/esreviral.com\/?p=41565"},"modified":"2023-08-29T16:10:45","modified_gmt":"2023-08-29T21:10:45","slug":"un-alumno-entro-a-una-escuela-de-escobar-con-un-machete-e-hirio-a-una-maestra-y-a-una-companera","status":"publish","type":"post","link":"https:\/\/esreviral.com\/?p=41565","title":{"rendered":"Un alumno entr\u00f3 a una escuela de Escobar con un machete e hiri\u00f3 a una maestra y a una compa\u00f1era"},"content":{"rendered":"\n<p>Minutos despu\u00e9s de las 8 de este martes, se registr\u00f3 un violento episodio en una escuela de\u00a0<strong>Escobar<\/strong>\u00a0cuando uno de los estudiantes, de 14 a\u00f1os de edad,<strong>\u00a0agredi\u00f3 e hiri\u00f3 con un machete<\/strong>\u00a0a una de sus profesoras y a una compa\u00f1era, seg\u00fan inform\u00f3 Infobae.<\/p>\n\n\n\n<p>El hecho ocurri\u00f3 en la Escuela Secundaria del Lago (N\u00b02220), que funciona en el barrio parque El Cazador, dentro del country CUBE (Centro Urbano Barrancas de Escobar), a orillas del r\u00edo Luj\u00e1n. Luego de la conmoci\u00f3n generada inicialmente, las v\u00edctimas fueron atendidas por personal del SAME, que comprob\u00f3 que l<strong>as heridas no fueron de gravedad,<\/strong>\u00a0inform\u00f3 la municipalidad en un comunicado.<\/p>\n\n\n\n<p>Por razones que a\u00fan se desconocen y est\u00e1n siendo investigadas por la Justicia, el chico atac\u00f3 a una estudiante de su mismo curso,<strong>\u00a0provoc\u00e1ndole un corte en una de sus manos.<\/strong>\u00a0En ese momento intervino la docente, quien recibi\u00f3\u00a0<strong>una herida similar en una ceja<\/strong>\u00a0cuando intent\u00f3 detener el ataque.<\/p>\n\n\n\n<p class=\"has-text-align-right\"><strong>Infobae.-<\/strong><\/p>\n","protected":false},"excerpt":{"rendered":"<p>Minutos despu\u00e9s de las 8 de este martes, se registr\u00f3 un violento episodio en una escuela de\u00a0Escobar\u00a0cuando uno de los estudiantes, de 14 a\u00f1os de edad,\u00a0agredi\u00f3 e hiri\u00f3 con un machete\u00a0a una de sus profesoras y a una compa\u00f1era, seg\u00fan inform\u00f3 Infobae. El hecho ocurri\u00f3 en la Escuela Secundaria del Lago (N\u00b02220), que funciona en [&hellip;]<\/p>\n","protected":false},"author":2,"featured_media":41566,"comment_status":"open","ping_status":"closed","sticky":false,"template":"","format":"standard","meta":{"jnews-multi-image_gallery":[],"jnews_single_post":{"subtitle":"","format":"standard","video":"","gallery":"","source_name":"","source_url":"","via_name":"","via_url":"","override_template":"0","override":[{"template":"4","single_blog_custom":"","parallax":"1","fullscreen":"1","layout":"right-sidebar","sidebar":"default-sidebar","second_sidebar":"default-sidebar","sticky_sidebar":"1","share_position":"top","share_float_style":"share-monocrhome","show_share_counter":"1","show_view_counter":"1","show_featured":"1","show_post_meta":"1","show_post_author":"1","show_post_author_image":"1","show_post_date":"1","post_date_format":"default","post_date_format_custom":"Y\/m\/d","show_post_category":"1","show_post_reading_time":"1","post_reading_time_wpm":"300","show_zoom_button":"1","zoom_button_out_step":"2","zoom_button_in_step":"3","show_post_tag":"1","show_prev_next_post":"1","show_popup_post":"1","number_popup_post":"1","show_author_box":"1","show_post_related":"1","show_inline_post_related":"0"}],"override_image_size":"0","image_override":[{"single_post_thumbnail_size":"crop-500","single_post_gallery_size":"crop-500"}],"trending_post":"0","trending_post_position":"meta","trending_post_label":"Trending","sponsored_post":"0","sponsored_post_label":"Sponsored by","sponsored_post_name":"","sponsored_post_url":"","sponsored_post_logo_enable":"0","sponsored_post_logo":"","sponsored_post_desc":"","disable_ad":"0"},"jnews_primary_category":{"id":"","hide":""},"jnews_social_meta":{"fb_title":"","fb_description":"","fb_image":"","twitter_title":"","twitter_description":"","twitter_image":""},"jnews_review":[],"enable_review":"0","type":"percentage","name":"","summary":"","brand":"","sku":"","good":[{"good_text":""}],"bad":[{"bad_text":""}],"score_override":"","override_value":"","rating":[{"rating_text":"","rating_number":"10"}],"price":[{"shop":"","price":"","link":"","icon":""}],"jnews_override_counter":{"override_view_counter":"0","view_counter_number":"0","override_share_counter":"0","share_counter_number":"0","override_like_counter":"0","like_counter_number":"0","override_dislike_counter":"0","dislike_counter_number":"0"},"jnews_post_split":{"enable_post_split":"0","post_split":[{"template":"1","tag":"h2","numbering":"asc","mode":"normal","first":"0","enable_toc":"0","toc_type":"normal"}]},"footnotes":""},"categories":[64],"tags":[12119,12120,363],"class_list":["post-41565","post","type-post","status-publish","format-standard","has-post-thumbnail","hentry","category-sucesos","tag-escobar","tag-machete","tag-provincia-de-buenos-aires"],"amp_enabled":true,"_links":{"self":[{"href":"https:\/\/esreviral.com\/index.php?rest_route=\/wp\/v2\/posts\/41565"}],"collection":[{"href":"https:\/\/esreviral.com\/index.php?rest_route=\/wp\/v2\/posts"}],"about":[{"href":"https:\/\/esreviral.com\/index.php?rest_route=\/wp\/v2\/types\/post"}],"author":[{"embeddable":true,"href":"https:\/\/esreviral.com\/index.php?rest_route=\/wp\/v2\/users\/2"}],"replies":[{"embeddable":true,"href":"https:\/\/esreviral.com\/index.php?rest_route=%2Fwp%2Fv2%2Fcomments&post=41565"}],"version-history":[{"count":0,"href":"https:\/\/esreviral.com\/index.php?rest_route=\/wp\/v2\/posts\/41565\/revisions"}],"wp:featuredmedia":[{"embeddable":true,"href":"https:\/\/esreviral.com\/index.php?rest_route=\/wp\/v2\/media\/41566"}],"wp:attachment":[{"href":"https:\/\/esreviral.com\/index.php?rest_route=%2Fwp%2Fv2%2Fmedia&parent=41565"}],"wp:term":[{"taxonomy":"category","embeddable":true,"href":"https:\/\/esreviral.com\/index.php?rest_route=%2Fwp%2Fv2%2Fcategories&post=41565"},{"taxonomy":"post_tag","embeddable":true,"href":"https:\/\/esreviral.com\/index.php?rest_route=%2Fwp%2Fv2%2Ftags&post=41565"}],"curies":[{"name":"wp","href":"https:\/\/api.w.org\/{rel}","templated":true}]}}