{"id":41523,"date":"2023-08-29T07:42:24","date_gmt":"2023-08-29T12:42:24","guid":{"rendered":"https:\/\/esreviral.com\/?p=41523"},"modified":"2023-08-29T07:42:25","modified_gmt":"2023-08-29T12:42:25","slug":"analistas-dicen-que-el-plan-de-massa-compensara-la-devaluacion-por-poco-tiempo-ante-la-aceleracion-de-la-inflacion","status":"publish","type":"post","link":"https:\/\/esreviral.com\/?p=41523","title":{"rendered":"Analistas dicen que el plan de Massa compensar\u00e1 la devaluaci\u00f3n por poco tiempo ante la aceleraci\u00f3n de la inflaci\u00f3n"},"content":{"rendered":"\n<p>De acuerdo a los especialistas, los planes anunciados por Sergio Massa durante el fin de semana compensar\u00e1 la devaluaci\u00f3n por poco tiempo y\u00a0<strong>el impacto se<\/strong>\u00a0\u00ab<strong>licuar\u00e1\u00bb r\u00e1pidamente ante la aceleraci\u00f3n de la inflaci\u00f3n<\/strong>.<\/p>\n\n\n\n<p><strong>La bater\u00eda de medidas despert\u00f3 un\u00a0fuerte rechazo\u00a0en las entidades\u00a0que representan al sector empresario\u00a0-como la UIA, la C\u00e1mara de Comercio y la CAME-, pero tambi\u00e9n gener\u00f3 inquietudes entre los economistas, que advirtieron sobre el efecto que generar\u00e1 en el bolsillo de los distintos sectores como as\u00ed tambi\u00e9n en las cuentas fiscales nacionales.<\/strong><\/p>\n\n\n\n<blockquote class=\"wp-block-quote is-layout-flow wp-block-quote-is-layout-flow\">\n<p><strong><em>\u201cMassa dej\u00f3 su rol de ministro yse puso el traje de candidato liso y llano.\u00a0Hasta ahora hizo lo que hace un ministro de Econom\u00eda en una crisis, con un acuerdo con el Fondo Monetario Internacional (FMI) con compromisos. La devaluaci\u00f3n aceler\u00f3 los precios para agosto y septiembre, y eso impact\u00f3 muy claramente en los ingresos de toda la poblaci\u00f3n. De lo que se trata es de\u00a0paliar con pocas probabilidades de \u00e9xito\u00a0esas decisiones duras que un ministro de Econom\u00eda tiene que tomar\u201d<\/em><\/strong>, analiz\u00f3 el director de\u00a0<em>Analytica<\/em>, Ricardo Delgado, en di\u00e1logo con\u00a0<strong>TN<\/strong>.<\/p>\n<\/blockquote>\n\n\n\n<p>Y aclar\u00f3 que esos ingresos para mejorar el poder de compra<strong><em>\u00a0\u201cno van a ser demasiado significativos\u201d\u00a0<\/em><\/strong>justamente por la inflaci\u00f3n. \u201c<strong><em>La ilusi\u00f3n monetaria hace que sea eso,\u00a0una ilusi\u00f3n. Y menos sectores creen en esa ilusi\u00f3n. Evidentemente,\u00a0la posibilidad de que tenga un impacto sobre la demanda real de bienes y servicios es baja\u201d, <\/em><\/strong>continu\u00f3.<\/p>\n\n\n\n<p>Por otra parte, los analistas plantearon que no son disposiciones que ser\u00e1n suficientes para hacer frente a la inflaci\u00f3n de los pr\u00f3ximos meses y que, adem\u00e1s,\u00a0sumar\u00e1n m\u00e1s complicaciones al frente fiscal, ya presionado por el\u00a0pedido expl\u00edcito del FMI de\u00a0reducir un 11% el gasto en los pr\u00f3ximos cuatro meses.<\/p>\n\n\n\n<p><strong>En el Palacio de Hacienda calcularon que estas \u00faltimas disposiciones requerir\u00e1n\u00a0$729.000 millones, lo cual tensa a\u00fan m\u00e1s el compromiso de reducir el d\u00e9ficit fiscal que se asumi\u00f3 con el Fondo Monetario internacional (FMI).<\/strong><\/p>\n\n\n\n<p><strong><em>Con informaci\u00f3n de TN<\/em><\/strong><\/p>\n","protected":false},"excerpt":{"rendered":"<p>De acuerdo a los especialistas, los planes anunciados por Sergio Massa durante el fin de semana compensar\u00e1 la devaluaci\u00f3n por poco tiempo y\u00a0el impacto se\u00a0\u00ablicuar\u00e1\u00bb r\u00e1pidamente ante la aceleraci\u00f3n de la inflaci\u00f3n. La bater\u00eda de medidas despert\u00f3 un\u00a0fuerte rechazo\u00a0en las entidades\u00a0que representan al sector empresario\u00a0-como la UIA, la C\u00e1mara de Comercio y la CAME-, pero [&hellip;]<\/p>\n","protected":false},"author":5,"featured_media":41524,"comment_status":"closed","ping_status":"closed","sticky":false,"template":"","format":"standard","meta":{"jnews-multi-image_gallery":[],"jnews_single_post":{"subtitle":"","format":"standard","video":"","gallery":"","source_name":"","source_url":"","via_name":"","via_url":"","override_template":"0","override":[{"template":"4","single_blog_custom":"","parallax":"1","fullscreen":"1","layout":"right-sidebar","sidebar":"default-sidebar","second_sidebar":"default-sidebar","sticky_sidebar":"1","share_position":"top","share_float_style":"share-monocrhome","show_share_counter":"1","show_view_counter":"1","show_featured":"1","show_post_meta":"1","show_post_author":"1","show_post_author_image":"1","show_post_date":"1","post_date_format":"default","post_date_format_custom":"Y\/m\/d","show_post_category":"1","show_post_reading_time":"1","post_reading_time_wpm":"300","show_zoom_button":"1","zoom_button_out_step":"2","zoom_button_in_step":"3","show_post_tag":"1","show_prev_next_post":"1","show_popup_post":"1","number_popup_post":"1","show_author_box":"1","show_post_related":"1","show_inline_post_related":"0"}],"override_image_size":"0","image_override":[{"single_post_thumbnail_size":"crop-500","single_post_gallery_size":"crop-500"}],"trending_post":"0","trending_post_position":"meta","trending_post_label":"Trending","sponsored_post":"0","sponsored_post_label":"Sponsored by","sponsored_post_name":"","sponsored_post_url":"","sponsored_post_logo_enable":"0","sponsored_post_logo":"","sponsored_post_desc":"","disable_ad":"0"},"jnews_primary_category":{"id":"","hide":""},"jnews_social_meta":{"fb_title":"","fb_description":"","fb_image":"","twitter_title":"","twitter_description":"","twitter_image":""},"jnews_review":[],"enable_review":"0","type":"percentage","name":"","summary":"","brand":"","sku":"","good":[{"good_text":""}],"bad":[{"bad_text":""}],"score_override":"","override_value":"","rating":[{"rating_text":"","rating_number":"10"}],"price":[{"shop":"","price":"","link":"","icon":""}],"jnews_override_counter":{"override_view_counter":"0","view_counter_number":"0","override_share_counter":"0","share_counter_number":"0","override_like_counter":"0","like_counter_number":"0","override_dislike_counter":"0","dislike_counter_number":"0"},"jnews_post_split":{"enable_post_split":"0","post_split":[{"template":"1","tag":"h2","numbering":"asc","mode":"normal","first":"0","enable_toc":"0","toc_type":"normal"}]},"footnotes":""},"categories":[43,58,61],"tags":[44,62,268],"class_list":["post-41523","post","type-post","status-publish","format-standard","has-post-thumbnail","hentry","category-actualidad","category-argentina","category-economia","tag-argentina","tag-economia","tag-inflacion"],"amp_enabled":true,"_links":{"self":[{"href":"https:\/\/esreviral.com\/index.php?rest_route=\/wp\/v2\/posts\/41523"}],"collection":[{"href":"https:\/\/esreviral.com\/index.php?rest_route=\/wp\/v2\/posts"}],"about":[{"href":"https:\/\/esreviral.com\/index.php?rest_route=\/wp\/v2\/types\/post"}],"author":[{"embeddable":true,"href":"https:\/\/esreviral.com\/index.php?rest_route=\/wp\/v2\/users\/5"}],"replies":[{"embeddable":true,"href":"https:\/\/esreviral.com\/index.php?rest_route=%2Fwp%2Fv2%2Fcomments&post=41523"}],"version-history":[{"count":0,"href":"https:\/\/esreviral.com\/index.php?rest_route=\/wp\/v2\/posts\/41523\/revisions"}],"wp:featuredmedia":[{"embeddable":true,"href":"https:\/\/esreviral.com\/index.php?rest_route=\/wp\/v2\/media\/41524"}],"wp:attachment":[{"href":"https:\/\/esreviral.com\/index.php?rest_route=%2Fwp%2Fv2%2Fmedia&parent=41523"}],"wp:term":[{"taxonomy":"category","embeddable":true,"href":"https:\/\/esreviral.com\/index.php?rest_route=%2Fwp%2Fv2%2Fcategories&post=41523"},{"taxonomy":"post_tag","embeddable":true,"href":"https:\/\/esreviral.com\/index.php?rest_route=%2Fwp%2Fv2%2Ftags&post=41523"}],"curies":[{"name":"wp","href":"https:\/\/api.w.org\/{rel}","templated":true}]}}