{"id":41514,"date":"2023-08-29T07:14:35","date_gmt":"2023-08-29T12:14:35","guid":{"rendered":"https:\/\/esreviral.com\/?p=41514"},"modified":"2023-08-29T07:14:36","modified_gmt":"2023-08-29T12:14:36","slug":"alberto-fernandez-se-metio-en-la-campana-y-apunto-contra-javier-milei","status":"publish","type":"post","link":"https:\/\/esreviral.com\/?p=41514","title":{"rendered":"Al\u00adber\u00adto Fer\u00adn\u00e1n\u00addez se me\u00adti\u00f3 en la cam\u00adpa\u00ad\u00f1a y apun\u00adt\u00f3 contra Javier Mi\u00adlei"},"content":{"rendered":"\n<p>A dos meses de la elecciones generales de octubre, ayer Alberto Fern\u00e1ndez se meti\u00f3 en la campa\u00f1a electoral y, sin mencionarlo, apunt\u00f3 contra Javier Milei, quien se impuso en las \u00faltimas PASO y termin\u00f3 como el candidato m\u00e1s votado en todo el pa\u00eds.<\/p>\n\n\n\n<p>En la apertura del XXVII Congreso Nacional del Agua, el mandatario sostuvo que actualmente <strong><em>\u00abestamos en un tiempo\u00bb donde los \u00abnegacionistas no s\u00f3lo niegan la existencia del terrorismo de Estado\u00bb sino tambi\u00e9n la \u00abexistencia del cambio clim\u00e1tico\u00bb. <\/em><\/strong><\/p>\n\n\n\n<p>En la ceremonia celebrada en el Centro Cultural Kirchner, Fern\u00e1ndez lament\u00f3 que a los negacionistas <strong><em>\u00abparece que les va bien\u00bb <\/em><\/strong>y cuestion\u00f3 que para esos sectores<strong><em> \u00abel verdadero secreto parece ser c\u00f3mo algunos acumulan d\u00f3lares y riquezas mientras otros se mueren por falta de agua; nosotros no queremos eso\u00bb<\/em><\/strong>. <\/p>\n\n\n\n<p>En distintas declaraciones medi\u00e1ticas, Javier Milei neg\u00f3 reiteradas veces el cambio clim\u00e1tico. A tal punto que en una entrevista realizada en 2021, cuando era precandidato a diputado por la Ciudad, sostuvo que se trata de<strong><em> \u00abotra mentira del socialismo\u00bb, <\/em><\/strong>con el objetivo de<strong><em> \u00absembrar miedo\u00bb.<\/em><\/strong> En su discurso, Alberto Fern\u00e1ndez remarc\u00f3 el aval cient\u00edfico detr\u00e1s de la existencia del cambio clim\u00e1tico. <\/p>\n\n\n\n<blockquote class=\"wp-block-quote is-layout-flow wp-block-quote-is-layout-flow\">\n<p><strong><em>\u00abNo es un tema religioso, es un tema cient\u00edfico. Est\u00e1 definitivamente comprobado c\u00f3mo el consumo de energ\u00edas f\u00f3siles fue recalentando el globo terr\u00e1queo y c\u00f3mo con ese recalentamiento se generaron enormes sequ\u00edas, deshielos en los polos y glaciares, baja en los mares y sequ\u00eda en los r\u00edos\u00bb<\/em><\/strong>, se\u00f1al\u00f3 Fern\u00e1ndez. <\/p>\n<\/blockquote>\n\n\n\n<p>Adem\u00e1s advirti\u00f3 que<strong><em> \u00abes inadmisible que en el siglo XXI a los seres humanos les falte el agua para vivir\u00bb, y sostuvo que esa problem\u00e1tica no es s\u00f3lo por efecto del cambio clim\u00e1tico sino por la \u00abfalta de reacci\u00f3n\u00bb<\/em><\/strong>. <\/p>\n\n\n\n<p>Estas declaraciones las dio en el marco del XXVII Conagua, encuentro t\u00e9cnico-cient\u00edfico y de gesti\u00f3n del agua de mayor tradici\u00f3n en la Argentina, y que cubre todas las tem\u00e1ticas dentro de los recursos h\u00eddricos con una perspectiva nacional y federal. <\/p>\n\n\n\n<p><strong><em>Con informaci\u00f3n de Agencias<\/em><\/strong><\/p>\n","protected":false},"excerpt":{"rendered":"<p>A dos meses de la elecciones generales de octubre, ayer Alberto Fern\u00e1ndez se meti\u00f3 en la campa\u00f1a electoral y, sin mencionarlo, apunt\u00f3 contra Javier Milei, quien se impuso en las \u00faltimas PASO y termin\u00f3 como el candidato m\u00e1s votado en todo el pa\u00eds. En la apertura del XXVII Congreso Nacional del Agua, el mandatario sostuvo [&hellip;]<\/p>\n","protected":false},"author":5,"featured_media":41515,"comment_status":"closed","ping_status":"closed","sticky":false,"template":"","format":"standard","meta":{"jnews-multi-image_gallery":[],"jnews_single_post":{"subtitle":"","format":"standard","video":"","gallery":"","source_name":"","source_url":"","via_name":"","via_url":"","override_template":"0","override":[{"template":"4","single_blog_custom":"","parallax":"1","fullscreen":"1","layout":"right-sidebar","sidebar":"default-sidebar","second_sidebar":"default-sidebar","sticky_sidebar":"1","share_position":"top","share_float_style":"share-monocrhome","show_share_counter":"1","show_view_counter":"1","show_featured":"1","show_post_meta":"1","show_post_author":"1","show_post_author_image":"1","show_post_date":"1","post_date_format":"default","post_date_format_custom":"Y\/m\/d","show_post_category":"1","show_post_reading_time":"1","post_reading_time_wpm":"300","show_zoom_button":"1","zoom_button_out_step":"2","zoom_button_in_step":"3","show_post_tag":"1","show_prev_next_post":"1","show_popup_post":"1","number_popup_post":"1","show_author_box":"1","show_post_related":"1","show_inline_post_related":"0"}],"override_image_size":"0","image_override":[{"single_post_thumbnail_size":"crop-500","single_post_gallery_size":"crop-500"}],"trending_post":"0","trending_post_position":"meta","trending_post_label":"Trending","sponsored_post":"0","sponsored_post_label":"Sponsored by","sponsored_post_name":"","sponsored_post_url":"","sponsored_post_logo_enable":"0","sponsored_post_logo":"","sponsored_post_desc":"","disable_ad":"0"},"jnews_primary_category":{"id":"","hide":""},"jnews_social_meta":{"fb_title":"","fb_description":"","fb_image":"","twitter_title":"","twitter_description":"","twitter_image":""},"jnews_review":[],"enable_review":"0","type":"percentage","name":"","summary":"","brand":"","sku":"","good":[{"good_text":""}],"bad":[{"bad_text":""}],"score_override":"","override_value":"","rating":[{"rating_text":"","rating_number":"10"}],"price":[{"shop":"","price":"","link":"","icon":""}],"jnews_override_counter":{"override_view_counter":"0","view_counter_number":"0","override_share_counter":"0","share_counter_number":"0","override_like_counter":"0","like_counter_number":"0","override_dislike_counter":"0","dislike_counter_number":"0"},"jnews_post_split":{"enable_post_split":"0","post_split":[{"template":"1","tag":"h2","numbering":"asc","mode":"normal","first":"0","enable_toc":"0","toc_type":"normal"}]},"footnotes":""},"categories":[43,59],"tags":[86,1158],"class_list":["post-41514","post","type-post","status-publish","format-standard","has-post-thumbnail","hentry","category-actualidad","category-politica","tag-alberto-fernandez","tag-javier-milei"],"amp_enabled":true,"_links":{"self":[{"href":"https:\/\/esreviral.com\/index.php?rest_route=\/wp\/v2\/posts\/41514"}],"collection":[{"href":"https:\/\/esreviral.com\/index.php?rest_route=\/wp\/v2\/posts"}],"about":[{"href":"https:\/\/esreviral.com\/index.php?rest_route=\/wp\/v2\/types\/post"}],"author":[{"embeddable":true,"href":"https:\/\/esreviral.com\/index.php?rest_route=\/wp\/v2\/users\/5"}],"replies":[{"embeddable":true,"href":"https:\/\/esreviral.com\/index.php?rest_route=%2Fwp%2Fv2%2Fcomments&post=41514"}],"version-history":[{"count":0,"href":"https:\/\/esreviral.com\/index.php?rest_route=\/wp\/v2\/posts\/41514\/revisions"}],"wp:featuredmedia":[{"embeddable":true,"href":"https:\/\/esreviral.com\/index.php?rest_route=\/wp\/v2\/media\/41515"}],"wp:attachment":[{"href":"https:\/\/esreviral.com\/index.php?rest_route=%2Fwp%2Fv2%2Fmedia&parent=41514"}],"wp:term":[{"taxonomy":"category","embeddable":true,"href":"https:\/\/esreviral.com\/index.php?rest_route=%2Fwp%2Fv2%2Fcategories&post=41514"},{"taxonomy":"post_tag","embeddable":true,"href":"https:\/\/esreviral.com\/index.php?rest_route=%2Fwp%2Fv2%2Ftags&post=41514"}],"curies":[{"name":"wp","href":"https:\/\/api.w.org\/{rel}","templated":true}]}}