{"id":41497,"date":"2023-08-28T10:30:32","date_gmt":"2023-08-28T15:30:32","guid":{"rendered":"https:\/\/esreviral.com\/?p=41497"},"modified":"2023-08-28T10:45:21","modified_gmt":"2023-08-28T15:45:21","slug":"por-3er-ano-consecutivo-nino-venezolano-es-campeon-de-judo-en-buenos-aires","status":"publish","type":"post","link":"https:\/\/esreviral.com\/?p=41497","title":{"rendered":"Por 3er a\u00f1o consecutivo, ni\u00f1o venezolano es campe\u00f3n de Judo en Buenos Aires"},"content":{"rendered":"\n<p><strong><em>CIS.-<\/em><\/strong> Este fin de semana <strong>Orel Garc\u00eda<\/strong> se subi\u00f3 nuevamente a lo m\u00e1s alto del podio al consagrarse como <strong>campe\u00f3n de judo en la categor\u00eda 34 kilogramos e<\/strong>n la ciudad de Buenos Aires, <strong>por tercer a\u00f1o consecutivo <\/strong>en el campeonato realizado en el pabell\u00f3n \u00c1frica del Parque Ol\u00edmpico.<\/p>\n\n\n\n<p>El estudiante del sexto grado y oriundo del estado Anzo\u00e1tegui, tambi\u00e9n <strong>obtuvo el pasado es de julio el subcampeonato en una categor\u00eda superior a la de \u00e9l, <\/strong>ya que fue en la de 38kg, en en el campeonato bonaerense en el Microestadio en Ituzaing\u00f3, provincia de Buenos Aires. <\/p>\n\n\n\n<p>Ahora se prepara porque ir\u00e1 al <strong>Campeonato nacional Clausura que se realizar\u00e1 en Santiago del Estero<\/strong> durante el mes de noviembre.<\/p>\n\n\n\n<p>El venezolano, quien tiene apenas 11 a\u00f1os de edad, es desde ya, una gran <strong>promesa deportiva para la disciplina que pr\u00e1ctica desde hace cuatro a\u00f1os<\/strong>, cuando lleg\u00f3 a Argentina junto a su madre Glenda Hern\u00e1ndez. <\/p>\n\n\n\n<p>Lea tambi\u00e9n: <a href=\"https:\/\/esreviral.com\/nino-venezolano-quedo-en-el-tercer-lugar-en-el-nacional-argentino-de-judo\/\">Ni\u00f1o venezolano qued\u00f3 en el tercer lugar en el nacional argentino de Judo<\/a><\/p>\n","protected":false},"excerpt":{"rendered":"<p>CIS.- Este fin de semana Orel Garc\u00eda se subi\u00f3 nuevamente a lo m\u00e1s alto del podio al consagrarse como campe\u00f3n de judo en la categor\u00eda 34 kilogramos en la ciudad de Buenos Aires, por tercer a\u00f1o consecutivo en el campeonato realizado en el pabell\u00f3n \u00c1frica del Parque Ol\u00edmpico. El estudiante del sexto grado y oriundo [&hellip;]<\/p>\n","protected":false},"author":2,"featured_media":41501,"comment_status":"open","ping_status":"closed","sticky":false,"template":"","format":"standard","meta":{"jnews-multi-image_gallery":[],"jnews_single_post":{"subtitle":"","format":"standard","video":"","gallery":"","source_name":"","source_url":"","via_name":"","via_url":"","override_template":"0","override":[{"template":"4","single_blog_custom":"","parallax":"1","fullscreen":"1","layout":"right-sidebar","sidebar":"default-sidebar","second_sidebar":"default-sidebar","sticky_sidebar":"1","share_position":"top","share_float_style":"share-monocrhome","show_share_counter":"1","show_view_counter":"1","show_featured":"1","show_post_meta":"1","show_post_author":"1","show_post_author_image":"1","show_post_date":"1","post_date_format":"default","post_date_format_custom":"Y\/m\/d","show_post_category":"1","show_post_reading_time":"1","post_reading_time_wpm":"300","show_zoom_button":"1","zoom_button_out_step":"2","zoom_button_in_step":"3","show_post_tag":"1","show_prev_next_post":"1","show_popup_post":"1","number_popup_post":"1","show_author_box":"1","show_post_related":"1","show_inline_post_related":"0"}],"override_image_size":"0","image_override":[{"single_post_thumbnail_size":"crop-500","single_post_gallery_size":"crop-500"}],"trending_post":"0","trending_post_position":"meta","trending_post_label":"Trending","sponsored_post":"0","sponsored_post_label":"Sponsored by","sponsored_post_name":"","sponsored_post_url":"","sponsored_post_logo_enable":"0","sponsored_post_logo":"","sponsored_post_desc":"","disable_ad":"0"},"jnews_primary_category":{"id":"","hide":""},"jnews_social_meta":{"fb_title":"","fb_description":"","fb_image":"","twitter_title":"","twitter_description":"","twitter_image":""},"jnews_review":[],"enable_review":"0","type":"percentage","name":"","summary":"","brand":"","sku":"","good":[{"good_text":""}],"bad":[{"bad_text":""}],"score_override":"","override_value":"","rating":[{"rating_text":"","rating_number":"10"}],"price":[{"shop":"","price":"","link":"","icon":""}],"jnews_override_counter":{"override_view_counter":"0","view_counter_number":"0","override_share_counter":"0","share_counter_number":"0","override_like_counter":"0","like_counter_number":"0","override_dislike_counter":"0","dislike_counter_number":"0"},"jnews_post_split":{"enable_post_split":"0","post_split":[{"template":"1","tag":"h2","numbering":"asc","mode":"normal","first":"0","enable_toc":"0","toc_type":"normal"}]},"footnotes":""},"categories":[48,5892],"tags":[44,1014,45,12112],"class_list":["post-41497","post","type-post","status-publish","format-standard","has-post-thumbnail","hentry","category-deportes","category-venezolanos-en-argentina","tag-argentina","tag-judo","tag-noticias","tag-orel-garcia"],"amp_enabled":true,"_links":{"self":[{"href":"https:\/\/esreviral.com\/index.php?rest_route=\/wp\/v2\/posts\/41497"}],"collection":[{"href":"https:\/\/esreviral.com\/index.php?rest_route=\/wp\/v2\/posts"}],"about":[{"href":"https:\/\/esreviral.com\/index.php?rest_route=\/wp\/v2\/types\/post"}],"author":[{"embeddable":true,"href":"https:\/\/esreviral.com\/index.php?rest_route=\/wp\/v2\/users\/2"}],"replies":[{"embeddable":true,"href":"https:\/\/esreviral.com\/index.php?rest_route=%2Fwp%2Fv2%2Fcomments&post=41497"}],"version-history":[{"count":0,"href":"https:\/\/esreviral.com\/index.php?rest_route=\/wp\/v2\/posts\/41497\/revisions"}],"wp:featuredmedia":[{"embeddable":true,"href":"https:\/\/esreviral.com\/index.php?rest_route=\/wp\/v2\/media\/41501"}],"wp:attachment":[{"href":"https:\/\/esreviral.com\/index.php?rest_route=%2Fwp%2Fv2%2Fmedia&parent=41497"}],"wp:term":[{"taxonomy":"category","embeddable":true,"href":"https:\/\/esreviral.com\/index.php?rest_route=%2Fwp%2Fv2%2Fcategories&post=41497"},{"taxonomy":"post_tag","embeddable":true,"href":"https:\/\/esreviral.com\/index.php?rest_route=%2Fwp%2Fv2%2Ftags&post=41497"}],"curies":[{"name":"wp","href":"https:\/\/api.w.org\/{rel}","templated":true}]}}