{"id":41494,"date":"2023-08-28T10:16:51","date_gmt":"2023-08-28T15:16:51","guid":{"rendered":"https:\/\/esreviral.com\/?p=41494"},"modified":"2023-08-28T10:16:53","modified_gmt":"2023-08-28T15:16:53","slug":"agus-cassano-y-ernes-presentan-nuevo-single-y-video","status":"publish","type":"post","link":"https:\/\/esreviral.com\/?p=41494","title":{"rendered":"Agus Cassano y Ernes presentan nuevo single y video"},"content":{"rendered":"\n<p>Los artistas latinos\u00a0<strong>Agus Cassano<\/strong>\u00a0y\u00a0<strong>Ernes<\/strong>\u00a0presentaron nuevo single y video llamado <strong>\u00abFiesta y previa\u00bb<\/strong>. El cual ya cuenta con varias vistas y \u00abme gusta\u00bb en el Canal de YouTube oficial de Cultura D.<\/p>\n\n\n\n<p>\u00abFiesta y previa\u00bb es el nuevo single del programa de televisi\u00f3n Cultura D en su s\u00e9ptima temporada importante. La canci\u00f3n fue producida por Hurac\u00e1n The Producer, ideada por&nbsp;<strong>Dj Aro<\/strong>&nbsp;y Escrita e interpretada por Agus Cassano, quien en esta oportunidad, canta junto a Ernes.<\/p>\n\n\n\n<p>La canci\u00f3n es de un estilo de pop bailable y divertida, ideal para la discoteca principalmente del cono sur.<\/p>\n\n\n\n<p class=\"has-text-align-right\"><strong><em>Agencia Nova.-<\/em><\/strong><\/p>\n\n\n\n<figure class=\"wp-block-embed is-type-video is-provider-youtube wp-block-embed-youtube wp-embed-aspect-16-9 wp-has-aspect-ratio\"><div class=\"wp-block-embed__wrapper\">\n<div class=\"jeg_video_container jeg_video_content\"><iframe title=\"FIESTA Y PREVIA - Agus Cassano ft Ernes - Cultura D 2023\" width=\"500\" height=\"281\" src=\"https:\/\/www.youtube.com\/embed\/nqEIx_PpEZk?feature=oembed\" frameborder=\"0\" allow=\"accelerometer; autoplay; clipboard-write; encrypted-media; gyroscope; picture-in-picture; web-share\" referrerpolicy=\"strict-origin-when-cross-origin\" allowfullscreen><\/iframe><\/div>\n<\/div><\/figure>\n","protected":false},"excerpt":{"rendered":"<p>Los artistas latinos\u00a0Agus Cassano\u00a0y\u00a0Ernes\u00a0presentaron nuevo single y video llamado \u00abFiesta y previa\u00bb. El cual ya cuenta con varias vistas y \u00abme gusta\u00bb en el Canal de YouTube oficial de Cultura D. \u00abFiesta y previa\u00bb es el nuevo single del programa de televisi\u00f3n Cultura D en su s\u00e9ptima temporada importante. La canci\u00f3n fue producida por Hurac\u00e1n [&hellip;]<\/p>\n","protected":false},"author":2,"featured_media":41495,"comment_status":"open","ping_status":"closed","sticky":false,"template":"","format":"standard","meta":{"jnews-multi-image_gallery":[],"jnews_single_post":{"subtitle":"","format":"standard","video":"","gallery":"","source_name":"","source_url":"","via_name":"","via_url":"","override_template":"0","override":[{"template":"4","single_blog_custom":"","parallax":"1","fullscreen":"1","layout":"right-sidebar","sidebar":"default-sidebar","second_sidebar":"default-sidebar","sticky_sidebar":"1","share_position":"top","share_float_style":"share-monocrhome","show_share_counter":"1","show_view_counter":"1","show_featured":"1","show_post_meta":"1","show_post_author":"1","show_post_author_image":"1","show_post_date":"1","post_date_format":"default","post_date_format_custom":"Y\/m\/d","show_post_category":"1","show_post_reading_time":"1","post_reading_time_wpm":"300","show_zoom_button":"1","zoom_button_out_step":"2","zoom_button_in_step":"3","show_post_tag":"1","show_prev_next_post":"1","show_popup_post":"1","number_popup_post":"1","show_author_box":"1","show_post_related":"1","show_inline_post_related":"0"}],"override_image_size":"0","image_override":[{"single_post_thumbnail_size":"crop-500","single_post_gallery_size":"crop-500"}],"trending_post":"0","trending_post_position":"meta","trending_post_label":"Trending","sponsored_post":"0","sponsored_post_label":"Sponsored by","sponsored_post_name":"","sponsored_post_url":"","sponsored_post_logo_enable":"0","sponsored_post_logo":"","sponsored_post_desc":"","disable_ad":"0"},"jnews_primary_category":{"id":"","hide":""},"jnews_social_meta":{"fb_title":"","fb_description":"","fb_image":"","twitter_title":"","twitter_description":"","twitter_image":""},"jnews_review":[],"enable_review":"0","type":"percentage","name":"","summary":"","brand":"","sku":"","good":[{"good_text":""}],"bad":[{"bad_text":""}],"score_override":"","override_value":"","rating":[{"rating_text":"","rating_number":"10"}],"price":[{"shop":"","price":"","link":"","icon":""}],"jnews_override_counter":{"override_view_counter":"0","view_counter_number":"0","override_share_counter":"0","share_counter_number":"0","override_like_counter":"0","like_counter_number":"0","override_dislike_counter":"0","dislike_counter_number":"0"},"jnews_post_split":{"enable_post_split":"0","post_split":[{"template":"1","tag":"h2","numbering":"asc","mode":"normal","first":"0","enable_toc":"0","toc_type":"normal"}]},"footnotes":""},"categories":[1142],"tags":[12111,44,1318,45,67],"class_list":["post-41494","post","type-post","status-publish","format-standard","has-post-thumbnail","hentry","category-musica","tag-agus-cassano","tag-argentina","tag-ernes","tag-noticias","tag-venezolanos-en-argentina"],"amp_enabled":true,"_links":{"self":[{"href":"https:\/\/esreviral.com\/index.php?rest_route=\/wp\/v2\/posts\/41494"}],"collection":[{"href":"https:\/\/esreviral.com\/index.php?rest_route=\/wp\/v2\/posts"}],"about":[{"href":"https:\/\/esreviral.com\/index.php?rest_route=\/wp\/v2\/types\/post"}],"author":[{"embeddable":true,"href":"https:\/\/esreviral.com\/index.php?rest_route=\/wp\/v2\/users\/2"}],"replies":[{"embeddable":true,"href":"https:\/\/esreviral.com\/index.php?rest_route=%2Fwp%2Fv2%2Fcomments&post=41494"}],"version-history":[{"count":0,"href":"https:\/\/esreviral.com\/index.php?rest_route=\/wp\/v2\/posts\/41494\/revisions"}],"wp:featuredmedia":[{"embeddable":true,"href":"https:\/\/esreviral.com\/index.php?rest_route=\/wp\/v2\/media\/41495"}],"wp:attachment":[{"href":"https:\/\/esreviral.com\/index.php?rest_route=%2Fwp%2Fv2%2Fmedia&parent=41494"}],"wp:term":[{"taxonomy":"category","embeddable":true,"href":"https:\/\/esreviral.com\/index.php?rest_route=%2Fwp%2Fv2%2Fcategories&post=41494"},{"taxonomy":"post_tag","embeddable":true,"href":"https:\/\/esreviral.com\/index.php?rest_route=%2Fwp%2Fv2%2Ftags&post=41494"}],"curies":[{"name":"wp","href":"https:\/\/api.w.org\/{rel}","templated":true}]}}