{"id":41493,"date":"2023-08-28T10:25:19","date_gmt":"2023-08-28T15:25:19","guid":{"rendered":"https:\/\/esreviral.com\/?p=41493"},"modified":"2023-08-28T10:25:20","modified_gmt":"2023-08-28T15:25:20","slug":"aseguran-que-shakira-no-quiere-que-sus-hijos-vean-a-clara-chia-porque-tiene-problemas-psicologicos","status":"publish","type":"post","link":"https:\/\/esreviral.com\/?p=41493","title":{"rendered":"Aseguran que Shakira no quiere que sus hijos vean a Clara Ch\u00eda \u00abporque tiene problemas psicol\u00f3gicos\u00bb"},"content":{"rendered":"\n<p>A m\u00e1s de un a\u00f1o de su separaci\u00f3n,\u00a0Shakira\u00a0no le da el brazo a torcer a\u00a0Gerard Piqu\u00e9\u00a0y las \u00faltimas noticias aseguran que no solo la cantante colombiana\u00a0quiere la tenencia completa\u00a0de sus hijos\u00a0Milan y Sasha\u00a0sino que tampoco quiere que vean a\u00a0Clara Ch\u00eda Mart\u00ed.<\/p>\n\n\n\n<p><strong><em>\u201cShakira quiere la custodia completa de sus hijos porque Piqu\u00e9 es muy mal padre porque se aburre con los ni\u00f1os,\u00a0ellos se duermen porque no les presta atenci\u00f3n, no los lleva a ning\u00fan lado, los deja tirados, se los lleva al trabajo\u201d,<\/em><\/strong> cont\u00f3 Javier Ceriani en Implacables.<\/p>\n\n\n\n<p><strong><em>\u201cLos ni\u00f1os dicen \u2018Pap\u00e1 est\u00e1 todo el d\u00eda con el celular y ni bola nos da\u2019. Esa es la realidad, por eso se aburren con Piqu\u00e9.\u00a0Y Shakira no deja que est\u00e9n Piqu\u00e9, Clara Chia y los chicos. Ella no deja que est\u00e9 Clara Chia\u201d, <\/em><\/strong>agreg\u00f3 el periodista argentino.<\/p>\n\n\n\n<blockquote class=\"wp-block-quote is-layout-flow wp-block-quote-is-layout-flow\">\n<p><strong><em>\u201cPiqu\u00e9 y Clara Ch\u00eda se compraron una casa\u00a0donde est\u00e1n viviendo juntos y sigue la relaci\u00f3n.\u00a0Lo que pasa es que esta chica, Clara Ch\u00eda tiene problemas psicol\u00f3gicos y entonces Shakira aprovech\u00f3 eso para decir \u00abNo quiero a mis hijos esta chica\u00bb<\/em><\/strong>, explic\u00f3 Ceriani.<\/p>\n<\/blockquote>\n\n\n\n<p>En efecto, titulares de portales espa\u00f1oles dan cuenta de que la joven tuvo que abandonar la casa de Piqu\u00e9 en los \u00faltimos d\u00edas para que este pueda recibir a sus hijos. <strong><em>\u201cElla se meti\u00f3 en esta relaci\u00f3n, aunque ellos ten\u00edan sus problemas porque \u00e9l es muy promiscuo, le da a todo. Shakira descubri\u00f3 todo esto y as\u00ed qued\u00f3 destruida\u201d,<\/em><\/strong> afirm\u00f3 Ceriani, quien cont\u00f3 que la colombiana sigue sola pese a todos los rumores de una supuesta vinculaci\u00f3n sentimental de ella con personajes conocidos.<\/p>\n\n\n\n<blockquote class=\"wp-block-quote is-layout-flow wp-block-quote-is-layout-flow\">\n<p><strong><em>\u201cShakira no est\u00e1 con nadie y no va a estar con nadie por ahora porque todav\u00eda est\u00e1 medio dolida, no se recupera de esta. Ella canta mucho, gana plata, pero su coraz\u00f3n est\u00e1 destruido. Ella nunca super\u00f3 la destrucci\u00f3n de su familia\u201d,<\/em><\/strong> concluy\u00f3 el periodista.<\/p>\n<\/blockquote>\n\n\n\n<p><strong><em>Con informaci\u00f3n de Ciudad Magazine<\/em><\/strong><\/p>\n","protected":false},"excerpt":{"rendered":"<p>A m\u00e1s de un a\u00f1o de su separaci\u00f3n,\u00a0Shakira\u00a0no le da el brazo a torcer a\u00a0Gerard Piqu\u00e9\u00a0y las \u00faltimas noticias aseguran que no solo la cantante colombiana\u00a0quiere la tenencia completa\u00a0de sus hijos\u00a0Milan y Sasha\u00a0sino que tampoco quiere que vean a\u00a0Clara Ch\u00eda Mart\u00ed. \u201cShakira quiere la custodia completa de sus hijos porque Piqu\u00e9 es muy mal padre [&hellip;]<\/p>\n","protected":false},"author":5,"featured_media":41498,"comment_status":"closed","ping_status":"closed","sticky":false,"template":"","format":"standard","meta":{"jnews-multi-image_gallery":[],"jnews_single_post":{"subtitle":"","format":"standard","video":"","gallery":"","source_name":"","source_url":"","via_name":"","via_url":"","override_template":"0","override":[{"template":"4","single_blog_custom":"","parallax":"1","fullscreen":"1","layout":"right-sidebar","sidebar":"default-sidebar","second_sidebar":"default-sidebar","sticky_sidebar":"1","share_position":"top","share_float_style":"share-monocrhome","show_share_counter":"1","show_view_counter":"1","show_featured":"1","show_post_meta":"1","show_post_author":"1","show_post_author_image":"1","show_post_date":"1","post_date_format":"default","post_date_format_custom":"Y\/m\/d","show_post_category":"1","show_post_reading_time":"1","post_reading_time_wpm":"300","show_zoom_button":"1","zoom_button_out_step":"2","zoom_button_in_step":"3","show_post_tag":"1","show_prev_next_post":"1","show_popup_post":"1","number_popup_post":"1","show_author_box":"1","show_post_related":"1","show_inline_post_related":"0"}],"override_image_size":"0","image_override":[{"single_post_thumbnail_size":"crop-500","single_post_gallery_size":"crop-500"}],"trending_post":"0","trending_post_position":"meta","trending_post_label":"Trending","sponsored_post":"0","sponsored_post_label":"Sponsored by","sponsored_post_name":"","sponsored_post_url":"","sponsored_post_logo_enable":"0","sponsored_post_logo":"","sponsored_post_desc":"","disable_ad":"0"},"jnews_primary_category":{"id":"","hide":""},"jnews_social_meta":{"fb_title":"","fb_description":"","fb_image":"","twitter_title":"","twitter_description":"","twitter_image":""},"jnews_review":[],"enable_review":"0","type":"percentage","name":"","summary":"","brand":"","sku":"","good":[{"good_text":""}],"bad":[{"bad_text":""}],"score_override":"","override_value":"","rating":[{"rating_text":"","rating_number":"10"}],"price":[{"shop":"","price":"","link":"","icon":""}],"jnews_override_counter":{"override_view_counter":"0","view_counter_number":"0","override_share_counter":"0","share_counter_number":"0","override_like_counter":"0","like_counter_number":"0","override_dislike_counter":"0","dislike_counter_number":"0"},"jnews_post_split":{"enable_post_split":"0","post_split":[{"template":"1","tag":"h2","numbering":"asc","mode":"normal","first":"0","enable_toc":"0","toc_type":"normal"}]},"footnotes":""},"categories":[50,1142],"tags":[6383,537],"class_list":["post-41493","post","type-post","status-publish","format-standard","has-post-thumbnail","hentry","category-entretenimiento","category-musica","tag-clara-chia","tag-shakira"],"amp_enabled":true,"_links":{"self":[{"href":"https:\/\/esreviral.com\/index.php?rest_route=\/wp\/v2\/posts\/41493"}],"collection":[{"href":"https:\/\/esreviral.com\/index.php?rest_route=\/wp\/v2\/posts"}],"about":[{"href":"https:\/\/esreviral.com\/index.php?rest_route=\/wp\/v2\/types\/post"}],"author":[{"embeddable":true,"href":"https:\/\/esreviral.com\/index.php?rest_route=\/wp\/v2\/users\/5"}],"replies":[{"embeddable":true,"href":"https:\/\/esreviral.com\/index.php?rest_route=%2Fwp%2Fv2%2Fcomments&post=41493"}],"version-history":[{"count":0,"href":"https:\/\/esreviral.com\/index.php?rest_route=\/wp\/v2\/posts\/41493\/revisions"}],"wp:featuredmedia":[{"embeddable":true,"href":"https:\/\/esreviral.com\/index.php?rest_route=\/wp\/v2\/media\/41498"}],"wp:attachment":[{"href":"https:\/\/esreviral.com\/index.php?rest_route=%2Fwp%2Fv2%2Fmedia&parent=41493"}],"wp:term":[{"taxonomy":"category","embeddable":true,"href":"https:\/\/esreviral.com\/index.php?rest_route=%2Fwp%2Fv2%2Fcategories&post=41493"},{"taxonomy":"post_tag","embeddable":true,"href":"https:\/\/esreviral.com\/index.php?rest_route=%2Fwp%2Fv2%2Ftags&post=41493"}],"curies":[{"name":"wp","href":"https:\/\/api.w.org\/{rel}","templated":true}]}}