{"id":41391,"date":"2023-08-25T10:41:59","date_gmt":"2023-08-25T15:41:59","guid":{"rendered":"https:\/\/esreviral.com\/?p=41391"},"modified":"2023-08-25T10:42:00","modified_gmt":"2023-08-25T15:42:00","slug":"festival-y-mundial-de-tango-la-semana-del-arte-y-mucho-mas-para-disfrutar-el-fin-de-semana-en-la-ciudad","status":"publish","type":"post","link":"https:\/\/esreviral.com\/?p=41391","title":{"rendered":"Festival y Mundial de Tango, la Semana del Arte y mucho m\u00e1s para disfrutar el fin de semana en la Ciudad"},"content":{"rendered":"\n<p>Este fin de semana la ciudad de Buenos Aires, tiene una serie de actividades para disfrutar de manera gratuita en distintas zonas. <\/p>\n\n\n\n<p>T<strong>ango BA Festival y Mundial<\/strong><\/p>\n\n\n\n<p>Hasta el 3 de septiembre hay shows, exhibiciones, conciertos, homenajes, danza, clases, cine, videoclips, muestras y presentaciones de libros con m\u00e1s de 1000 artistas de todo el pa\u00eds en escena, en m\u00e1s de 30 sedes distribuidas por toda la Ciudad. En el Mundial de Tango tanto aficionados como profesionales demuestran su talento en las categor\u00edas de Tango de Pista y Tango Escenario. La programaci\u00f3n y reserva de entradas gratuitas est\u00e1 disponible en\u00a0<a rel=\"noreferrer noopener\" href=\"http:\/\/buenosaires.gob.ar\/tangoba\" target=\"_blank\">buenosaires.gob.ar\/tangoba<\/a>\u00a0y a trav\u00e9s del whatsapp de BOTI (el asistente virtual de la Ciudad, 11 5050-0147).<\/p>\n\n\n\n<p><strong>Semana del Arte<\/strong><\/p>\n\n\n\n<p>A partir del domingo 27 y hasta el 3 de septiembre, vecinos y visitantes podr\u00e1n disfrutar de una agenda art\u00edstica con m\u00e1s de 100 propuestas entre charlas, exhibiciones y visitas guiadas, y programar sus recorridos a pie, combi o bicicleta alrededor de las ocho obras ganadoras de la convocatoria p\u00fablica y federal y de las instituciones culturales, ferias y eventos que forman parte de esta edici\u00f3n. Las obras se podr\u00e1n encontrar en plazas, galer\u00edas, mercados, veredas y sitios emblem\u00e1ticos de la Ciudad, irrumpiendo con la cotidianeidad de los distintos barrios. M\u00e1s informaci\u00f3n (<a href=\"https:\/\/buenosaires.gob.ar\/noticias\/llega-la-cuarta-edicion-de-la-semana-del-arte-con-mas-de-100-actividades-para-disfrutar-en\" target=\"_blank\" rel=\"noreferrer noopener\">https:\/\/buenosaires.gob.ar\/noticias\/llega-la-cuarta-edicion-de-la-semana-del-arte-con-mas-de-100-actividades-para-disfrutar-en<\/a>).<\/p>\n\n\n\n<p>\u00a0<strong>Semana del Lector<\/strong><\/p>\n\n\n\n<p>Contin\u00faan hasta el s\u00e1bado las propuestas libres y gratuitas destinadas a los amantes de la lectura, en homenaje al aniversario del nacimiento de Jorge Luis Borges. Las propuestas incluyen un festival enteramente dedicado a la obra del gran escritor argentino (BorgesPalooza), una muestra de ilustraciones de La Divina Comedia, suelta de poemas en el espacio p\u00fablico y presentaciones de libros. Toda la programaci\u00f3n (<a rel=\"noreferrer noopener\" href=\"https:\/\/buenosaires.gob.ar\/noticias\/continuan-las-propuestas-libres-y-gratuitas-destinadas-los-amantes-de-la-lectura\" target=\"_blank\">https:\/\/buenosaires.gob.ar\/noticias\/continuan-las-propuestas-libres-y-gratuitas-destinadas-los-amantes-de-la-lectura<\/a>).<\/p>\n\n\n\n<p><strong>Festival escuchar<\/strong><\/p>\n\n\n\n<p>El programa de arte sonoro, m\u00fasica experimental y propuestas audiovisuales e interdisciplinarias del Museo Moderno (Av. San Juan 350), cumple 25 a\u00f1os ininterrumpidos de actividad. Esta edici\u00f3n ofrece una serie de conciertos audiovisuales, una conferencia, jam IN-SITU, Escuchar MINI \u2012con un concierto-performance de dibujo en vivo para la infancia\u2012 y Escuchar CLUB, la secci\u00f3n del programa dedicada a la m\u00fasica para bailar en comuni\u00f3n. M\u00e1s informaci\u00f3n (<a href=\"https:\/\/disfrutemosba.buenosaires.gob.ar\/actividades\/festival-escuchar\" target=\"_blank\" rel=\"noreferrer noopener\">https:\/\/disfrutemosba.buenosaires.gob.ar\/actividades\/festival-escuchar<\/a>).<\/p>\n\n\n\n<p>\u00a0<strong>Danza: yo es multitud<\/strong><\/p>\n\n\n\n<p>El Taller de Danza Contempor\u00e1nea presenta la obra de Valeria Polorena en el Hall Alfredo Alc\u00f3n del Teatro San Mart\u00edn (Avenida Corrientes 1530) los viernes, s\u00e1bado y domingo a las 18. Entrada gratuita.<\/p>\n\n\n\n<p><strong>&nbsp;Banda Sinf\u00f3nica<\/strong><\/p>\n\n\n\n<p>La Banda Sinf\u00f3nica de la Ciudad de Buenos Aires se presenta en la la Iglesia de Calasanz (Av. la Plata 955) con un repertorio de la mejor m\u00fasica de c\u00e1mara, dirigido por el Mtro Luciano Falc\u00f3n. El s\u00e1bado a las 20. La entrada ser\u00e1 libre y gratuita.<\/p>\n\n\n\n<p><strong>&nbsp;Milonga gratuita en El Plata<\/strong><\/p>\n\n\n\n<p>Ma\u00f1ana a las 19 tendr\u00e1 lugar en el Cine Teatro El Plata (Av. Juan Bautista Alberdi 5765) continuara el ciclo Milonga en El Plata. El Hall del Teatro del barrio de Mataderos se prepara para que los vecinos se acerquen a tirar pasos en una pista con m\u00fasicos en vivo, parejas de exhibici\u00f3n y dj de milonga. Entrada gratuita.<\/p>\n\n\n\n<p>Lea tambi\u00e9n:<strong><a href=\"https:\/\/esreviral.com\/llega-un-fin-de-semana-a-pura-musica-en-vicente-lopez\/\"> Llega un fin de semana a pura m\u00fasica en Vicente L\u00f3pez<\/a><\/strong><\/p>\n\n\n\n<figure class=\"wp-block-image size-large\"><img decoding=\"async\" src=\"https:\/\/ci3.googleusercontent.com\/proxy\/5I9LFAdX80w5inYsyFSBrCQoIGcYpLsPv50haO_wpMSO8eyrWZfi3G3pj6UHRkPbTFcd0cEmw8cTertmnnOTGMaiKk7Yy7qMCCnnreJm57WAyggS8XRcxPDLhHF6Xp9M-6GMDukujbAqzxk2ZnxkdbDgElEZU3DY7RD74WAxyEJiIg=s0-d-e1-ft#https:\/\/app2.dopplerfiles.com\/Users\/160762\/Campaigns\/12892261\/WhatsApp_Image_2023-08-24_at_12.31.48_PM_(1).jpeg\" alt=\"\"\/><\/figure>\n\n\n\n<p><img decoding=\"async\" alt=\"\u2705\" src=\"https:\/\/fonts.gstatic.com\/s\/e\/notoemoji\/15.0\/2705\/72.png\">&nbsp;<strong>GASTRONOM\u00cdA, FERIAS Y PASEOS<\/strong><\/p>\n\n\n\n<p>\u00a0<strong>Matear<\/strong><\/p>\n\n\n\n<p>El s\u00e1bado y domingo de 12 a 20 llega Matear, con su quinta edici\u00f3n y al sal\u00f3n ocre de La Rural de Palermo. El evento m\u00e1s exclusivo del Mate y la Yerba Mate es con acceso libre y gratuito, para que los visitantes puedan disfrutar de la feria que reunir\u00e1 a m\u00e1s de 50 marcas de yerba mate, entre org\u00e1nicas, agroecol\u00f3gicas, con mezcla de hierbas, barbacu\u00e1, tradicional, suave, intensa y para terer\u00e9.<\/p>\n\n\n\n<p><strong>&nbsp;Food Fest<\/strong><\/p>\n\n\n\n<p>El evento ofrecer\u00e1 los mejores platos y las nuevas tendencias de la gastronom\u00eda local e internacional. M\u00e1s de 30 marcas del rubro participar\u00e1n del festival que se realizar\u00e1 s\u00e1bado y domingo en La Rural, de 12 a 20, con entrada gratuita. Tambi\u00e9n un espacio de juegos para los m\u00e1s chicos y dj sets para musicalizar el evento.<\/p>\n\n\n\n<p><strong>&nbsp;Ferias, patios y mercados<\/strong><\/p>\n\n\n\n<p>. Sabe la Tierra se establecer\u00e1 en Parque Patricios, el s\u00e1bado, de 12 a 19 horas. El domingo estar\u00e1 en tres puntos distintos de la Ciudad: en Plaza Irlanda y Parque Saavedra, de 8 a 14, y en Parque Las Heras, de 13 a 19.<\/p>\n\n\n\n<p>. BA Market, por su parte, se desarrollar\u00e1 en Parque Saavedra, este fin de semana, de 10 a 18 horas. Ambas propuestas se suspenden en caso de lluvia.<\/p>\n\n\n\n<p>. Los patios de Los Lecheros, de Parque Patricios, Rodrigo Bueno y Costanera Norte y los mercados de Bonpland, Belgrano y de San Nicol\u00e1s acercan una gran variedad de platos. Las entradas para todas las propuestas son libres y gratuitas.<\/p>\n\n\n\n<p>\u00a0<strong>Ecoparque<\/strong><\/p>\n\n\n\n<p>El espacio cuenta con m\u00e1s de siete hect\u00e1reas abiertas al p\u00fablico para realizar circuitos guiados y actividades educativas. Tambi\u00e9n se puede observar la flora y la fauna aut\u00f3ctona y aprender sobre ella. Abre de martes a domingos y feriados, entre las 11 y las 18. La entrada es libre y gratuita. Cierra por lluvia.<\/p>\n\n\n\n<p><strong>&nbsp;34 circuitos para descubrir la cultura porte\u00f1a<\/strong><\/p>\n\n\n\n<p>Turismo en Barrios propone conocer el arte urbano, la arquitectura, la gastronom\u00eda y los comercios de la Ciudad a trav\u00e9s de recorridos autoguiados. Se puede consultar toda la informaci\u00f3n en\u00a0<a rel=\"noreferrer noopener\" href=\"http:\/\/turismo.buenosaires.gob.ar\/\" target=\"_blank\">turismo.buenosaires.gob.ar<\/a>.<\/p>\n\n\n\n<figure class=\"wp-block-image size-large\"><img decoding=\"async\" src=\"https:\/\/ci4.googleusercontent.com\/proxy\/FLJte6QHJSj7c_eOh-SIJxhFuHypkQQrgF9qh744vgvExvQKzGLn0OCWQ7vzDIwCO0dQmGSdygIyXd7b90Ki12Cdp30bXZC1VP_mHJ14dPeBdLUqB4IWx-OKyohd3eQE6ya6VUNfDybo7XUWQgyi4a0ZVhclbx0gud3tXir-=s0-d-e1-ft#https:\/\/app2.dopplerfiles.com\/Users\/160762\/Campaigns\/12892261\/WhatsApp_Image_2023-08-24_at_12.31.48_PM.jpeg\" alt=\"\"\/><\/figure>\n\n\n\n<p><img decoding=\"async\" alt=\"\u2705\" src=\"https:\/\/fonts.gstatic.com\/s\/e\/notoemoji\/15.0\/2705\/72.png\">&nbsp;<strong>TEATRO<\/strong><\/p>\n\n\n\n<p><strong>&nbsp;Medida por medida (La culpa es tuya)<\/strong><\/p>\n\n\n\n<p>Se presenta en el Teatro Sarmiento (Avda. Sarmiento 2715) la obra de William Shakespeare, traducida, adaptada y dirigida por Gabriel Cham\u00e9 Buendia, con su po\u00e9tica de humor y gag f\u00edsico. El elenco est\u00e1 integrado por Mat\u00edas Bassi, Nicol\u00e1s Gentile, Elvira G\u00f3mez, Agust\u00edn Soler y Marilyn Petito. Funciones: de jueves a domingos a las 20. Platea $ 3.500. Jueves $ 2.000<\/p>\n\n\n\n<p><strong>&nbsp;Edmond<\/strong><\/p>\n\n\n\n<p>Un espect\u00e1culo escrito y dirigido por el franc\u00e9s Alexis Michalik, con traducci\u00f3n y adaptaci\u00f3n de Fernanda Cava y Gabriela Ricardes, y un numeroso elenco de actores argentinos que encabezan Miguel \u00c1ngel Rodr\u00edguez, Felipe Colombo y Vanesa Gonz\u00e1lez. En el Teatro Alvear (Avda. Corrientes 1659). Funciones: mi\u00e9rcoles a s\u00e1bados a las 20 y domingos a las 19. Platea $ 3.500, Pullman $ 2.500, Super Pullman $ 2.000. Mi\u00e9rcoles $ 2.000.<\/p>\n\n\n\n<p><strong>&nbsp;Benito de La Boca<\/strong><\/p>\n\n\n\n<p>Un espect\u00e1culo de teatro musical basado en la vida de un artista emblem\u00e1tico de Buenos Aires que le imprimi\u00f3 su identidad a todo un barrio: Benito Quinquela Mart\u00edn. En el Teatro de la Ribera (Avda. Pedro de Mendoza 1821). Funciones: mi\u00e9rcoles, jueves y viernes a las 14.30 y los s\u00e1bados y domingos a las 16. Platea $ 3.500, Pullman $ 2.500. Mi\u00e9rcoles, jueves y viernes $ 2.000.<\/p>\n\n\n\n<p>\u00a0<strong>Pulgarcita<\/strong><\/p>\n\n\n\n<p>El teatro de sombras es una t\u00e9cnica antiqu\u00edsima del universo titiritero que puede apreciarse en el nuevo espect\u00e1culo del Grupo de Titiriteros que se presenta en el Teatro Sarmiento (Avda. Sarmiento 2715). Funciones: S\u00e1bados y domingos a las 14. Platea $ 2.500.<\/p>\n\n\n\n<p><strong>&nbsp;TEATRO COL\u00d3N<\/strong><\/p>\n\n\n\n<p><strong>&nbsp;\u00d3pera de C\u00e1mara<\/strong><\/p>\n\n\n\n<p>Como parte del ciclo Col\u00f3n en la Ciudad, la \u00f3pera de c\u00e1mara \u00abEl que dice S\u00ed\/ El que dice No\u00bb ofrece cuatro presentaciones en el Teatro Coliseo (Marcelo T. de Alvear 1125). Funciones: hoy, ma\u00f1ana y el s\u00e1bado a las 20, y el domingo a las 17. Las entradas se encuentran a la venta de manera online (<a href=\"https:\/\/www.ticketek.com.ar\/el-que-dice-si-el-que-dice-no\/teatro-coliseo\" target=\"_blank\" rel=\"noreferrer noopener\">https:\/\/www.ticketek.com.ar\/el-que-dice-si-el-que-dice-no\/teatro-coliseo<\/a>) y de manera presencial en la boleter\u00eda del Teatro Coliseo.<\/p>\n\n\n\n<p><strong>&nbsp;Orquesta Filarm\u00f3nica<\/strong><\/p>\n\n\n\n<p>El flautista Yubeen Kim se presentar\u00e1 como solista junto a la Orquesta Filarm\u00f3nica de Buenos Aires, dirigida por Paolo Bortolameolli. El s\u00e1bado a las 20. Las entradas ya est\u00e1n a la venta en&nbsp;<a href=\"http:\/\/www.teatrocolon.org.ar\/\" target=\"_blank\" rel=\"noreferrer noopener\">www.teatrocolon.org.ar<\/a>&nbsp;y en la boleter\u00eda del Teatro Col\u00f3n, Tucum\u00e1n 1171.<\/p>\n\n\n\n<p>\u00a0<strong>Cuarteto de cornos \u00abLe Cor\u00bb<\/strong><\/p>\n\n\n\n<p>El cuarteto de cornos \u00abLe Cor\u00bb, integrado por m\u00fasicos de la Orquesta Estable del Teatro Col\u00f3n, se presentar\u00e1 junto a la soprano Laura Pisani. El s\u00e1bado a las 17:30 en el Sal\u00f3n Dorado (Libertad 621). Las entradas ya est\u00e1n a la venta en\u00a0<a rel=\"noreferrer noopener\" href=\"http:\/\/www.teatrocolon.org.ar\/\" target=\"_blank\">www.teatrocolon.org.ar<\/a>\u00a0y en la boleter\u00eda del Teatro Col\u00f3n, Tucum\u00e1n 1171.<\/p>\n\n\n\n<p class=\"has-text-align-right\"><strong><em>Oficina de Comunicaciones.-<\/em><\/strong><\/p>\n\n\n\n<figure class=\"wp-block-table\"><table><tbody><tr><td><\/td><\/tr><\/tbody><\/table><\/figure>\n","protected":false},"excerpt":{"rendered":"<p>Este fin de semana la ciudad de Buenos Aires, tiene una serie de actividades para disfrutar de manera gratuita en distintas zonas. Tango BA Festival y Mundial Hasta el 3 de septiembre hay shows, exhibiciones, conciertos, homenajes, danza, clases, cine, videoclips, muestras y presentaciones de libros con m\u00e1s de 1000 artistas de todo el pa\u00eds [&hellip;]<\/p>\n","protected":false},"author":2,"featured_media":41392,"comment_status":"open","ping_status":"closed","sticky":false,"template":"","format":"standard","meta":{"jnews-multi-image_gallery":[],"jnews_single_post":{"subtitle":"","format":"standard","video":"","gallery":"","source_name":"","source_url":"","via_name":"","via_url":"","override_template":"0","override":[{"template":"4","single_blog_custom":"","parallax":"1","fullscreen":"1","layout":"right-sidebar","sidebar":"default-sidebar","second_sidebar":"default-sidebar","sticky_sidebar":"1","share_position":"top","share_float_style":"share-monocrhome","show_share_counter":"1","show_view_counter":"1","show_featured":"1","show_post_meta":"1","show_post_author":"1","show_post_author_image":"1","show_post_date":"1","post_date_format":"default","post_date_format_custom":"Y\/m\/d","show_post_category":"1","show_post_reading_time":"1","post_reading_time_wpm":"300","show_zoom_button":"1","zoom_button_out_step":"2","zoom_button_in_step":"3","show_post_tag":"1","show_prev_next_post":"1","show_popup_post":"1","number_popup_post":"1","show_author_box":"1","show_post_related":"1","show_inline_post_related":"0"}],"override_image_size":"0","image_override":[{"single_post_thumbnail_size":"crop-500","single_post_gallery_size":"crop-500"}],"trending_post":"0","trending_post_position":"meta","trending_post_label":"Trending","sponsored_post":"0","sponsored_post_label":"Sponsored by","sponsored_post_name":"","sponsored_post_url":"","sponsored_post_logo_enable":"0","sponsored_post_logo":"","sponsored_post_desc":"","disable_ad":"0"},"jnews_primary_category":{"id":"","hide":""},"jnews_social_meta":{"fb_title":"","fb_description":"","fb_image":"","twitter_title":"","twitter_description":"","twitter_image":""},"jnews_review":[],"enable_review":"0","type":"percentage","name":"","summary":"","brand":"","sku":"","good":[{"good_text":""}],"bad":[{"bad_text":""}],"score_override":"","override_value":"","rating":[{"rating_text":"","rating_number":"10"}],"price":[{"shop":"","price":"","link":"","icon":""}],"jnews_override_counter":{"override_view_counter":"0","view_counter_number":"0","override_share_counter":"0","share_counter_number":"0","override_like_counter":"0","like_counter_number":"0","override_dislike_counter":"0","dislike_counter_number":"0"},"jnews_post_split":{"enable_post_split":"0","post_split":[{"template":"1","tag":"h2","numbering":"asc","mode":"normal","first":"0","enable_toc":"0","toc_type":"normal"}]},"footnotes":""},"categories":[58,50],"tags":[44,894,45],"class_list":["post-41391","post","type-post","status-publish","format-standard","has-post-thumbnail","hentry","category-argentina","category-entretenimiento","tag-argentina","tag-ciudad-de-buenos-aires","tag-noticias"],"_links":{"self":[{"href":"https:\/\/esreviral.com\/index.php?rest_route=\/wp\/v2\/posts\/41391","targetHints":{"allow":["GET"]}}],"collection":[{"href":"https:\/\/esreviral.com\/index.php?rest_route=\/wp\/v2\/posts"}],"about":[{"href":"https:\/\/esreviral.com\/index.php?rest_route=\/wp\/v2\/types\/post"}],"author":[{"embeddable":true,"href":"https:\/\/esreviral.com\/index.php?rest_route=\/wp\/v2\/users\/2"}],"replies":[{"embeddable":true,"href":"https:\/\/esreviral.com\/index.php?rest_route=%2Fwp%2Fv2%2Fcomments&post=41391"}],"version-history":[{"count":0,"href":"https:\/\/esreviral.com\/index.php?rest_route=\/wp\/v2\/posts\/41391\/revisions"}],"wp:featuredmedia":[{"embeddable":true,"href":"https:\/\/esreviral.com\/index.php?rest_route=\/wp\/v2\/media\/41392"}],"wp:attachment":[{"href":"https:\/\/esreviral.com\/index.php?rest_route=%2Fwp%2Fv2%2Fmedia&parent=41391"}],"wp:term":[{"taxonomy":"category","embeddable":true,"href":"https:\/\/esreviral.com\/index.php?rest_route=%2Fwp%2Fv2%2Fcategories&post=41391"},{"taxonomy":"post_tag","embeddable":true,"href":"https:\/\/esreviral.com\/index.php?rest_route=%2Fwp%2Fv2%2Ftags&post=41391"}],"curies":[{"name":"wp","href":"https:\/\/api.w.org\/{rel}","templated":true}]}}