{"id":41388,"date":"2023-08-25T10:25:32","date_gmt":"2023-08-25T15:25:32","guid":{"rendered":"https:\/\/esreviral.com\/?p=41388"},"modified":"2023-08-25T10:43:00","modified_gmt":"2023-08-25T15:43:00","slug":"llega-un-fin-de-semana-a-pura-musica-en-vicente-lopez","status":"publish","type":"post","link":"https:\/\/esreviral.com\/?p=41388","title":{"rendered":"Llega un fin de semana a pura m\u00fasica en Vicente L\u00f3pez"},"content":{"rendered":"\n<p>Este s\u00e1bado 26 de agosto se realizar\u00e1 una nueva fecha del ciclo<strong> \u2018Bandas de mi Barrio&#8217;<\/strong>, un concurso entre artistas emergentes, que compiten por incre\u00edbles premios mientras deleitan a los vecinos con sus talentos.<\/p>\n\n\n\n<p>En esta oportunidad el evento, que desde hace 10 a\u00f1os brinda a los m\u00fasicos un espacio para dar a conocer sus propuestas art\u00edsticas, se realizar\u00e1 desde las 17 horas en la Plaza Alem de Munro. All\u00ed se presentar\u00e1n las bandas semifinalistas 4 Mundos, Noctamblues, Tranca la Musa y Musas de Apolo. A su vez, el invitado especial que dar\u00e1 cierre al evento ser\u00e1 el cantante de blues, Hernan Tamanini.<\/p>\n\n\n\n<p>Pero la fiesta no termina ah\u00ed. Para los amantes del hip hop la Municipalidad de Vicente L\u00f3pez en conjunto con Gold Battle y Eje de la Rima organizan \u00abVivamos Hip Hop\u00bb, una nueva jornada a pura batalla de freestyle en la Plaza Vienni de Villa Martelli (Avenida Mitre y Laprida).<\/p>\n\n\n\n<p>Para poder participar de la competencia los interesados deber\u00e1n inscribirse previamente de manera presencial en el lugar desde las 15 horas, dando comienzo al show a las 17 horas.<\/p>\n\n\n\n<p>Las actividades tienen entrada libre y gratuita.<\/p>\n\n\n\n<p>Lea tambi\u00e9n:<strong><a href=\"https:\/\/esreviral.com\/festival-y-mundial-de-tango-la-semana-del-arte-y-mucho-mas-para-disfrutar-el-fin-de-semana-en-la-ciudad\/\"> Festival y Mundial de Tango, la Semana del Arte y mucho m\u00e1s para disfrutar el fin de semana en la Ciudad <\/a><\/strong><\/p>\n\n\n\n<p class=\"has-text-align-right\"><strong><em>Oficina de Comunicaciones.-<\/em><\/strong><\/p>\n","protected":false},"excerpt":{"rendered":"<p>Este s\u00e1bado 26 de agosto se realizar\u00e1 una nueva fecha del ciclo \u2018Bandas de mi Barrio&#8217;, un concurso entre artistas emergentes, que compiten por incre\u00edbles premios mientras deleitan a los vecinos con sus talentos. En esta oportunidad el evento, que desde hace 10 a\u00f1os brinda a los m\u00fasicos un espacio para dar a conocer sus [&hellip;]<\/p>\n","protected":false},"author":2,"featured_media":41389,"comment_status":"open","ping_status":"closed","sticky":false,"template":"","format":"standard","meta":{"jnews-multi-image_gallery":[],"jnews_single_post":{"subtitle":"","format":"standard","video":"","gallery":"","source_name":"","source_url":"","via_name":"","via_url":"","override_template":"0","override":[{"template":"4","single_blog_custom":"","parallax":"1","fullscreen":"1","layout":"right-sidebar","sidebar":"default-sidebar","second_sidebar":"default-sidebar","sticky_sidebar":"1","share_position":"top","share_float_style":"share-monocrhome","show_share_counter":"1","show_view_counter":"1","show_featured":"1","show_post_meta":"1","show_post_author":"1","show_post_author_image":"1","show_post_date":"1","post_date_format":"default","post_date_format_custom":"Y\/m\/d","show_post_category":"1","show_post_reading_time":"1","post_reading_time_wpm":"300","show_zoom_button":"1","zoom_button_out_step":"2","zoom_button_in_step":"3","show_post_tag":"1","show_prev_next_post":"1","show_popup_post":"1","number_popup_post":"1","show_author_box":"1","show_post_related":"1","show_inline_post_related":"0"}],"override_image_size":"0","image_override":[{"single_post_thumbnail_size":"crop-500","single_post_gallery_size":"crop-500"}],"trending_post":"0","trending_post_position":"meta","trending_post_label":"Trending","sponsored_post":"0","sponsored_post_label":"Sponsored by","sponsored_post_name":"","sponsored_post_url":"","sponsored_post_logo_enable":"0","sponsored_post_logo":"","sponsored_post_desc":"","disable_ad":"0"},"jnews_primary_category":{"id":"","hide":""},"jnews_social_meta":{"fb_title":"","fb_description":"","fb_image":"","twitter_title":"","twitter_description":"","twitter_image":""},"jnews_review":[],"enable_review":"0","type":"percentage","name":"","summary":"","brand":"","sku":"","good":[{"good_text":""}],"bad":[{"bad_text":""}],"score_override":"","override_value":"","rating":[{"rating_text":"","rating_number":"10"}],"price":[{"shop":"","price":"","link":"","icon":""}],"jnews_override_counter":{"override_view_counter":"0","view_counter_number":"0","override_share_counter":"0","share_counter_number":"0","override_like_counter":"0","like_counter_number":"0","override_dislike_counter":"0","dislike_counter_number":"0"},"jnews_post_split":{"enable_post_split":"0","post_split":[{"template":"1","tag":"h2","numbering":"asc","mode":"normal","first":"0","enable_toc":"0","toc_type":"normal"}]},"footnotes":""},"categories":[58,1142],"tags":[12095,45,12094,941],"class_list":["post-41388","post","type-post","status-publish","format-standard","has-post-thumbnail","hentry","category-argentina","category-musica","tag-bandas-de-mi-barrio","tag-noticias","tag-nuevas-bandas","tag-vicente-lopez"],"_links":{"self":[{"href":"https:\/\/esreviral.com\/index.php?rest_route=\/wp\/v2\/posts\/41388","targetHints":{"allow":["GET"]}}],"collection":[{"href":"https:\/\/esreviral.com\/index.php?rest_route=\/wp\/v2\/posts"}],"about":[{"href":"https:\/\/esreviral.com\/index.php?rest_route=\/wp\/v2\/types\/post"}],"author":[{"embeddable":true,"href":"https:\/\/esreviral.com\/index.php?rest_route=\/wp\/v2\/users\/2"}],"replies":[{"embeddable":true,"href":"https:\/\/esreviral.com\/index.php?rest_route=%2Fwp%2Fv2%2Fcomments&post=41388"}],"version-history":[{"count":0,"href":"https:\/\/esreviral.com\/index.php?rest_route=\/wp\/v2\/posts\/41388\/revisions"}],"wp:featuredmedia":[{"embeddable":true,"href":"https:\/\/esreviral.com\/index.php?rest_route=\/wp\/v2\/media\/41389"}],"wp:attachment":[{"href":"https:\/\/esreviral.com\/index.php?rest_route=%2Fwp%2Fv2%2Fmedia&parent=41388"}],"wp:term":[{"taxonomy":"category","embeddable":true,"href":"https:\/\/esreviral.com\/index.php?rest_route=%2Fwp%2Fv2%2Fcategories&post=41388"},{"taxonomy":"post_tag","embeddable":true,"href":"https:\/\/esreviral.com\/index.php?rest_route=%2Fwp%2Fv2%2Ftags&post=41388"}],"curies":[{"name":"wp","href":"https:\/\/api.w.org\/{rel}","templated":true}]}}