{"id":41282,"date":"2023-08-23T14:18:52","date_gmt":"2023-08-23T19:18:52","guid":{"rendered":"https:\/\/esreviral.com\/?p=41282"},"modified":"2023-08-23T14:18:53","modified_gmt":"2023-08-23T19:18:53","slug":"aprobaron-con-media-sancion-la-ley-de-alquileres","status":"publish","type":"post","link":"https:\/\/esreviral.com\/?p=41282","title":{"rendered":"Aprobaron con media sanci\u00f3n la Ley de Alquileres"},"content":{"rendered":"\n<p>La oposici\u00f3n logr\u00f3 darle&nbsp;<strong>media sanci\u00f3n&nbsp;<\/strong>en la C\u00e1mara de Diputados, con&nbsp;<strong>125 votos afirmativos<\/strong>&nbsp;contra&nbsp;<strong>112 negativos<\/strong>, a un proyecto de&nbsp;<strong>reforma de la Ley de Alquileres<\/strong>&nbsp;que entre sus puntos m\u00e1s destacados estipula volver a los&nbsp;<strong>contratos de dos a\u00f1os<\/strong>&nbsp;de duraci\u00f3n con<strong>&nbsp;actualizaciones cada cuatro meses<\/strong>&nbsp;seg\u00fan un \u00edndice o una combinaci\u00f3n de \u00edndices acordados entre propietarios e inquilinos.<\/p>\n\n\n\n<p>Primero, la oposici\u00f3n se uni\u00f3 para<strong>&nbsp;rechazar el proyecto del Frente de Todos<\/strong>&nbsp;que manten\u00eda los dos puntos m\u00e1s cuestionados de la ley actual: los contratos de tres a\u00f1os y la actualizaci\u00f3n anual. La bancada que conduce Germ\u00e1n Mart\u00ednez consideraba que la \u00fanica forma de cuidar a los inquilinos, a los que calificaron como \u201cla parte m\u00e1s d\u00e9bil\u201d, era promover incentivos fiscales para que m\u00e1s due\u00f1os pongan sus propiedades en alquiler.<\/p>\n\n\n\n<p>\u201cHay que alejarse de las posiciones electoralistas. Lo que nosotros impulsamos podr\u00e1 no ser la soluci\u00f3n total pero sin dudas es muy positiva para ampliar el stock de viviendas\u201d, dijo Mart\u00ednez.<\/p>\n\n\n\n<p>Los cambios al texto de la oposici\u00f3n fueron negociados con&nbsp;<strong>Graciela Cama\u00f1o<\/strong>, en representaci\u00f3n del Interbloque Federal, y&nbsp;<strong>Agust\u00edn Domingo<\/strong>, por los rionegrinos. \u201cA la hora de evaluar el tiempo de duraci\u00f3n de la ley actual, que es de tres a\u00f1os, en ese per\u00edodo hubo un 476% de inflaci\u00f3n\u201d, se\u00f1al\u00f3 Cama\u00f1o.<\/p>\n\n\n\n<p>La diputada bonaerense asegur\u00f3 que su objetivo es modesto: \u201cNosotros solo intentamos mejorar la oferta.&nbsp;<strong>Esta ley no fue pensada para una Argentina de 476% de inflaci\u00f3n<\/strong>\u201d.<\/p>\n\n\n\n<p>Los tres diputados de La Libertad Avanza,&nbsp;<strong>Javier Milei, Victoria Villarruel y Carolina P\u00edparo<\/strong>, votaron en contra del proyecto de Juntos por el Cambio. \u201cNo se necesita una nueva ley de alquileres.&nbsp;<strong>Hay que eliminarla y dejar de interferir en contratos privados&nbsp;<\/strong>pulverizando el derecho de propiedad. Lo \u00fanico que har\u00e1n es perjudicar a los m\u00e1s vulnerables con menos propiedades, de menor calidad y a precios m\u00e1s caros\u201d, dijo el candidato presidencial libertario.<\/p>\n\n\n\n<p class=\"has-text-align-right\"><strong><em>Infobae.-<\/em><\/strong><\/p>\n","protected":false},"excerpt":{"rendered":"<p>La oposici\u00f3n logr\u00f3 darle&nbsp;media sanci\u00f3n&nbsp;en la C\u00e1mara de Diputados, con&nbsp;125 votos afirmativos&nbsp;contra&nbsp;112 negativos, a un proyecto de&nbsp;reforma de la Ley de Alquileres&nbsp;que entre sus puntos m\u00e1s destacados estipula volver a los&nbsp;contratos de dos a\u00f1os&nbsp;de duraci\u00f3n con&nbsp;actualizaciones cada cuatro meses&nbsp;seg\u00fan un \u00edndice o una combinaci\u00f3n de \u00edndices acordados entre propietarios e inquilinos. Primero, la oposici\u00f3n se [&hellip;]<\/p>\n","protected":false},"author":2,"featured_media":41283,"comment_status":"open","ping_status":"closed","sticky":false,"template":"","format":"standard","meta":{"jnews-multi-image_gallery":[],"jnews_single_post":{"subtitle":"","format":"standard","video":"","gallery":"","source_name":"","source_url":"","via_name":"","via_url":"","override_template":"0","override":[{"template":"4","single_blog_custom":"","parallax":"1","fullscreen":"1","layout":"right-sidebar","sidebar":"default-sidebar","second_sidebar":"default-sidebar","sticky_sidebar":"1","share_position":"top","share_float_style":"share-monocrhome","show_share_counter":"1","show_view_counter":"1","show_featured":"1","show_post_meta":"1","show_post_author":"1","show_post_author_image":"1","show_post_date":"1","post_date_format":"default","post_date_format_custom":"Y\/m\/d","show_post_category":"1","show_post_reading_time":"1","post_reading_time_wpm":"300","show_zoom_button":"1","zoom_button_out_step":"2","zoom_button_in_step":"3","show_post_tag":"1","show_prev_next_post":"1","show_popup_post":"1","number_popup_post":"1","show_author_box":"1","show_post_related":"1","show_inline_post_related":"0"}],"override_image_size":"0","image_override":[{"single_post_thumbnail_size":"crop-500","single_post_gallery_size":"crop-500"}],"trending_post":"0","trending_post_position":"meta","trending_post_label":"Trending","sponsored_post":"0","sponsored_post_label":"Sponsored by","sponsored_post_name":"","sponsored_post_url":"","sponsored_post_logo_enable":"0","sponsored_post_logo":"","sponsored_post_desc":"","disable_ad":"0"},"jnews_primary_category":{"id":"","hide":""},"jnews_social_meta":{"fb_title":"","fb_description":"","fb_image":"","twitter_title":"","twitter_description":"","twitter_image":""},"jnews_review":[],"enable_review":"0","type":"percentage","name":"","summary":"","brand":"","sku":"","good":[{"good_text":""}],"bad":[{"bad_text":""}],"score_override":"","override_value":"","rating":[{"rating_text":"","rating_number":"10"}],"price":[{"shop":"","price":"","link":"","icon":""}],"jnews_override_counter":{"override_view_counter":"0","view_counter_number":"0","override_share_counter":"0","share_counter_number":"0","override_like_counter":"0","like_counter_number":"0","override_dislike_counter":"0","dislike_counter_number":"0"},"jnews_post_split":{"enable_post_split":"0","post_split":[{"template":"1","tag":"h2","numbering":"asc","mode":"normal","first":"0","enable_toc":"0","toc_type":"normal"}]},"footnotes":""},"categories":[58,59],"tags":[44,1747,45],"class_list":["post-41282","post","type-post","status-publish","format-standard","has-post-thumbnail","hentry","category-argentina","category-politica","tag-argentina","tag-ley-de-alquileres","tag-noticias"],"_links":{"self":[{"href":"https:\/\/esreviral.com\/index.php?rest_route=\/wp\/v2\/posts\/41282","targetHints":{"allow":["GET"]}}],"collection":[{"href":"https:\/\/esreviral.com\/index.php?rest_route=\/wp\/v2\/posts"}],"about":[{"href":"https:\/\/esreviral.com\/index.php?rest_route=\/wp\/v2\/types\/post"}],"author":[{"embeddable":true,"href":"https:\/\/esreviral.com\/index.php?rest_route=\/wp\/v2\/users\/2"}],"replies":[{"embeddable":true,"href":"https:\/\/esreviral.com\/index.php?rest_route=%2Fwp%2Fv2%2Fcomments&post=41282"}],"version-history":[{"count":0,"href":"https:\/\/esreviral.com\/index.php?rest_route=\/wp\/v2\/posts\/41282\/revisions"}],"wp:featuredmedia":[{"embeddable":true,"href":"https:\/\/esreviral.com\/index.php?rest_route=\/wp\/v2\/media\/41283"}],"wp:attachment":[{"href":"https:\/\/esreviral.com\/index.php?rest_route=%2Fwp%2Fv2%2Fmedia&parent=41282"}],"wp:term":[{"taxonomy":"category","embeddable":true,"href":"https:\/\/esreviral.com\/index.php?rest_route=%2Fwp%2Fv2%2Fcategories&post=41282"},{"taxonomy":"post_tag","embeddable":true,"href":"https:\/\/esreviral.com\/index.php?rest_route=%2Fwp%2Fv2%2Ftags&post=41282"}],"curies":[{"name":"wp","href":"https:\/\/api.w.org\/{rel}","templated":true}]}}