{"id":4128,"date":"2021-02-17T12:32:09","date_gmt":"2021-02-17T15:32:09","guid":{"rendered":"http:\/\/esreviral.com\/?p=4128"},"modified":"2021-02-17T12:32:09","modified_gmt":"2021-02-17T15:32:09","slug":"transporte-publico-con-prioridad-para-ninos-y-sus-padres-en-el-retorno-a-clases","status":"publish","type":"post","link":"https:\/\/esreviral.com\/?p=4128","title":{"rendered":"Transporte p\u00fablico con prioridad para ni\u00f1os y sus padres en el retorno a clases"},"content":{"rendered":"\n<p>Tal como estaba previsto, el transporte p\u00fablico en Buenos Aires, tendr\u00e1 prioridad para los ni\u00f1os y sus representantes que los llevar\u00e1n hasta las escuelas. <\/p>\n\n\n\n<p>Para ello, desde el Ministerio de Educaci\u00f3n, el de seguridad y el de transporte de la Naci\u00f3n en conjunto con cuerpos de seguridad de la Ciudad, armaron un protocolo para evitar que los peque\u00f1os puedan contagiarse.<\/p>\n\n\n\n<figure class=\"wp-block-image size-large\"><img decoding=\"async\" src=\"https:\/\/pbs.twimg.com\/media\/EubSaMFWgAMe1V_?format=jpg&amp;name=large\" alt=\"\"\/><\/figure>\n\n\n\n<p> Desde tempranas horas del d\u00eda, las estaciones de Recreo y Constituci\u00f3n fueron de las m\u00e1s concurridas, y es que, con el retorno a las clases presenciales, m\u00e1s de un mill\u00f3n y medio de personas volvieron a las calles. <\/p>\n\n\n\n<figure class=\"wp-block-image size-large\"><img decoding=\"async\" src=\"https:\/\/pbs.twimg.com\/media\/EubSaMiXIAQZ4IT?format=jpg&amp;name=large\" alt=\"\"\/><\/figure>\n\n\n\n<figure class=\"wp-block-image size-large\"><img decoding=\"async\" src=\"https:\/\/pbs.twimg.com\/media\/EubSaMiXIAIYIUR?format=jpg&amp;name=large\" alt=\"\"\/><\/figure>\n\n\n\n<p>A pesar que los organismos de seguridad trabajan para que el transporte p\u00fablico sea para los esenciales y estudiantes, la realidad es que todas las personas que necesitan hacer uso de las unidades, lo est\u00e1n haciendo. <\/p>\n","protected":false},"excerpt":{"rendered":"<p>Tal como estaba previsto, el transporte p\u00fablico en Buenos Aires, tendr\u00e1 prioridad para los ni\u00f1os y sus representantes que los llevar\u00e1n hasta las escuelas. Para ello, desde el Ministerio de Educaci\u00f3n, el de seguridad y el de transporte de la Naci\u00f3n en conjunto con cuerpos de seguridad de la Ciudad, armaron un protocolo para evitar [&hellip;]<\/p>\n","protected":false},"author":2,"featured_media":4129,"comment_status":"open","ping_status":"open","sticky":false,"template":"","format":"standard","meta":{"jnews-multi-image_gallery":[],"jnews_single_post":[],"jnews_primary_category":[],"jnews_social_meta":[],"jnews_review":[],"enable_review":"","type":"","name":"","summary":"","brand":"","sku":"","good":[],"bad":[],"score_override":"","override_value":"","rating":[],"price":[],"jnews_override_counter":[],"jnews_post_split":[],"footnotes":""},"categories":[58],"tags":[44,202,81],"class_list":["post-4128","post","type-post","status-publish","format-standard","has-post-thumbnail","hentry","category-argentina","tag-argentina","tag-educacion","tag-regreso-a-clases"],"amp_enabled":true,"_links":{"self":[{"href":"https:\/\/esreviral.com\/index.php?rest_route=\/wp\/v2\/posts\/4128"}],"collection":[{"href":"https:\/\/esreviral.com\/index.php?rest_route=\/wp\/v2\/posts"}],"about":[{"href":"https:\/\/esreviral.com\/index.php?rest_route=\/wp\/v2\/types\/post"}],"author":[{"embeddable":true,"href":"https:\/\/esreviral.com\/index.php?rest_route=\/wp\/v2\/users\/2"}],"replies":[{"embeddable":true,"href":"https:\/\/esreviral.com\/index.php?rest_route=%2Fwp%2Fv2%2Fcomments&post=4128"}],"version-history":[{"count":0,"href":"https:\/\/esreviral.com\/index.php?rest_route=\/wp\/v2\/posts\/4128\/revisions"}],"wp:featuredmedia":[{"embeddable":true,"href":"https:\/\/esreviral.com\/index.php?rest_route=\/"}],"wp:attachment":[{"href":"https:\/\/esreviral.com\/index.php?rest_route=%2Fwp%2Fv2%2Fmedia&parent=4128"}],"wp:term":[{"taxonomy":"category","embeddable":true,"href":"https:\/\/esreviral.com\/index.php?rest_route=%2Fwp%2Fv2%2Fcategories&post=4128"},{"taxonomy":"post_tag","embeddable":true,"href":"https:\/\/esreviral.com\/index.php?rest_route=%2Fwp%2Fv2%2Ftags&post=4128"}],"curies":[{"name":"wp","href":"https:\/\/api.w.org\/{rel}","templated":true}]}}