{"id":41233,"date":"2023-08-22T17:13:27","date_gmt":"2023-08-22T22:13:27","guid":{"rendered":"https:\/\/esreviral.com\/?p=41233"},"modified":"2023-08-22T17:13:28","modified_gmt":"2023-08-22T22:13:28","slug":"vocera-del-gobierno-desmiente-los-saqueos-y-culpa-a-seguidores-y-empleados-de-milei","status":"publish","type":"post","link":"https:\/\/esreviral.com\/?p=41233","title":{"rendered":"Vocera del Gobierno desmiente los saqueos y culpa a \u00abseguidores y empleados de Milei\u00bb"},"content":{"rendered":"\n<p><strong><em>CIS.-<\/em><\/strong> La vocera del Gobierno de Argentina, Gabriela Cerruti, desminti\u00f3 que hubiesen saqueos en el pa\u00eds y a trav\u00e9s de un tuit culp\u00f3 a los <strong>\u00abseguidores y empleados de Milei\u00bb.<\/strong><\/p>\n\n\n\n<p><strong>\u00abLas im\u00e1genes que est\u00e1n circulando en las redes son falsas, publicadas en cuentas que claramente son seguidores o empleados de Javier Milei\u00bb<\/strong>, asegur\u00f3. <\/p>\n\n\n\n<p>Aclar\u00f3 que ser\u00edan rumores a trav\u00e9s de grupos de whatsaap.<strong> \u00abNo hay tales saqueos: hay rumores y agitaci\u00f3n a trav\u00e9s de grupos de whatssapp porque son profundamente antidem\u00f3craticos y quieren desestabilizar\u00bb<\/strong>, escribi\u00f3, citando un tuit del candidato de La Libertad Avanza que dos hora antes hab\u00eda dicho que las im\u00e1genes le recordaban a las del a\u00f1o 2001. <\/p>\n\n\n\n<p>Lea tambi\u00e9n: <a href=\"https:\/\/esreviral.com\/incertidumbre-reportan-saqueos-en-jose-c-paz-video\/\">Incertidumbre: Reportan saqueos en Jos\u00e9 C Paz (+VIDEO)<\/a><\/p>\n\n\n\n<figure class=\"wp-block-embed is-type-rich is-provider-twitter wp-block-embed-twitter\"><div class=\"wp-block-embed__wrapper\">\nhttps:\/\/twitter.com\/gabicerru\/status\/1694104831772795319\n<\/div><\/figure>\n","protected":false},"excerpt":{"rendered":"<p>CIS.- La vocera del Gobierno de Argentina, Gabriela Cerruti, desminti\u00f3 que hubiesen saqueos en el pa\u00eds y a trav\u00e9s de un tuit culp\u00f3 a los \u00abseguidores y empleados de Milei\u00bb. \u00abLas im\u00e1genes que est\u00e1n circulando en las redes son falsas, publicadas en cuentas que claramente son seguidores o empleados de Javier Milei\u00bb, asegur\u00f3. Aclar\u00f3 que [&hellip;]<\/p>\n","protected":false},"author":2,"featured_media":41234,"comment_status":"open","ping_status":"closed","sticky":false,"template":"","format":"standard","meta":{"jnews-multi-image_gallery":[],"jnews_single_post":{"subtitle":"","format":"standard","video":"","gallery":"","source_name":"","source_url":"","via_name":"","via_url":"","override_template":"0","override":[{"template":"4","single_blog_custom":"","parallax":"1","fullscreen":"1","layout":"right-sidebar","sidebar":"default-sidebar","second_sidebar":"default-sidebar","sticky_sidebar":"1","share_position":"top","share_float_style":"share-monocrhome","show_share_counter":"1","show_view_counter":"1","show_featured":"1","show_post_meta":"1","show_post_author":"1","show_post_author_image":"1","show_post_date":"1","post_date_format":"default","post_date_format_custom":"Y\/m\/d","show_post_category":"1","show_post_reading_time":"1","post_reading_time_wpm":"300","show_zoom_button":"1","zoom_button_out_step":"2","zoom_button_in_step":"3","show_post_tag":"1","show_prev_next_post":"1","show_popup_post":"1","number_popup_post":"1","show_author_box":"1","show_post_related":"1","show_inline_post_related":"0"}],"override_image_size":"0","image_override":[{"single_post_thumbnail_size":"crop-500","single_post_gallery_size":"crop-500"}],"trending_post":"0","trending_post_position":"meta","trending_post_label":"Trending","sponsored_post":"0","sponsored_post_label":"Sponsored by","sponsored_post_name":"","sponsored_post_url":"","sponsored_post_logo_enable":"0","sponsored_post_logo":"","sponsored_post_desc":"","disable_ad":"0"},"jnews_primary_category":{"id":"","hide":""},"jnews_social_meta":{"fb_title":"","fb_description":"","fb_image":"","twitter_title":"","twitter_description":"","twitter_image":""},"jnews_review":[],"enable_review":"0","type":"percentage","name":"","summary":"","brand":"","sku":"","good":[{"good_text":""}],"bad":[{"bad_text":""}],"score_override":"","override_value":"","rating":[{"rating_text":"","rating_number":"10"}],"price":[{"shop":"","price":"","link":"","icon":""}],"jnews_override_counter":{"override_view_counter":"0","view_counter_number":"0","override_share_counter":"0","share_counter_number":"0","override_like_counter":"0","like_counter_number":"0","override_dislike_counter":"0","dislike_counter_number":"0"},"jnews_post_split":{"enable_post_split":"0","post_split":[{"template":"1","tag":"h2","numbering":"asc","mode":"normal","first":"0","enable_toc":"0","toc_type":"normal"}]},"footnotes":""},"categories":[58,59],"tags":[44,3106,1396,45,12039],"class_list":["post-41233","post","type-post","status-publish","format-standard","has-post-thumbnail","hentry","category-argentina","category-politica","tag-argentina","tag-cerruti","tag-gabriela-cerruti","tag-noticias","tag-saqueos"],"amp_enabled":true,"_links":{"self":[{"href":"https:\/\/esreviral.com\/index.php?rest_route=\/wp\/v2\/posts\/41233"}],"collection":[{"href":"https:\/\/esreviral.com\/index.php?rest_route=\/wp\/v2\/posts"}],"about":[{"href":"https:\/\/esreviral.com\/index.php?rest_route=\/wp\/v2\/types\/post"}],"author":[{"embeddable":true,"href":"https:\/\/esreviral.com\/index.php?rest_route=\/wp\/v2\/users\/2"}],"replies":[{"embeddable":true,"href":"https:\/\/esreviral.com\/index.php?rest_route=%2Fwp%2Fv2%2Fcomments&post=41233"}],"version-history":[{"count":0,"href":"https:\/\/esreviral.com\/index.php?rest_route=\/wp\/v2\/posts\/41233\/revisions"}],"wp:featuredmedia":[{"embeddable":true,"href":"https:\/\/esreviral.com\/index.php?rest_route=\/wp\/v2\/media\/41234"}],"wp:attachment":[{"href":"https:\/\/esreviral.com\/index.php?rest_route=%2Fwp%2Fv2%2Fmedia&parent=41233"}],"wp:term":[{"taxonomy":"category","embeddable":true,"href":"https:\/\/esreviral.com\/index.php?rest_route=%2Fwp%2Fv2%2Fcategories&post=41233"},{"taxonomy":"post_tag","embeddable":true,"href":"https:\/\/esreviral.com\/index.php?rest_route=%2Fwp%2Fv2%2Ftags&post=41233"}],"curies":[{"name":"wp","href":"https:\/\/api.w.org\/{rel}","templated":true}]}}