{"id":4122,"date":"2021-02-17T12:15:26","date_gmt":"2021-02-17T15:15:26","guid":{"rendered":"http:\/\/esreviral.com\/?p=4122"},"modified":"2021-02-17T12:15:26","modified_gmt":"2021-02-17T15:15:26","slug":"enfotos-sin-tapabocas-y-con-disfraces-carnaval-sabana-grande-estuvo-abarrotado","status":"publish","type":"post","link":"https:\/\/esreviral.com\/?p=4122","title":{"rendered":"#ENFOTOS Sin tapabocas y con disfraces: Carnaval  Sabana Grande estuvo abarrotado"},"content":{"rendered":"\n<p>En el bulevar de Sabana Grande parece<strong>\u00a0haber abundado m\u00e1s el uso de disfraces que de tapabocas<\/strong>\u00a0en el \u00faltimo d\u00eda de carnaval. En fotograf\u00edas difundidas por el periodista Rom\u00e1n Camacho se observa que muchos ciudadanos no cumpl\u00edan con las medidas de bioseguridad para prevenir el contagio de coronavirus.<\/p>\n\n\n\n<p>Los d\u00edas de flexibilizaci\u00f3n de la cuarentena, que comenzaron el lunes 8 de febrero,&nbsp;<strong>se extendieron hasta el martes 16 de febrero<\/strong>&nbsp;por decisi\u00f3n del r\u00e9gimen de Nicol\u00e1s Maduro para que los ciudadanos, a pesar de que el reporte diario de casos de covid-19 ha seguido creciendo, pudieran disfrutar de los d\u00edas de asueto.<\/p>\n\n\n\n<p>En cualquiera de las im\u00e1genes publicadas por Camacho aparecen personas que no&nbsp;<strong>tienen puesto el tapabocas o lo llevan&nbsp;<\/strong>en el cuello, el ment\u00f3n o por debajo de la nariz. Incluso los ni\u00f1os y los beb\u00e9s, que llevaban disfraces de princesas y de funcionarios de la Fuerza de Acciones Especiales, tampoco estaban protegidos.<\/p>\n\n\n\n<p>Tampoco guardaron el distanciamiento f\u00edsico.<\/p>\n\n\n\n<p>Los datos publicados por el r\u00e9gimen socialista se\u00f1alan que en lo que va de a\u00f1o ha habido un<strong>\u00a0aumento importante en el n\u00famero de menores fallecidos<\/strong>\u00a0por la pandemia, incluidos cuatro beb\u00e9s y una adolescente de 17 a\u00f1os de edad.<\/p>\n\n\n\n<p>El concurrido bulevar de Sabana Grande es uno de los puntos de Caracas en donde los ciudadanos, en los d\u00edas de carnaval, se aglomeran para celebrar.&nbsp;<strong>Disfrazados o no, caminan, se arrojan papelillos y algunos grupos extremos echan agua o pintura<\/strong>. Tambi\u00e9n se han reportado personas que aprovechan las vestimentas para refugiarse y cometer robos y agresiones.<\/p>\n\n\n\n<figure class=\"wp-block-image\" id=\"attachment_655531\"><img decoding=\"async\" src=\"https:\/\/cdn.elnacional.com\/wp-content\/uploads\/2021\/02\/carnaval-sabana-grande-12.jpg\" alt=\"\" class=\"wp-image-655531\"\/><figcaption>Rom\u00e1n Camacho (@RCamachoVzla)<\/figcaption><\/figure>\n\n\n\n<figure class=\"wp-block-image\" id=\"attachment_655530\"><img decoding=\"async\" src=\"https:\/\/cdn.elnacional.com\/wp-content\/uploads\/2021\/02\/carnaval-sabana-grande-11.jpg\" alt=\"\" class=\"wp-image-655530\"\/><figcaption>Rom\u00e1n Camacho (@RCamachoVzla)<\/figcaption><\/figure>\n\n\n\n<figure class=\"wp-block-image\" id=\"attachment_655529\"><img decoding=\"async\" src=\"https:\/\/cdn.elnacional.com\/wp-content\/uploads\/2021\/02\/carnaval-sabana-grande-10.jpg\" alt=\"\" class=\"wp-image-655529\"\/><figcaption>Rom\u00e1n Camacho (@RCamachoVzla)<\/figcaption><\/figure>\n\n\n\n<figure class=\"wp-block-image\" id=\"attachment_655527\"><img decoding=\"async\" src=\"https:\/\/cdn.elnacional.com\/wp-content\/uploads\/2021\/02\/carnaval-sabana-grande-8.jpg\" alt=\"\" class=\"wp-image-655527\"\/><figcaption>Rom\u00e1n Camacho (@RCamachoVzla)<\/figcaption><\/figure>\n\n\n\n<figure class=\"wp-block-image\" id=\"attachment_655522\"><img decoding=\"async\" src=\"https:\/\/cdn.elnacional.com\/wp-content\/uploads\/2021\/02\/carnaval-sabana-grande-3.jpg\" alt=\"\" class=\"wp-image-655522\"\/><figcaption>Rom\u00e1n Camacho (@RCamachoVzla)<\/figcaption><\/figure>\n\n\n\n<figure class=\"wp-block-image\" id=\"attachment_655523\"><img decoding=\"async\" src=\"https:\/\/cdn.elnacional.com\/wp-content\/uploads\/2021\/02\/carnaval-sabana-grande-4.jpg\" alt=\"\" class=\"wp-image-655523\"\/><figcaption>Rom\u00e1n Camacho (@RCamachoVzla)<\/figcaption><\/figure>\n\n\n\n<figure class=\"wp-block-image\" id=\"attachment_655524\"><img decoding=\"async\" src=\"https:\/\/cdn.elnacional.com\/wp-content\/uploads\/2021\/02\/carnaval-sabana-grande-5.jpg\" alt=\"\" class=\"wp-image-655524\"\/><figcaption>Rom\u00e1n Camacho (@RCamachoVzla)<\/figcaption><\/figure>\n\n\n\n<figure class=\"wp-block-image\" id=\"attachment_655525\"><img decoding=\"async\" src=\"https:\/\/cdn.elnacional.com\/wp-content\/uploads\/2021\/02\/carnaval-sabana-grande-6.jpg\" alt=\"\" class=\"wp-image-655525\"\/><figcaption>Rom\u00e1n Camacho (@RCamachoVzla)<\/figcaption><\/figure>\n\n\n\n<figure class=\"wp-block-image\" id=\"attachment_655526\"><img decoding=\"async\" src=\"https:\/\/cdn.elnacional.com\/wp-content\/uploads\/2021\/02\/carnaval-sabana-grande-7.jpg\" alt=\"\" class=\"wp-image-655526\"\/><figcaption>Rom\u00e1n Camacho (@RCamachoVzla)<\/figcaption><\/figure>\n\n\n\n<figure class=\"wp-block-image\" id=\"attachment_655520\"><img decoding=\"async\" src=\"https:\/\/cdn.elnacional.com\/wp-content\/uploads\/2021\/02\/carnaval-sabana-grande-1.jpg\" alt=\"\" class=\"wp-image-655520\"\/><figcaption>Rom\u00e1n Camacho (@RCamachoVzla)<\/figcaption><\/figure>\n\n\n\n<figure class=\"wp-block-image\" id=\"attachment_655521\"><img decoding=\"async\" src=\"https:\/\/cdn.elnacional.com\/wp-content\/uploads\/2021\/02\/carnaval-sabana-grande-2.jpg\" alt=\"\" class=\"wp-image-655521\"\/><figcaption>Rom\u00e1n Camacho (@RCamachoVzla)<\/figcaption><\/figure>\n\n\n\n<p class=\"has-text-align-right\"><strong><em>El Nacional.-<\/em><\/strong><\/p>\n","protected":false},"excerpt":{"rendered":"<p>Los d\u00edas de flexibilizaci\u00f3n de la cuarentena, que comenzaron el lunes 8 de febrero, se extendieron hasta el martes 16 de febrero por decisi\u00f3n del r\u00e9gimen de Nicol\u00e1s Maduro<\/p>\n","protected":false},"author":2,"featured_media":4123,"comment_status":"open","ping_status":"open","sticky":false,"template":"","format":"standard","meta":{"jnews-multi-image_gallery":[],"jnews_single_post":[],"jnews_primary_category":[],"jnews_social_meta":[],"jnews_review":[],"enable_review":"","type":"","name":"","summary":"","brand":"","sku":"","good":[],"bad":[],"score_override":"","override_value":"","rating":[],"price":[],"jnews_override_counter":[],"jnews_post_split":[],"footnotes":""},"categories":[66],"tags":[329,562,45,56],"class_list":["post-4122","post","type-post","status-publish","format-standard","has-post-thumbnail","hentry","category-venezuela","tag-caracas","tag-carnaval","tag-noticias","tag-venezuela"],"amp_enabled":true,"_links":{"self":[{"href":"https:\/\/esreviral.com\/index.php?rest_route=\/wp\/v2\/posts\/4122"}],"collection":[{"href":"https:\/\/esreviral.com\/index.php?rest_route=\/wp\/v2\/posts"}],"about":[{"href":"https:\/\/esreviral.com\/index.php?rest_route=\/wp\/v2\/types\/post"}],"author":[{"embeddable":true,"href":"https:\/\/esreviral.com\/index.php?rest_route=\/wp\/v2\/users\/2"}],"replies":[{"embeddable":true,"href":"https:\/\/esreviral.com\/index.php?rest_route=%2Fwp%2Fv2%2Fcomments&post=4122"}],"version-history":[{"count":0,"href":"https:\/\/esreviral.com\/index.php?rest_route=\/wp\/v2\/posts\/4122\/revisions"}],"wp:featuredmedia":[{"embeddable":true,"href":"https:\/\/esreviral.com\/index.php?rest_route=\/"}],"wp:attachment":[{"href":"https:\/\/esreviral.com\/index.php?rest_route=%2Fwp%2Fv2%2Fmedia&parent=4122"}],"wp:term":[{"taxonomy":"category","embeddable":true,"href":"https:\/\/esreviral.com\/index.php?rest_route=%2Fwp%2Fv2%2Fcategories&post=4122"},{"taxonomy":"post_tag","embeddable":true,"href":"https:\/\/esreviral.com\/index.php?rest_route=%2Fwp%2Fv2%2Ftags&post=4122"}],"curies":[{"name":"wp","href":"https:\/\/api.w.org\/{rel}","templated":true}]}}