{"id":41067,"date":"2023-08-18T14:02:47","date_gmt":"2023-08-18T19:02:47","guid":{"rendered":"https:\/\/esreviral.com\/?p=41067"},"modified":"2023-08-18T15:01:39","modified_gmt":"2023-08-18T20:01:39","slug":"no-hacemos-pactos-con-comunistas-javier-milei-promete-cambiar-la-politica-de-argentina-hacia-venezuela","status":"publish","type":"post","link":"https:\/\/esreviral.com\/?p=41067","title":{"rendered":"\u201cNo hacemos pactos con comunistas\u201d: Javier Milei promete cambiar la pol\u00edtica de Argentina hacia Venezuela"},"content":{"rendered":"\n<p>El candidato presidencial Javier Milei prev\u00e9, de llegar a la Presidencia de Argentina,<strong>&nbsp;cambiar las relaciones con el gobierno de Nicol\u00e1s Maduro<\/strong>&nbsp;en Venezuela.<\/p>\n\n\n\n<p>Tambi\u00e9n dijo que China pasar\u00eda a ser solo un socio comercial del sector privado, pero, afirm\u00f3,&nbsp;<strong>su gobierno no har\u00e1 pacto con comunistas.<\/strong>&nbsp;\u201cLa gente no es libre en China, no pueden hacer lo que quieren y cuando lo hacen, los matan. \u00bfComerciar\u00edas con un asesino?\u201d, manifest\u00f3.<\/p>\n\n\n\n<p><strong>\u201cNo promover\u00eda la relaci\u00f3n con comunistas.<\/strong>&nbsp;Ni con Cuba ni con Venezuela ni con Corea del Norte ni con Nicaragua ni con China\u00bb, agreg\u00f3 el candidato en una entrevista con&nbsp;<em><a href=\"https:\/\/www.youtube.com\/watch?v=vn-a527pCr4\">Bloomberg<\/a><\/em>.<\/p>\n\n\n\n<p>Milei, l\u00edder de La Libertad Avanza, tambi\u00e9n&nbsp;<strong>cree necesaria la eliminaci\u00f3n del Mercado Com\u00fan del Sur<\/strong>&nbsp;porque es \u201cuna uni\u00f3n aduanera defectuosa\u201d&nbsp;que perjudica a los argentinos. \u201cEn el fondo, es un comercio administrado por Estados para favorecer a empresarios prebendarios\u201d, manifest\u00f3.<\/p>\n\n\n\n<p>El candidato, que&nbsp;<a href=\"https:\/\/esreviral.com\/batacazo-javier-milei-fue-el-candidato-mas-votado-en-argentina\/\">se impuso en las elecciones primarias del pasado domingo&nbsp;en Argentina<\/a> con 30,04 % de los votos,&nbsp;<strong>recibi\u00f3 una respuesta del r\u00e9gimen de Xi Jinping.<\/strong>&nbsp;La Canciller\u00eda china asegur\u00f3 que si Milei visitara el pa\u00eds y lo observara responder\u00eda de manera diferente a la pregunta de si China es libre, rese\u00f1\u00f3 Efe.<\/p>\n\n\n\n<p>El portavoz Wang Wenbin asegur\u00f3 que China, bajo el liderazgo del Partido Comunista Chino, ha logrado \u201cdos grandes milagros\u201d: \u201cel r\u00e1pido desarrollo econ\u00f3mico y la estabilidad social a largo plazo\u201d.<\/p>\n\n\n\n<p>Seg\u00fan Wang, el sentimiento de felicidad y seguridad de los chinos<strong>&nbsp;aumenta cada d\u00eda.&nbsp;<\/strong>\u201cLa libertad es parte importante de los valores comunes de toda la humanidad y de los valores fundamentales del socialismo\u201d, dijo Wenbin.<\/p>\n\n\n\n<p>Lea tambi\u00e9n: <strong><a href=\"https:\/\/esreviral.com\/amplian-el-comando-del-voto-migrante-venezolanos-con-la-libertad\/\">Ampl\u00edan el comando del voto migrante \u201cVenezolanos con la Libertad\u201d<\/a><\/strong><\/p>\n\n\n\n<p class=\"has-text-align-right\"><strong><em>El Nacional.-<\/em><\/strong><\/p>\n\n\n\n<figure class=\"wp-block-embed is-type-video is-provider-youtube wp-block-embed-youtube wp-embed-aspect-16-9 wp-has-aspect-ratio\"><div class=\"wp-block-embed__wrapper\">\n<div class=\"jeg_video_container jeg_video_content\"><iframe title=\"Exclusiva con Javier Milei: Promete pagar deuda de Argentina y cerrar el banco central\" width=\"500\" height=\"281\" src=\"https:\/\/www.youtube.com\/embed\/vn-a527pCr4?feature=oembed\" frameborder=\"0\" allow=\"accelerometer; autoplay; clipboard-write; encrypted-media; gyroscope; picture-in-picture; web-share\" referrerpolicy=\"strict-origin-when-cross-origin\" allowfullscreen><\/iframe><\/div>\n<\/div><\/figure>\n","protected":false},"excerpt":{"rendered":"<p>El candidato presidencial Javier Milei prev\u00e9, de llegar a la Presidencia de Argentina,&nbsp;cambiar las relaciones con el gobierno de Nicol\u00e1s Maduro&nbsp;en Venezuela. Tambi\u00e9n dijo que China pasar\u00eda a ser solo un socio comercial del sector privado, pero, afirm\u00f3,&nbsp;su gobierno no har\u00e1 pacto con comunistas.&nbsp;\u201cLa gente no es libre en China, no pueden hacer lo que [&hellip;]<\/p>\n","protected":false},"author":2,"featured_media":41069,"comment_status":"open","ping_status":"closed","sticky":false,"template":"","format":"standard","meta":{"jnews-multi-image_gallery":[],"jnews_single_post":{"subtitle":"","format":"standard","video":"","gallery":"","source_name":"","source_url":"","via_name":"","via_url":"","override_template":"0","override":[{"template":"4","single_blog_custom":"","parallax":"1","fullscreen":"1","layout":"right-sidebar","sidebar":"default-sidebar","second_sidebar":"default-sidebar","sticky_sidebar":"1","share_position":"top","share_float_style":"share-monocrhome","show_share_counter":"1","show_view_counter":"1","show_featured":"1","show_post_meta":"1","show_post_author":"1","show_post_author_image":"1","show_post_date":"1","post_date_format":"default","post_date_format_custom":"Y\/m\/d","show_post_category":"1","show_post_reading_time":"1","post_reading_time_wpm":"300","show_zoom_button":"1","zoom_button_out_step":"2","zoom_button_in_step":"3","show_post_tag":"1","show_prev_next_post":"1","show_popup_post":"1","number_popup_post":"1","show_author_box":"1","show_post_related":"1","show_inline_post_related":"0"}],"override_image_size":"0","image_override":[{"single_post_thumbnail_size":"crop-500","single_post_gallery_size":"crop-500"}],"trending_post":"0","trending_post_position":"meta","trending_post_label":"Trending","sponsored_post":"0","sponsored_post_label":"Sponsored by","sponsored_post_name":"","sponsored_post_url":"","sponsored_post_logo_enable":"0","sponsored_post_logo":"","sponsored_post_desc":"","disable_ad":"0"},"jnews_primary_category":{"id":"","hide":""},"jnews_social_meta":{"fb_title":"","fb_description":"","fb_image":"","twitter_title":"","twitter_description":"","twitter_image":""},"jnews_review":[],"enable_review":"0","type":"percentage","name":"","summary":"","brand":"","sku":"","good":[{"good_text":""}],"bad":[{"bad_text":""}],"score_override":"","override_value":"","rating":[{"rating_text":"","rating_number":"10"}],"price":[{"shop":"","price":"","link":"","icon":""}],"jnews_override_counter":{"override_view_counter":"0","view_counter_number":"0","override_share_counter":"0","share_counter_number":"0","override_like_counter":"0","like_counter_number":"0","override_dislike_counter":"0","dislike_counter_number":"0"},"jnews_post_split":{"enable_post_split":"0","post_split":[{"template":"1","tag":"h2","numbering":"asc","mode":"normal","first":"0","enable_toc":"0","toc_type":"normal"}]},"footnotes":""},"categories":[59],"tags":[44,1158,45,67,56],"class_list":["post-41067","post","type-post","status-publish","format-standard","has-post-thumbnail","hentry","category-politica","tag-argentina","tag-javier-milei","tag-noticias","tag-venezolanos-en-argentina","tag-venezuela"],"amp_enabled":true,"_links":{"self":[{"href":"https:\/\/esreviral.com\/index.php?rest_route=\/wp\/v2\/posts\/41067"}],"collection":[{"href":"https:\/\/esreviral.com\/index.php?rest_route=\/wp\/v2\/posts"}],"about":[{"href":"https:\/\/esreviral.com\/index.php?rest_route=\/wp\/v2\/types\/post"}],"author":[{"embeddable":true,"href":"https:\/\/esreviral.com\/index.php?rest_route=\/wp\/v2\/users\/2"}],"replies":[{"embeddable":true,"href":"https:\/\/esreviral.com\/index.php?rest_route=%2Fwp%2Fv2%2Fcomments&post=41067"}],"version-history":[{"count":0,"href":"https:\/\/esreviral.com\/index.php?rest_route=\/wp\/v2\/posts\/41067\/revisions"}],"wp:featuredmedia":[{"embeddable":true,"href":"https:\/\/esreviral.com\/index.php?rest_route=\/wp\/v2\/media\/41069"}],"wp:attachment":[{"href":"https:\/\/esreviral.com\/index.php?rest_route=%2Fwp%2Fv2%2Fmedia&parent=41067"}],"wp:term":[{"taxonomy":"category","embeddable":true,"href":"https:\/\/esreviral.com\/index.php?rest_route=%2Fwp%2Fv2%2Fcategories&post=41067"},{"taxonomy":"post_tag","embeddable":true,"href":"https:\/\/esreviral.com\/index.php?rest_route=%2Fwp%2Fv2%2Ftags&post=41067"}],"curies":[{"name":"wp","href":"https:\/\/api.w.org\/{rel}","templated":true}]}}