{"id":41058,"date":"2023-08-18T10:13:55","date_gmt":"2023-08-18T15:13:55","guid":{"rendered":"https:\/\/esreviral.com\/?p=41058"},"modified":"2023-08-18T10:13:56","modified_gmt":"2023-08-18T15:13:56","slug":"luego-de-la-tormenta-se-esperan-vientos-y-algunas-lluvias-en-el-area-metropolitana","status":"publish","type":"post","link":"https:\/\/esreviral.com\/?p=41058","title":{"rendered":"Luego de la tormenta, se esperan vientos y algunas lluvias en el \u00c1rea Metropolitana"},"content":{"rendered":"\n<p>Este viernes se presenta en la Ciudad de Buenos Aires y el conurbano bonaerense con cielo algo nublado,<strong>&nbsp;lluvias aisladas a la ma\u00f1ana<\/strong>; vientos del sector sudoeste rotando al oeste, con&nbsp;<strong>r\u00e1fagas de hasta 50 kil\u00f3metros por hora<\/strong>, y una temperatura que tendr\u00e1 una m\u00ednima de 12 grados y una m\u00e1xima de 16, inform\u00f3 el Servicio Meteorol\u00f3gico Nacional (SMN).<\/p>\n\n\n\n<p>Para el&nbsp;<strong>s\u00e1bado<\/strong>, el organismo prev\u00e9 una&nbsp;<strong>jornada muy ventosa<\/strong>&nbsp;y con cielo algo nublado, los vientos del sector sudoeste rotando al oeste, seguir\u00e1n con r\u00e1fagas de hasta 60 kil\u00f3metros por hora durante todo el d\u00eda; y la temperatura se ubicar\u00e1 entre 5 grados de m\u00ednima y 16 de m\u00e1xima.<\/p>\n\n\n\n<p>En tanto, el\u00a0<strong>domingo<\/strong>, que se festeja el D\u00eda de las Infancias, est\u00e1 pronosticada cielo nublado a mayormente nublado, vientos del sector sudoeste y una temperatura m\u00ednima de 6 grados y m\u00e1xima de 16.<\/p>\n\n\n\n<p><a href=\"https:\/\/esreviral.com\/un-arbol-cayo-sobre-un-auto-en-buenos-aires-por-las-precipitaciones\/\">Un \u00e1rbol cay\u00f3 sobre un auto en Buenos Aires por las precipitaciones<\/a><\/p>\n\n\n\n<figure class=\"wp-block-image\"><a href=\"javascript:void(0);\"><img decoding=\"async\" src=\"https:\/\/www.telam.com.ar\/thumbs\/bluesteel\/advf\/imagenes\/2023\/08\/64dec04825b93_1200.jpg\" alt=\"Foto Eva Cabrera\"\/><\/a><figcaption class=\"wp-element-caption\">Foto: Eva Cabrera<\/figcaption><\/figure>\n\n\n\n<h2 class=\"wp-block-heading\">Inundaciones, evacuados y r\u00e9cord de precipitaciones<\/h2>\n\n\n\n<p>El fuerte temporal que afect\u00f3 a la ciudad de&nbsp;<strong>La Plata<\/strong>&nbsp;y que dej\u00f3 m\u00e1s de un millar de familias afectadas por la ca\u00edda de unos&nbsp;<strong>155 mil\u00edmetros de agua en un d\u00eda<\/strong>, provoc\u00f3 el viernes la&nbsp;<strong>evacuaci\u00f3n de 180 vecinos<\/strong>&nbsp;en centros oficiales, quienes manifestaron que \u00abentre la desesperaci\u00f3n y el miedo\u00bb, decidieron abandonar sus hogares para guarecerse \u00abdel agua y el fr\u00edo\u00bb.<\/p>\n\n\n\n<p>En&nbsp;<strong>CABA<\/strong>, en tanto, los&nbsp;equipos de emergencia porte\u00f1os manten\u00edan desplegado un protocolo de alerta amarilla ante el fuerte temporal que registr\u00f3 per\u00edodos de m\u00e1s de 45 mil\u00edmetros de precipitaci\u00f3n en el distrito, sin que, por el momento, se notificaran inundaciones de relevancia, informaron fuentes policiales.<\/p>\n\n\n\n<p>Seg\u00fan fuentes de Defensa Civil porte\u00f1a, el temporal provoc\u00f3 problemas viales y corte de arterias, totales o parciales, por la ca\u00edda de \u00e1rboles en al menos once comunas de la Ciudad de Buenos Aires.<\/p>\n\n\n\n<figure class=\"wp-block-image\"><a href=\"javascript:void(0);\"><img decoding=\"async\" src=\"https:\/\/www.telam.com.ar\/thumbs\/bluesteel\/advf\/imagenes\/2023\/08\/64dec048e5111_1200.jpg\" alt=\"Foto Eva Cabrera\"\/><\/a><figcaption class=\"wp-element-caption\">Foto: Eva Cabrera<\/figcaption><\/figure>\n\n\n\n<h4 class=\"wp-block-heading\"><strong><mark style=\"background-color:rgba(0, 0, 0, 0)\" class=\"has-inline-color has-vivid-red-color\">Tormentas en el litoral y vientos fuertes en el sur bonaerense y la zona cordillerana<\/mark><\/strong><\/h4>\n\n\n\n<p>El SMN emiti\u00f3 alertas amarillas por tormentas para varias zonas del litoral y por vientos fuertes para el \u00e1rea cordillerana de&nbsp;<strong>Catamarca<\/strong>,&nbsp;<strong>La Rioja<\/strong>&nbsp;y&nbsp;<strong>San Juan<\/strong>&nbsp;y para el sur de la&nbsp;<strong>provincia de Buenos Aires<\/strong>.&nbsp;Adem\u00e1s, rige una advertencia por temperaturas extremas por fr\u00edo para las zonas cordilleranas y de meseta de Lago Buenos Aires, y de R\u00edo Chico; y para las cordilleras de Lago Argentino y de G\u00fcer Aike, en la provincia de&nbsp;<strong>Santa Cruz<\/strong>, donde se esperan -1 grado de m\u00ednima y 4 grados de m\u00e1xima.<\/p>\n\n\n\n<p>Para&nbsp;<strong>Misiones&nbsp;<\/strong>y gran parte de&nbsp;<strong>Corrientes, Chaco y Formosa<\/strong>&nbsp;se pronostican lluvias y tormentas, algunas de intensidad fuerte, que pueden estar acompa\u00f1adas por abundante ca\u00edda de agua en cortos periodos, y en forma localizada por intensas r\u00e1fagas y\/o granizo.&nbsp;Se estiman valores de precipitaci\u00f3n acumulada entre 20 y 50 mil\u00edmetros, que pueden ser superados de forma puntual, y el organismo meteorol\u00f3gico recomend\u00f3 a los habitantes de las zonas afectadas que eviten actividades al aire libre, que no se refugien cerca de \u00e1rboles o postes que puedan caerse y que no saquen la basura y retiren objetos que impidan que el agua escurra.<\/p>\n\n\n\n<p>Asimismo, el SMN mantiene&nbsp;<strong>alerta amarilla por vientos del sector oeste<\/strong>&nbsp;con velocidades entre 50 y 70 kil\u00f3metros por hora y r\u00e1fagas que pueden alcanzar los 90 kil\u00f3metros por hora para la cordillera de Vinchina; las zonas cordilleranas y precordilleranas de Iglesia y de General Lamadrid; y la precordillera de J\u00e1chal y de Coronel Felipe Varela, en las provincias de San Juan y de La Rioja.&nbsp;Iguales condiciones se esperan en las cordilleras de Antofagasta de la Sierra y de Tinogasta y sus zonas de puna; adem\u00e1s de las punas de Bel\u00e9n, de Cafayate, de San Carlos, de Santa Mar\u00eda y de Taf\u00ed del Valle, que abarcan gran parte de la provincia de Catamarca y una porci\u00f3n de Salta y Tucum\u00e1n.<\/p>\n\n\n\n<p>En tanto, en el sur de la\u00a0<strong>provincia de Buenos Aires<\/strong>\u00a0se prev\u00e9n vientos del sector oeste con velocidades entre 35 y 55 kil\u00f3metros por hora y r\u00e1fagas que pueden alcanzar los 80 kil\u00f3metros por hora, especialmente sobre las zonas costeras.\u00a0Estar\u00e1n afectados el norte de Bah\u00eda Blanca, el oeste de Patagones y de Villarino, Puan, Adolfo Gonzales Chaves, el centro de Lober\u00eda y el norte de Coronel Dorrego, de Necochea, de San Cayetano y de Tres Arroyos.\u00a0Tambi\u00e9n las zonas bajas de Coronel Pringles, de Coronel Su\u00e1rez, de Saavedra y de Tornquist, seg\u00fan el reporte del organismo meteorol\u00f3gico.\u00a0Para los pobladores de zonas bajo alerta amarilla por vientos fuertes se recomienda evitar actividades al aire libre y asegurar los elementos que puedan volarse.<\/p>\n\n\n\n<p class=\"has-text-align-right\"><strong><em>Agencia Telam.-<\/em><\/strong><\/p>\n","protected":false},"excerpt":{"rendered":"<p>Este viernes se presenta en la Ciudad de Buenos Aires y el conurbano bonaerense con cielo algo nublado,&nbsp;lluvias aisladas a la ma\u00f1ana; vientos del sector sudoeste rotando al oeste, con&nbsp;r\u00e1fagas de hasta 50 kil\u00f3metros por hora, y una temperatura que tendr\u00e1 una m\u00ednima de 12 grados y una m\u00e1xima de 16, inform\u00f3 el Servicio Meteorol\u00f3gico [&hellip;]<\/p>\n","protected":false},"author":2,"featured_media":41059,"comment_status":"open","ping_status":"closed","sticky":false,"template":"","format":"standard","meta":{"jnews-multi-image_gallery":[],"jnews_single_post":{"subtitle":"","format":"standard","video":"","gallery":"","source_name":"","source_url":"","via_name":"","via_url":"","override_template":"0","override":[{"template":"4","single_blog_custom":"","parallax":"1","fullscreen":"1","layout":"right-sidebar","sidebar":"default-sidebar","second_sidebar":"default-sidebar","sticky_sidebar":"1","share_position":"top","share_float_style":"share-monocrhome","show_share_counter":"1","show_view_counter":"1","show_featured":"1","show_post_meta":"1","show_post_author":"1","show_post_author_image":"1","show_post_date":"1","post_date_format":"default","post_date_format_custom":"Y\/m\/d","show_post_category":"1","show_post_reading_time":"1","post_reading_time_wpm":"300","show_zoom_button":"1","zoom_button_out_step":"2","zoom_button_in_step":"3","show_post_tag":"1","show_prev_next_post":"1","show_popup_post":"1","number_popup_post":"1","show_author_box":"1","show_post_related":"1","show_inline_post_related":"0"}],"override_image_size":"0","image_override":[{"single_post_thumbnail_size":"crop-500","single_post_gallery_size":"crop-500"}],"trending_post":"0","trending_post_position":"meta","trending_post_label":"Trending","sponsored_post":"0","sponsored_post_label":"Sponsored by","sponsored_post_name":"","sponsored_post_url":"","sponsored_post_logo_enable":"0","sponsored_post_logo":"","sponsored_post_desc":"","disable_ad":"0"},"jnews_primary_category":{"id":"","hide":""},"jnews_social_meta":{"fb_title":"","fb_description":"","fb_image":"","twitter_title":"","twitter_description":"","twitter_image":""},"jnews_review":[],"enable_review":"0","type":"percentage","name":"","summary":"","brand":"","sku":"","good":[{"good_text":""}],"bad":[{"bad_text":""}],"score_override":"","override_value":"","rating":[{"rating_text":"","rating_number":"10"}],"price":[{"shop":"","price":"","link":"","icon":""}],"jnews_override_counter":{"override_view_counter":"0","view_counter_number":"0","override_share_counter":"0","share_counter_number":"0","override_like_counter":"0","like_counter_number":"0","override_dislike_counter":"0","dislike_counter_number":"0"},"jnews_post_split":{"enable_post_split":"0","post_split":[{"template":"1","tag":"h2","numbering":"asc","mode":"normal","first":"0","enable_toc":"0","toc_type":"normal"}]},"footnotes":""},"categories":[58],"tags":[44,271,45,7314,1868],"class_list":["post-41058","post","type-post","status-publish","format-standard","has-post-thumbnail","hentry","category-argentina","tag-argentina","tag-lluvias","tag-noticias","tag-temporal","tag-tormenta"],"amp_enabled":true,"_links":{"self":[{"href":"https:\/\/esreviral.com\/index.php?rest_route=\/wp\/v2\/posts\/41058"}],"collection":[{"href":"https:\/\/esreviral.com\/index.php?rest_route=\/wp\/v2\/posts"}],"about":[{"href":"https:\/\/esreviral.com\/index.php?rest_route=\/wp\/v2\/types\/post"}],"author":[{"embeddable":true,"href":"https:\/\/esreviral.com\/index.php?rest_route=\/wp\/v2\/users\/2"}],"replies":[{"embeddable":true,"href":"https:\/\/esreviral.com\/index.php?rest_route=%2Fwp%2Fv2%2Fcomments&post=41058"}],"version-history":[{"count":0,"href":"https:\/\/esreviral.com\/index.php?rest_route=\/wp\/v2\/posts\/41058\/revisions"}],"wp:featuredmedia":[{"embeddable":true,"href":"https:\/\/esreviral.com\/index.php?rest_route=\/wp\/v2\/media\/41059"}],"wp:attachment":[{"href":"https:\/\/esreviral.com\/index.php?rest_route=%2Fwp%2Fv2%2Fmedia&parent=41058"}],"wp:term":[{"taxonomy":"category","embeddable":true,"href":"https:\/\/esreviral.com\/index.php?rest_route=%2Fwp%2Fv2%2Fcategories&post=41058"},{"taxonomy":"post_tag","embeddable":true,"href":"https:\/\/esreviral.com\/index.php?rest_route=%2Fwp%2Fv2%2Ftags&post=41058"}],"curies":[{"name":"wp","href":"https:\/\/api.w.org\/{rel}","templated":true}]}}