{"id":40975,"date":"2023-08-17T07:29:43","date_gmt":"2023-08-17T12:29:43","guid":{"rendered":"https:\/\/esreviral.com\/?p=40975"},"modified":"2023-08-17T07:29:44","modified_gmt":"2023-08-17T12:29:44","slug":"murio-una-mujer-y-otras-nueves-personas-resultaron-heridas-en-triple-choque-en-lujan","status":"publish","type":"post","link":"https:\/\/esreviral.com\/?p=40975","title":{"rendered":"Muri\u00f3 una mujer y otras nueves personas resultaron heridas en triple choque en Luj\u00e1n"},"content":{"rendered":"\n<p>Una mujer muri\u00f3 y otras nueve personas resultaron heridas, una de ella de extrema gravedad, cuando dos autos chocaron, para terminar impactando contra un cami\u00f3n, en un siniestro vial ocurrido hoy en la ruta nacional 7, a la altura del partido de Luj\u00e1n.<\/p>\n\n\n\n<p>Fuente policiales informaron que el hecho se registr\u00f3 cerca de las 15 de este mi\u00e9rcoles, en momentos en que las condiciones clim\u00e1ticas eran adversas con una intensa lluvia, en el kil\u00f3metro 76 de la autov\u00eda 7, en cercan\u00edas del puente de la localidad de Cort\u00ednez, cuando dos veh\u00edculos colisionaron y luego dieron contra un cami\u00f3n, gener\u00e1ndose un triple choque.<\/p>\n\n\n\n<p>Una de las mujeres que viajaba en un Renault Sandero Stepway falleci\u00f3 casi en el acto y su cuerpo tuvo que ser rescatado del interior del auto por personal de Bomberos Voluntarios de Luj\u00e1n. En ese mismo veh\u00edculo, iba una joven que sufri\u00f3 politraumatismos y es la persona herida m\u00e1s grave de quienes fueron trasladados a hospitales de la zona.<\/p>\n\n\n\n<p>Otros ocupantes de ese auto, como los del Toyota Corolla Cross involucrado en el siniestro tambi\u00e9n resultaron con lesiones de consideraci\u00f3n, producto de golpes y fueron derivados en ambulancias al Hospital Municipal de Luj\u00e1n.<\/p>\n\n\n\n<p>Mientras, el chofer del cami\u00f3n qued\u00f3 ileso aunque tambi\u00e9n debi\u00f3 recibir asistencia, en medio del operativo desplegado en el lugar donde el tr\u00e1nsito tuvo que ser interrumpido para la realizaci\u00f3n de las pericias.<\/p>\n\n\n\n<p><strong><em>Con informaci\u00f3n de La Voz<\/em><\/strong><\/p>\n","protected":false},"excerpt":{"rendered":"<p>Una mujer muri\u00f3 y otras nueve personas resultaron heridas, una de ella de extrema gravedad, cuando dos autos chocaron, para terminar impactando contra un cami\u00f3n, en un siniestro vial ocurrido hoy en la ruta nacional 7, a la altura del partido de Luj\u00e1n. Fuente policiales informaron que el hecho se registr\u00f3 cerca de las 15 [&hellip;]<\/p>\n","protected":false},"author":5,"featured_media":40976,"comment_status":"closed","ping_status":"closed","sticky":false,"template":"","format":"standard","meta":{"jnews-multi-image_gallery":[],"jnews_single_post":{"subtitle":"","format":"standard","video":"","gallery":"","source_name":"","source_url":"","via_name":"","via_url":"","override_template":"0","override":[{"template":"4","single_blog_custom":"","parallax":"1","fullscreen":"1","layout":"right-sidebar","sidebar":"default-sidebar","second_sidebar":"default-sidebar","sticky_sidebar":"1","share_position":"top","share_float_style":"share-monocrhome","show_share_counter":"1","show_view_counter":"1","show_featured":"1","show_post_meta":"1","show_post_author":"1","show_post_author_image":"1","show_post_date":"1","post_date_format":"default","post_date_format_custom":"Y\/m\/d","show_post_category":"1","show_post_reading_time":"1","post_reading_time_wpm":"300","show_zoom_button":"1","zoom_button_out_step":"2","zoom_button_in_step":"3","show_post_tag":"1","show_prev_next_post":"1","show_popup_post":"1","number_popup_post":"1","show_author_box":"1","show_post_related":"1","show_inline_post_related":"0"}],"override_image_size":"0","image_override":[{"single_post_thumbnail_size":"crop-500","single_post_gallery_size":"crop-500"}],"trending_post":"0","trending_post_position":"meta","trending_post_label":"Trending","sponsored_post":"0","sponsored_post_label":"Sponsored by","sponsored_post_name":"","sponsored_post_url":"","sponsored_post_logo_enable":"0","sponsored_post_logo":"","sponsored_post_desc":"","disable_ad":"0"},"jnews_primary_category":{"id":"","hide":""},"jnews_social_meta":{"fb_title":"","fb_description":"","fb_image":"","twitter_title":"","twitter_description":"","twitter_image":""},"jnews_review":[],"enable_review":"0","type":"percentage","name":"","summary":"","brand":"","sku":"","good":[{"good_text":""}],"bad":[{"bad_text":""}],"score_override":"","override_value":"","rating":[{"rating_text":"","rating_number":"10"}],"price":[{"shop":"","price":"","link":"","icon":""}],"jnews_override_counter":{"override_view_counter":"0","view_counter_number":"0","override_share_counter":"0","share_counter_number":"0","override_like_counter":"0","like_counter_number":"0","override_dislike_counter":"0","dislike_counter_number":"0"},"jnews_post_split":{"enable_post_split":"0","post_split":[{"template":"1","tag":"h2","numbering":"asc","mode":"normal","first":"0","enable_toc":"0","toc_type":"normal"}]},"footnotes":""},"categories":[43,58,64],"tags":[433,44,12018,65],"class_list":["post-40975","post","type-post","status-publish","format-standard","has-post-thumbnail","hentry","category-actualidad","category-argentina","category-sucesos","tag-accidente","tag-argentina","tag-lujan-2","tag-sucesos"],"amp_enabled":true,"_links":{"self":[{"href":"https:\/\/esreviral.com\/index.php?rest_route=\/wp\/v2\/posts\/40975"}],"collection":[{"href":"https:\/\/esreviral.com\/index.php?rest_route=\/wp\/v2\/posts"}],"about":[{"href":"https:\/\/esreviral.com\/index.php?rest_route=\/wp\/v2\/types\/post"}],"author":[{"embeddable":true,"href":"https:\/\/esreviral.com\/index.php?rest_route=\/wp\/v2\/users\/5"}],"replies":[{"embeddable":true,"href":"https:\/\/esreviral.com\/index.php?rest_route=%2Fwp%2Fv2%2Fcomments&post=40975"}],"version-history":[{"count":0,"href":"https:\/\/esreviral.com\/index.php?rest_route=\/wp\/v2\/posts\/40975\/revisions"}],"wp:featuredmedia":[{"embeddable":true,"href":"https:\/\/esreviral.com\/index.php?rest_route=\/wp\/v2\/media\/40976"}],"wp:attachment":[{"href":"https:\/\/esreviral.com\/index.php?rest_route=%2Fwp%2Fv2%2Fmedia&parent=40975"}],"wp:term":[{"taxonomy":"category","embeddable":true,"href":"https:\/\/esreviral.com\/index.php?rest_route=%2Fwp%2Fv2%2Fcategories&post=40975"},{"taxonomy":"post_tag","embeddable":true,"href":"https:\/\/esreviral.com\/index.php?rest_route=%2Fwp%2Fv2%2Ftags&post=40975"}],"curies":[{"name":"wp","href":"https:\/\/api.w.org\/{rel}","templated":true}]}}