{"id":40904,"date":"2023-08-15T16:59:23","date_gmt":"2023-08-15T21:59:23","guid":{"rendered":"https:\/\/esreviral.com\/?p=40904"},"modified":"2023-08-15T16:59:24","modified_gmt":"2023-08-15T21:59:24","slug":"amenazas-de-bomba-en-tres-canales-argentinos-los-llamados-se-hicieron-desde-el-mismo-numero","status":"publish","type":"post","link":"https:\/\/esreviral.com\/?p=40904","title":{"rendered":"Amenazas de bomba en tres canales argentinos: los llamados se hicieron desde el mismo n\u00famero"},"content":{"rendered":"\n<p>Tres llamados\u00a0<strong>ingresaron esta tarde\u00a0<\/strong>al servicio de emergencia\u00a0<strong>911\u00a0<\/strong>para\u00a0<strong>alertar\u00a0<\/strong>por la posibilidad de que\u00a0<strong>artefactos explosivos\u00a0<\/strong>hayan sido colocados en los edificios de\u00a0<em><strong>Cr\u00f3nica<\/strong><\/em><strong>,\u00a0<\/strong><em><strong>Canal 13<\/strong><\/em><strong>\u00a0y\u00a0<\/strong><em><strong>C5N<\/strong><\/em>. Fuentes de la Polic\u00eda de la Ciudad informaron a\u00a0<strong>LA NACION<\/strong>\u00a0que las tres amenazas de bomba se realizaron\u00a0<strong>desde el mismo n\u00famero telef\u00f3nico.<\/strong><\/p>\n\n\n\n<p>S<strong>e evacu\u00f3 el edificio de\u00a0<\/strong><em><strong>Cr\u00f3nica\u00a0<\/strong><\/em><strong>de la calle Azopardo y el edificio de la calle Olleros de\u00a0<\/strong><em><strong>C5N<\/strong><\/em><strong>. Sin embargo, el edificio de\u00a0<\/strong><em><strong>Canal 13<\/strong><\/em><strong>\u00a0de la calle Lima no fue evacuado.<\/strong><\/p>\n\n\n\n<p>Pasadas las 18.30<strong>&nbsp;la inspecci\u00f3n en el edificio de&nbsp;<\/strong><em><strong>C5N&nbsp;<\/strong><\/em><strong>dio resultado negativo para explosivos<\/strong>. Personal del Escuadr\u00f3n Antibombas sigue trabajando en las sedes de&nbsp;<em>Cr\u00f3nica&nbsp;<\/em>y&nbsp;<em>Canal&nbsp;13<\/em>.<\/p>\n\n\n\n<figure class=\"wp-block-image\"><img decoding=\"async\" src=\"https:\/\/resizer.glanacion.com\/resizer\/v2\/amenaza-de-bomba-en-FZGKNHUIEBGK7JDD5FYWURSEAE.jpg?auth=6f1530b1b71c7e005f2e6a80b7b63d2944208987ef7fafe5145a52536a3ba839&amp;width=420&amp;height=280&amp;quality=70&amp;smart=true\" alt=\"Amenaza de bomba en C5N\"\/><figcaption class=\"wp-element-caption\">Amenaza de bomba en C5N<\/figcaption><\/figure>\n\n\n\n<p><strong>\u201cIngresaron esta tarde tres llamados al 911 indicando que habr\u00edan dejado explosivos en las sedes de Canal 13, Cr\u00f3nica y C5N. En consecuencia, se notific\u00f3 al Escuadr\u00f3n Antibombas para que inspeccione los tres lugares y al personal de las Comisar\u00edas Vecinales 1 F, 1 C y 15 A de la Polic\u00eda de la Ciudad\u201d,&nbsp;<\/strong>confirmaron fuentes de la fuerza de Seguridad porte\u00f1a.<\/p>\n\n\n\n<p>El director de Noticias de&nbsp;<em>Cr\u00f3nica TV<\/em>, Facundo Pedrini, public\u00f3 un tuit para informar sobre la situaci\u00f3n: \u201cAmenaza de bomba en&nbsp;<em>Cr\u00f3nica<\/em>,&nbsp;<em>Artear&nbsp;<\/em>y&nbsp;<em>C5N<\/em>. Ordenan evacuar a todos. El llamado fue al 911, no a los canales. Tres partes policiales id\u00e9nticos: la propia Polic\u00eda denuncia que un tipo de negro entra con una bomba al ba\u00f1o. El trailler del horror ya empez\u00f3\u201d.<\/p>\n\n\n\n<figure class=\"wp-block-embed is-type-rich is-provider-twitter wp-block-embed-twitter\"><div class=\"wp-block-embed__wrapper\">\n<blockquote class=\"twitter-tweet\" data-width=\"500\" data-dnt=\"true\"><p lang=\"es\" dir=\"ltr\">Amenaza de bomba en Cr\u00f3nica, Artear y C5N. Ordenan evacuar a todos. El llamado fue al 911, no a los canales. Tres partes policiales id\u00e9nticos: la propia polic\u00eda denuncia que un tipo de negro entra con una bomba al ba\u00f1o. El trailler del horror ya empez\u00f3.<\/p>&mdash; Facundo Pedrini (@facu_pedrini) <a href=\"https:\/\/twitter.com\/facu_pedrini\/status\/1691547352195108864?ref_src=twsrc%5Etfw\">August 15, 2023<\/a><\/blockquote><script async src=\"https:\/\/platform.twitter.com\/widgets.js\" charset=\"utf-8\"><\/script>\n<\/div><\/figure>\n\n\n\n<p>Hoy tambi\u00e9n hubo una\u00a0<strong>amenaza de bomba en la Estaci\u00f3n Constituci\u00f3n del tren Roca, que oblig\u00f3 a la evacuaci\u00f3n del edificio<\/strong>. Despu\u00e9s de que terminara la revisi\u00f3n de todas las formaciones y andenes de la estaci\u00f3n del ferrocarril y la cabecera de la l\u00ednea C de subtes con la que est\u00e1 interconectada, se dio por terminada la emergencia y se reanud\u00f3 el servicio de trenes de la zona sur del \u00e1rea metropolitana.<\/p>\n\n\n\n<figure class=\"wp-block-image\"><img decoding=\"async\" src=\"https:\/\/resizer.glanacion.com\/resizer\/v2\/personal-de-la-brigada-de-explosivos-de-la-MBIIZUINYJBLTJQRIXXPTRTTME.jpg?auth=f3e5c13d4fdc2a5a487a2ab0d7b2293cf1d1aa9c0a83095f5770b527c1b78de3&amp;width=420&amp;height=280&amp;quality=70&amp;smart=true\" alt=\"Personal de la Brigada de Explosivos de la Polic\u00eda Federal revisa la estaci\u00f3n Constituci\u00f3n tras la recepci\u00f3n de una amenaza de bomba\"\/><figcaption class=\"wp-element-caption\">Personal de la Brigada de Explosivos de la Polic\u00eda Federal revisa la estaci\u00f3n Constituci\u00f3n tras la recepci\u00f3n de una amenaza de bombaPrensa Polic\u00eda Federal<\/figcaption><\/figure>\n\n\n\n<p>Pasadas las 10.30, el personal especializado, que utiliz\u00f3 equipamiento especial y canes entrenados en el rastreo de elementos explosivos, determinaron la existencia de artefactos sospechosos o peligrosos y confirmaron que se hab\u00eda tratado de una falsa alarma. En consecuencia, se dio por finalizada la emergencia y se reanud\u00f3 el servicio de ferrocarril y el acceso a la cabecera Constituci\u00f3n de la l\u00ednea C de subterr\u00e1neos.<\/p>\n\n\n\n<p><strong>LA NACION<\/strong><\/p>\n","protected":false},"excerpt":{"rendered":"<p>Tres llamados\u00a0ingresaron esta tarde\u00a0al servicio de emergencia\u00a0911\u00a0para\u00a0alertar\u00a0por la posibilidad de que\u00a0artefactos explosivos\u00a0hayan sido colocados en los edificios de\u00a0Cr\u00f3nica,\u00a0Canal 13\u00a0y\u00a0C5N. Fuentes de la Polic\u00eda de la Ciudad informaron a\u00a0LA NACION\u00a0que las tres amenazas de bomba se realizaron\u00a0desde el mismo n\u00famero telef\u00f3nico. Se evacu\u00f3 el edificio de\u00a0Cr\u00f3nica\u00a0de la calle Azopardo y el edificio de la calle Olleros [&hellip;]<\/p>\n","protected":false},"author":2,"featured_media":40905,"comment_status":"open","ping_status":"closed","sticky":false,"template":"","format":"standard","meta":{"jnews-multi-image_gallery":[],"jnews_single_post":{"subtitle":"","format":"standard","video":"","gallery":"","source_name":"","source_url":"","via_name":"","via_url":"","override_template":"0","override":[{"template":"4","single_blog_custom":"","parallax":"1","fullscreen":"1","layout":"right-sidebar","sidebar":"default-sidebar","second_sidebar":"default-sidebar","sticky_sidebar":"1","share_position":"top","share_float_style":"share-monocrhome","show_share_counter":"1","show_view_counter":"1","show_featured":"1","show_post_meta":"1","show_post_author":"1","show_post_author_image":"1","show_post_date":"1","post_date_format":"default","post_date_format_custom":"Y\/m\/d","show_post_category":"1","show_post_reading_time":"1","post_reading_time_wpm":"300","show_zoom_button":"1","zoom_button_out_step":"2","zoom_button_in_step":"3","show_post_tag":"1","show_prev_next_post":"1","show_popup_post":"1","number_popup_post":"1","show_author_box":"1","show_post_related":"1","show_inline_post_related":"0"}],"override_image_size":"0","image_override":[{"single_post_thumbnail_size":"crop-500","single_post_gallery_size":"crop-500"}],"trending_post":"0","trending_post_position":"meta","trending_post_label":"Trending","sponsored_post":"0","sponsored_post_label":"Sponsored by","sponsored_post_name":"","sponsored_post_url":"","sponsored_post_logo_enable":"0","sponsored_post_logo":"","sponsored_post_desc":"","disable_ad":"0"},"jnews_primary_category":{"id":"","hide":""},"jnews_social_meta":{"fb_title":"","fb_description":"","fb_image":"","twitter_title":"","twitter_description":"","twitter_image":""},"jnews_review":[],"enable_review":"0","type":"percentage","name":"","summary":"","brand":"","sku":"","good":[{"good_text":""}],"bad":[{"bad_text":""}],"score_override":"","override_value":"","rating":[{"rating_text":"","rating_number":"10"}],"price":[{"shop":"","price":"","link":"","icon":""}],"jnews_override_counter":{"override_view_counter":"0","view_counter_number":"0","override_share_counter":"0","share_counter_number":"0","override_like_counter":"0","like_counter_number":"0","override_dislike_counter":"0","dislike_counter_number":"0"},"jnews_post_split":{"enable_post_split":"0","post_split":[{"template":"1","tag":"h2","numbering":"asc","mode":"normal","first":"0","enable_toc":"0","toc_type":"normal"}]},"footnotes":""},"categories":[64],"tags":[5856,44,1637,11996,45],"class_list":["post-40904","post","type-post","status-publish","format-standard","has-post-thumbnail","hentry","category-sucesos","tag-amenaza-de-bomba","tag-argentina","tag-c5n","tag-cronica","tag-noticias"],"amp_enabled":true,"_links":{"self":[{"href":"https:\/\/esreviral.com\/index.php?rest_route=\/wp\/v2\/posts\/40904"}],"collection":[{"href":"https:\/\/esreviral.com\/index.php?rest_route=\/wp\/v2\/posts"}],"about":[{"href":"https:\/\/esreviral.com\/index.php?rest_route=\/wp\/v2\/types\/post"}],"author":[{"embeddable":true,"href":"https:\/\/esreviral.com\/index.php?rest_route=\/wp\/v2\/users\/2"}],"replies":[{"embeddable":true,"href":"https:\/\/esreviral.com\/index.php?rest_route=%2Fwp%2Fv2%2Fcomments&post=40904"}],"version-history":[{"count":0,"href":"https:\/\/esreviral.com\/index.php?rest_route=\/wp\/v2\/posts\/40904\/revisions"}],"wp:featuredmedia":[{"embeddable":true,"href":"https:\/\/esreviral.com\/index.php?rest_route=\/wp\/v2\/media\/40905"}],"wp:attachment":[{"href":"https:\/\/esreviral.com\/index.php?rest_route=%2Fwp%2Fv2%2Fmedia&parent=40904"}],"wp:term":[{"taxonomy":"category","embeddable":true,"href":"https:\/\/esreviral.com\/index.php?rest_route=%2Fwp%2Fv2%2Fcategories&post=40904"},{"taxonomy":"post_tag","embeddable":true,"href":"https:\/\/esreviral.com\/index.php?rest_route=%2Fwp%2Fv2%2Ftags&post=40904"}],"curies":[{"name":"wp","href":"https:\/\/api.w.org\/{rel}","templated":true}]}}