{"id":4088,"date":"2021-02-13T13:11:14","date_gmt":"2021-02-13T16:11:14","guid":{"rendered":"http:\/\/esreviral.com\/?p=4088"},"modified":"2021-02-13T13:11:14","modified_gmt":"2021-02-13T16:11:14","slug":"peruano-mato-a-quemarropa-a-un-venezolano","status":"publish","type":"post","link":"https:\/\/esreviral.com\/?p=4088","title":{"rendered":"Peruano mat\u00f3 a quemarropa a un venezolano"},"content":{"rendered":"\n<p>Orlando Antony Abreu Su\u00e1rez, de 27 a\u00f1os de edad, fue ultimado a quemarropa, luego que un  de nacionalidad peruana, conocido como Cara Cuchillo, le dispara, al parecer por no haber pagado el puesto en un mercado. El hecho ocurri\u00f3 en Trujillo, al norte de Per\u00fa.<\/p>\n\n\n\n<p>Autoridades indicaron que banda dedicada al cobro de cupos a comerciantes ambulantes estar\u00eda detr\u00e1s del asesinato.<\/p>\n\n\n\n<figure class=\"wp-block-embed-twitter wp-block-embed is-type-rich is-provider-twitter\"><div class=\"wp-block-embed__wrapper\">\n<blockquote class=\"twitter-tweet\" data-width=\"500\" data-dnt=\"true\"><p lang=\"es\" dir=\"ltr\">Xenofobia: peruano mat\u00f3 a quemarropa a un venezolano <a href=\"https:\/\/t.co\/ETWELib3NC\">pic.twitter.com\/ETWELib3NC<\/a><\/p>&mdash; ES RE VIRAL (@esreviral) <a href=\"https:\/\/twitter.com\/esreviral\/status\/1360620645055406083?ref_src=twsrc%5Etfw\">February 13, 2021<\/a><\/blockquote><script async src=\"https:\/\/platform.twitter.com\/widgets.js\" charset=\"utf-8\"><\/script>\n<\/div><\/figure>\n\n\n\n<p>En el video que capturaron las im\u00e1genes de las c\u00e1maras de seguridad se puede observar la discuci\u00f3n entre el agresor y el agredido, quien en ning\u00fan momento intent\u00f3 agredir al asesino.<\/p>\n\n\n\n<p>El arma homicida se encasquill\u00f3 en varias ocasiones ante la vista de varios comerciantes que se encontraban en el sitio, sin embargo, ninguno trat\u00f3 de evitar el horrendo crimen.<\/p>\n\n\n\n<p>A diferencia del atacante, la v\u00edctima pudo ser identificada como Orlando Antony Abreu Suarez, de 27 a\u00f1os. Seg\u00fan informaron las autoridades, \u00e9l vend\u00eda ropa en un&nbsp;puesto ambulante&nbsp;que hab\u00eda instalado en la calle Sinchi Roca.<\/p>\n","protected":false},"excerpt":{"rendered":"<p>El autor material del hecho a\u00fan no ha sido detenido<\/p>\n","protected":false},"author":2,"featured_media":4089,"comment_status":"open","ping_status":"open","sticky":false,"template":"","format":"standard","meta":{"jnews-multi-image_gallery":[],"jnews_single_post":[],"jnews_primary_category":[],"jnews_social_meta":[],"jnews_review":[],"enable_review":"","type":"","name":"","summary":"","brand":"","sku":"","good":[],"bad":[],"score_override":"","override_value":"","rating":[],"price":[],"jnews_override_counter":[],"jnews_post_split":[],"footnotes":""},"categories":[64],"tags":[561,560],"class_list":["post-4088","post","type-post","status-publish","format-standard","has-post-thumbnail","hentry","category-sucesos","tag-orland","tag-venezolanos-en-peru"],"amp_enabled":true,"_links":{"self":[{"href":"https:\/\/esreviral.com\/index.php?rest_route=\/wp\/v2\/posts\/4088"}],"collection":[{"href":"https:\/\/esreviral.com\/index.php?rest_route=\/wp\/v2\/posts"}],"about":[{"href":"https:\/\/esreviral.com\/index.php?rest_route=\/wp\/v2\/types\/post"}],"author":[{"embeddable":true,"href":"https:\/\/esreviral.com\/index.php?rest_route=\/wp\/v2\/users\/2"}],"replies":[{"embeddable":true,"href":"https:\/\/esreviral.com\/index.php?rest_route=%2Fwp%2Fv2%2Fcomments&post=4088"}],"version-history":[{"count":0,"href":"https:\/\/esreviral.com\/index.php?rest_route=\/wp\/v2\/posts\/4088\/revisions"}],"wp:featuredmedia":[{"embeddable":true,"href":"https:\/\/esreviral.com\/index.php?rest_route=\/"}],"wp:attachment":[{"href":"https:\/\/esreviral.com\/index.php?rest_route=%2Fwp%2Fv2%2Fmedia&parent=4088"}],"wp:term":[{"taxonomy":"category","embeddable":true,"href":"https:\/\/esreviral.com\/index.php?rest_route=%2Fwp%2Fv2%2Fcategories&post=4088"},{"taxonomy":"post_tag","embeddable":true,"href":"https:\/\/esreviral.com\/index.php?rest_route=%2Fwp%2Fv2%2Ftags&post=4088"}],"curies":[{"name":"wp","href":"https:\/\/api.w.org\/{rel}","templated":true}]}}