{"id":4085,"date":"2021-02-13T12:36:06","date_gmt":"2021-02-13T15:36:06","guid":{"rendered":"http:\/\/esreviral.com\/?p=4085"},"modified":"2021-02-13T12:36:06","modified_gmt":"2021-02-13T15:36:06","slug":"desmienten-la-detencion-del-supuesto-homicida-del-joven-venezolano-asesinado-en-peru","status":"publish","type":"post","link":"https:\/\/esreviral.com\/?p=4085","title":{"rendered":"Desmienten la detenci\u00f3n del supuesto homicida del joven venezolano asesinado en Per\u00fa"},"content":{"rendered":"\n<p>Luego que se conociera el asesinato de Orlando Abreu, el venezolano asesinado a tiros en Per\u00fa, ocurrido el pasado 24 de enero pero cuyo video se hizo viral este viernes 12 de febrero, tambi\u00e9n se supo de la supuesta detenci\u00f3n del posible homicida. <\/p>\n\n\n\n<p>La informaci\u00f3n fue desmentida por el reconocido periodista Sergio Novelli, quien en su cuenta de twitter afirm\u00f3 que mantiene comunicaci\u00f3n con la flia de la v\u00edctima quienes piden justicia por lo ocurrido. <\/p>\n\n\n\n<figure class=\"wp-block-embed-twitter wp-block-embed is-type-rich is-provider-twitter\"><div class=\"wp-block-embed__wrapper\">\nhttps:\/\/twitter.com\/SergioNovelli\/status\/1360584155457798150\n<\/div><\/figure>\n\n\n\n<p>Desde la embajada venezolana en Per\u00fa aseguraron que \u00abel asesinato de\u00a0<strong>Orlando no puede quedar impune.\u00a0<\/strong>La @embajadave_pe ha estado en comunicaci\u00f3n<strong>\u00a0con los familiares de la v\u00edctima<\/strong>\u00a0y con las autoridades competentes desde el\u00a0<strong>mes de Enero para velar por el respeto a los derechos de los familiares.<\/strong>\u00a0El caso ya est\u00e1 en fiscal\u00eda\u00bb, public\u00f3 el embajador Carlos Scull, con quien se ha intentado contactar directamente pero por ahora no est\u00e1 concediendo entrevistas. <\/p>\n","protected":false},"excerpt":{"rendered":"<p>Luego que se conociera el asesinato de Orlando Abreu, el venezolano asesinado a tiros en Per\u00fa, ocurrido el pasado 24 de enero pero cuyo video se hizo viral este viernes 12 de febrero, tambi\u00e9n se supo de la supuesta detenci\u00f3n del posible homicida. La informaci\u00f3n fue desmentida por el reconocido periodista Sergio Novelli, quien en [&hellip;]<\/p>\n","protected":false},"author":2,"featured_media":4086,"comment_status":"open","ping_status":"open","sticky":false,"template":"","format":"standard","meta":{"jnews-multi-image_gallery":[],"jnews_single_post":[],"jnews_primary_category":[],"jnews_social_meta":[],"jnews_review":[],"enable_review":"","type":"","name":"","summary":"","brand":"","sku":"","good":[],"bad":[],"score_override":"","override_value":"","rating":[],"price":[],"jnews_override_counter":[],"jnews_post_split":[],"footnotes":""},"categories":[64],"tags":[45,559,560],"class_list":["post-4085","post","type-post","status-publish","format-standard","has-post-thumbnail","hentry","category-sucesos","tag-noticias","tag-orlando-abreu","tag-venezolanos-en-peru"],"amp_enabled":true,"_links":{"self":[{"href":"https:\/\/esreviral.com\/index.php?rest_route=\/wp\/v2\/posts\/4085"}],"collection":[{"href":"https:\/\/esreviral.com\/index.php?rest_route=\/wp\/v2\/posts"}],"about":[{"href":"https:\/\/esreviral.com\/index.php?rest_route=\/wp\/v2\/types\/post"}],"author":[{"embeddable":true,"href":"https:\/\/esreviral.com\/index.php?rest_route=\/wp\/v2\/users\/2"}],"replies":[{"embeddable":true,"href":"https:\/\/esreviral.com\/index.php?rest_route=%2Fwp%2Fv2%2Fcomments&post=4085"}],"version-history":[{"count":0,"href":"https:\/\/esreviral.com\/index.php?rest_route=\/wp\/v2\/posts\/4085\/revisions"}],"wp:featuredmedia":[{"embeddable":true,"href":"https:\/\/esreviral.com\/index.php?rest_route=\/"}],"wp:attachment":[{"href":"https:\/\/esreviral.com\/index.php?rest_route=%2Fwp%2Fv2%2Fmedia&parent=4085"}],"wp:term":[{"taxonomy":"category","embeddable":true,"href":"https:\/\/esreviral.com\/index.php?rest_route=%2Fwp%2Fv2%2Fcategories&post=4085"},{"taxonomy":"post_tag","embeddable":true,"href":"https:\/\/esreviral.com\/index.php?rest_route=%2Fwp%2Fv2%2Ftags&post=4085"}],"curies":[{"name":"wp","href":"https:\/\/api.w.org\/{rel}","templated":true}]}}