{"id":40832,"date":"2023-08-14T09:36:40","date_gmt":"2023-08-14T14:36:40","guid":{"rendered":"https:\/\/esreviral.com\/?p=40832"},"modified":"2023-08-14T09:36:41","modified_gmt":"2023-08-14T14:36:41","slug":"el-peronismo-perdio-en-santa-cruz-por-primera-vez-en-40-anos","status":"publish","type":"post","link":"https:\/\/esreviral.com\/?p=40832","title":{"rendered":"El peronismo perdi\u00f3 en Santa Cruz por primera vez en 40 a\u00f1os"},"content":{"rendered":"\n<p><strong>El peronismo perdi\u00f3 en Santa Cruz por primera vez en 40 a\u00f1os<\/strong> sufriendo una derrota hist\u00f3rica y quedando sin un basti\u00f3n clave.<\/p>\n\n\n\n<p>La&nbsp;<strong>elecci\u00f3n en Santa Cruz es un centro especial de atenci\u00f3n&nbsp;<\/strong>ya que no son PASO sino que se defini\u00f3 qui\u00e9n ser\u00e1 el pr\u00f3ximo gobernador. Con m\u00e1s del 90% de los votos escrutados,<strong>&nbsp;se impone el candidato opositor y dirigente petrolero Claudio Vidal.<\/strong><\/p>\n\n\n\n<p><strong>Vidal fue el candidato m\u00e1s votado dentro del lema Por Santa Cruz que obtuvo el 4,58%. Supera as\u00ed al lema Uni\u00f3n por la Patria que saca 43,76%. El intendente de R\u00edo Gallegos, Pablo Grasso, y el de El Calafate, Javier Belloni, fueron los m\u00e1s votados del oficialismo.<\/strong><\/p>\n\n\n\n<p>En la previa, se esperaba una disputa pareja entre ambas fuerzas. Incluso la oposici\u00f3n perdi\u00f3 un chance hist\u00f3rica, al romperse Juntos por el Cambio a pocos d\u00edas del cierre de listas. <\/p>\n\n\n\n<p>La tambi\u00e9n diputada nacional y referente del radicalismo Roxana Reyes no acept\u00f3 sumar a Vidal a JxC y fueron en dos espacios separados a elecciones. <\/p>\n\n\n\n<p>Reyes alcanz\u00f3<strong>\u00a0poco m\u00e1s del 8%, que podr\u00edan haber asegurado el triunfo opositor.<\/strong><\/p>\n\n\n\n<p>La derrota del kirchnerismo significa un hito en la historia pol\u00edtica de la provincia<strong> ya que hace 40 a\u00f1os gobierna el peronismo de manera ininterrumpida.<\/strong>\u00a0<\/p>\n\n\n\n<p>Pero las curiosidades de la elecci\u00f3n en Santa Cruz no terminan all\u00ed: en la cuna del kirchnerismo, la fuerza m\u00e1s votada en todo el pa\u00eds, para presidente, fue la Libertad Avanza. Javier Milei fue el candidato m\u00e1s votado en la provincia, con 8 puntos de diferencia sobre Uni\u00f3n por la Patria.<\/p>\n\n\n\n<p>Estas elecciones provinciales significaron tambi\u00e9n un gran retroceso de la izquierda, que siempre tiene un voto cautivo en Santa Cruz. Este domingo, los dos lemas que presentaron no llegaron al 2% entre ambos.<\/p>\n\n\n\n<p>El otro dato a tener en cuenta es la gran cantidad de voto en blanco, en un porcentaje muy superior al registrado en Argentina. En Santa Cruz, ese n\u00famero lleg\u00f3 a cerca del 10%, muy por encima del 4,7% registrado en la presidencial.<\/p>\n\n\n\n<p>En Santa Cruz naci\u00f3 el movimiento que luego gobernar\u00eda la Argentina durante 12 a\u00f1os. Esa racha se corta ahora con el triunfo de Vidal.<\/p>\n\n\n\n<p><strong><em>Con informaci\u00f3n de TN<\/em><\/strong><\/p>\n","protected":false},"excerpt":{"rendered":"<p>El peronismo perdi\u00f3 en Santa Cruz por primera vez en 40 a\u00f1os sufriendo una derrota hist\u00f3rica y quedando sin un basti\u00f3n clave. La&nbsp;elecci\u00f3n en Santa Cruz es un centro especial de atenci\u00f3n&nbsp;ya que no son PASO sino que se defini\u00f3 qui\u00e9n ser\u00e1 el pr\u00f3ximo gobernador. Con m\u00e1s del 90% de los votos escrutados,&nbsp;se impone el [&hellip;]<\/p>\n","protected":false},"author":5,"featured_media":40833,"comment_status":"closed","ping_status":"closed","sticky":false,"template":"","format":"standard","meta":{"jnews-multi-image_gallery":[],"jnews_single_post":{"subtitle":"","format":"standard","video":"","gallery":"","source_name":"","source_url":"","via_name":"","via_url":"","override_template":"0","override":[{"template":"4","single_blog_custom":"","parallax":"1","fullscreen":"1","layout":"right-sidebar","sidebar":"default-sidebar","second_sidebar":"default-sidebar","sticky_sidebar":"1","share_position":"top","share_float_style":"share-monocrhome","show_share_counter":"1","show_view_counter":"1","show_featured":"1","show_post_meta":"1","show_post_author":"1","show_post_author_image":"1","show_post_date":"1","post_date_format":"default","post_date_format_custom":"Y\/m\/d","show_post_category":"1","show_post_reading_time":"1","post_reading_time_wpm":"300","show_zoom_button":"1","zoom_button_out_step":"2","zoom_button_in_step":"3","show_post_tag":"1","show_prev_next_post":"1","show_popup_post":"1","number_popup_post":"1","show_author_box":"1","show_post_related":"1","show_inline_post_related":"0"}],"override_image_size":"0","image_override":[{"single_post_thumbnail_size":"crop-500","single_post_gallery_size":"crop-500"}],"trending_post":"0","trending_post_position":"meta","trending_post_label":"Trending","sponsored_post":"0","sponsored_post_label":"Sponsored by","sponsored_post_name":"","sponsored_post_url":"","sponsored_post_logo_enable":"0","sponsored_post_logo":"","sponsored_post_desc":"","disable_ad":"0"},"jnews_primary_category":{"id":"","hide":""},"jnews_social_meta":{"fb_title":"","fb_description":"","fb_image":"","twitter_title":"","twitter_description":"","twitter_image":""},"jnews_review":[],"enable_review":"0","type":"percentage","name":"","summary":"","brand":"","sku":"","good":[{"good_text":""}],"bad":[{"bad_text":""}],"score_override":"","override_value":"","rating":[{"rating_text":"","rating_number":"10"}],"price":[{"shop":"","price":"","link":"","icon":""}],"jnews_override_counter":{"override_view_counter":"0","view_counter_number":"0","override_share_counter":"0","share_counter_number":"0","override_like_counter":"0","like_counter_number":"0","override_dislike_counter":"0","dislike_counter_number":"0"},"jnews_post_split":{"enable_post_split":"0","post_split":[{"template":"1","tag":"h2","numbering":"asc","mode":"normal","first":"0","enable_toc":"0","toc_type":"normal"}]},"footnotes":""},"categories":[43,58],"tags":[11986,5010,3557],"class_list":["post-40832","post","type-post","status-publish","format-standard","has-post-thumbnail","hentry","category-actualidad","category-argentina","tag-claudio-vidal","tag-peronismo","tag-santa-cruz"],"amp_enabled":true,"_links":{"self":[{"href":"https:\/\/esreviral.com\/index.php?rest_route=\/wp\/v2\/posts\/40832"}],"collection":[{"href":"https:\/\/esreviral.com\/index.php?rest_route=\/wp\/v2\/posts"}],"about":[{"href":"https:\/\/esreviral.com\/index.php?rest_route=\/wp\/v2\/types\/post"}],"author":[{"embeddable":true,"href":"https:\/\/esreviral.com\/index.php?rest_route=\/wp\/v2\/users\/5"}],"replies":[{"embeddable":true,"href":"https:\/\/esreviral.com\/index.php?rest_route=%2Fwp%2Fv2%2Fcomments&post=40832"}],"version-history":[{"count":0,"href":"https:\/\/esreviral.com\/index.php?rest_route=\/wp\/v2\/posts\/40832\/revisions"}],"wp:featuredmedia":[{"embeddable":true,"href":"https:\/\/esreviral.com\/index.php?rest_route=\/wp\/v2\/media\/40833"}],"wp:attachment":[{"href":"https:\/\/esreviral.com\/index.php?rest_route=%2Fwp%2Fv2%2Fmedia&parent=40832"}],"wp:term":[{"taxonomy":"category","embeddable":true,"href":"https:\/\/esreviral.com\/index.php?rest_route=%2Fwp%2Fv2%2Fcategories&post=40832"},{"taxonomy":"post_tag","embeddable":true,"href":"https:\/\/esreviral.com\/index.php?rest_route=%2Fwp%2Fv2%2Ftags&post=40832"}],"curies":[{"name":"wp","href":"https:\/\/api.w.org\/{rel}","templated":true}]}}