{"id":40826,"date":"2023-08-14T09:18:12","date_gmt":"2023-08-14T14:18:12","guid":{"rendered":"https:\/\/esreviral.com\/?p=40826"},"modified":"2023-08-14T09:20:16","modified_gmt":"2023-08-14T14:20:16","slug":"maria-corina-machado-felicita-a-milei-y-bullrich-emociona-constatar-que-argentina-al-igual-que-venezuela-anhela-y-abraza-las-ideas-de-la-libertad","status":"publish","type":"post","link":"https:\/\/esreviral.com\/?p=40826","title":{"rendered":"Mar\u00eda Corina Machado felicita a Milei y Bullrich: \u00abEmociona constatar que Argentina, al igual que Venezuela, anhela y abraza las ideas de la Libertad\u00bb"},"content":{"rendered":"\n<p class=\"has-text-align-left\">Mar\u00eda Corina Machado, la opositora inhabilitada por el chavismo, se manifest\u00f3 por el triunfo de Javier Miley y Patricia Bullrich tras las PASO que se llevaron a cabo este domingo en Argentina a trav\u00e9s de su cuenta X (Twiiter):<\/p>\n\n\n\n<blockquote class=\"wp-block-quote is-layout-flow wp-block-quote-is-layout-flow\">\n<p><strong><em>Querida amiga,<a href=\"https:\/\/twitter.com\/PatoBullrich\"> @PatoBullrich<\/a>, felicitaciones por el maravilloso triunfo de ayer en Argentina. El coraje, la firmeza y el llamar las cosas por su nombre, generan confianza y rinden frutos. Emociona constatar que Argentina, al igual que Venezuela, anhela y abraza las ideas de la Libertad!<\/em><\/strong><\/p>\n<cite>Escribi\u00f3 en su cuenta<\/cite><\/blockquote>\n\n\n\n<figure class=\"wp-block-embed is-type-rich is-provider-twitter wp-block-embed-twitter\"><div class=\"wp-block-embed__wrapper\">\n<blockquote class=\"twitter-tweet\" data-width=\"500\" data-dnt=\"true\"><p lang=\"es\" dir=\"ltr\">Querida amiga, <a href=\"https:\/\/twitter.com\/PatoBullrich?ref_src=twsrc%5Etfw\">@PatoBullrich<\/a>, felicitaciones por el maravilloso triunfo de ayer en Argentina.<br>El coraje, la firmeza y el llamar las cosas por su nombre, generan confianza y rinden frutos. Emociona constatar que Argentina, al igual que Venezuela, anhela y abraza las ideas de la\u2026<\/p>&mdash; Mar\u00eda Corina Machado (@MariaCorinaYA) <a href=\"https:\/\/twitter.com\/MariaCorinaYA\/status\/1691080858986323969?ref_src=twsrc%5Etfw\">August 14, 2023<\/a><\/blockquote><script async src=\"https:\/\/platform.twitter.com\/widgets.js\" charset=\"utf-8\"><\/script>\n<\/div><\/figure>\n\n\n\n<p>Con relaci\u00f3n a Javier Milei, dijo:<strong><em> \u00abCuando las sociedades est\u00e1n decididas a ser libres y por lo tanto, a dejar el socialismo atr\u00e1s, nada puede detenerlas! As\u00ed lo demostr\u00f3 ayer Argentina y as\u00ed ser\u00e1 tambi\u00e9n en Venezuela. Felicitaciones, <a href=\"https:\/\/twitter.com\/JMilei\">@JMilei<\/a>, por este gran triunfo!\u00bb<\/em><\/strong><\/p>\n\n\n\n<figure class=\"wp-block-embed is-type-rich is-provider-twitter wp-block-embed-twitter\"><div class=\"wp-block-embed__wrapper\">\n<blockquote class=\"twitter-tweet\" data-width=\"500\" data-dnt=\"true\"><p lang=\"es\" dir=\"ltr\">Cuando las sociedades est\u00e1n decididas a ser libres y por lo tanto, a dejar el socialismo atr\u00e1s, nada puede detenerlas! As\u00ed lo demostr\u00f3 ayer Argentina y as\u00ed ser\u00e1 tambi\u00e9n en Venezuela.<br>Felicitaciones, <a href=\"https:\/\/twitter.com\/JMilei?ref_src=twsrc%5Etfw\">@JMilei<\/a>, por este gran triunfo!<\/p>&mdash; Mar\u00eda Corina Machado (@MariaCorinaYA) <a href=\"https:\/\/twitter.com\/MariaCorinaYA\/status\/1691081903472775168?ref_src=twsrc%5Etfw\">August 14, 2023<\/a><\/blockquote><script async src=\"https:\/\/platform.twitter.com\/widgets.js\" charset=\"utf-8\"><\/script>\n<\/div><\/figure>\n\n\n\n<p>Hay que destacar que en un sondeo sobre la intenci\u00f3n del voto presidencial en Venezuela, la consultora Megan\u00e1lisis le da a la l\u00edder opositora 40 puntos de ventaja sobre el mandatario chavista que luce con el 76% de rechazo de los venezolanos.<\/p>\n\n\n\n<p><strong><em>Redacci\u00f3n: Jacmibel Rosas<\/em><\/strong><\/p>\n","protected":false},"excerpt":{"rendered":"<p>Mar\u00eda Corina Machado, la opositora inhabilitada por el chavismo, se manifest\u00f3 por el triunfo de Javier Miley y Patricia Bullrich tras las PASO que se llevaron a cabo este domingo en Argentina a trav\u00e9s de su cuenta X (Twiiter): Querida amiga, @PatoBullrich, felicitaciones por el maravilloso triunfo de ayer en Argentina. El coraje, la firmeza [&hellip;]<\/p>\n","protected":false},"author":5,"featured_media":40829,"comment_status":"closed","ping_status":"closed","sticky":false,"template":"","format":"standard","meta":{"jnews-multi-image_gallery":[],"jnews_single_post":{"subtitle":"","format":"standard","video":"","gallery":"","source_name":"","source_url":"","via_name":"","via_url":"","override_template":"0","override":[{"template":"4","single_blog_custom":"","parallax":"1","fullscreen":"1","layout":"right-sidebar","sidebar":"default-sidebar","second_sidebar":"default-sidebar","sticky_sidebar":"1","share_position":"top","share_float_style":"share-monocrhome","show_share_counter":"1","show_view_counter":"1","show_featured":"1","show_post_meta":"1","show_post_author":"1","show_post_author_image":"1","show_post_date":"1","post_date_format":"default","post_date_format_custom":"Y\/m\/d","show_post_category":"1","show_post_reading_time":"1","post_reading_time_wpm":"300","show_zoom_button":"1","zoom_button_out_step":"2","zoom_button_in_step":"3","show_post_tag":"1","show_prev_next_post":"1","show_popup_post":"1","number_popup_post":"1","show_author_box":"1","show_post_related":"1","show_inline_post_related":"0"}],"override_image_size":"0","image_override":[{"single_post_thumbnail_size":"crop-500","single_post_gallery_size":"crop-500"}],"trending_post":"0","trending_post_position":"meta","trending_post_label":"Trending","sponsored_post":"0","sponsored_post_label":"Sponsored by","sponsored_post_name":"","sponsored_post_url":"","sponsored_post_logo_enable":"0","sponsored_post_logo":"","sponsored_post_desc":"","disable_ad":"0"},"jnews_primary_category":{"id":"","hide":""},"jnews_social_meta":{"fb_title":"","fb_description":"","fb_image":"","twitter_title":"","twitter_description":"","twitter_image":""},"jnews_review":[],"enable_review":"0","type":"percentage","name":"","summary":"","brand":"","sku":"","good":[{"good_text":""}],"bad":[{"bad_text":""}],"score_override":"","override_value":"","rating":[{"rating_text":"","rating_number":"10"}],"price":[{"shop":"","price":"","link":"","icon":""}],"jnews_override_counter":{"override_view_counter":"0","view_counter_number":"0","override_share_counter":"0","share_counter_number":"0","override_like_counter":"0","like_counter_number":"0","override_dislike_counter":"0","dislike_counter_number":"0"},"jnews_post_split":{"enable_post_split":"0","post_split":[{"template":"1","tag":"h2","numbering":"asc","mode":"normal","first":"0","enable_toc":"0","toc_type":"normal"}]},"footnotes":""},"categories":[43,58,66],"tags":[44,1158,3265,56],"class_list":["post-40826","post","type-post","status-publish","format-standard","has-post-thumbnail","hentry","category-actualidad","category-argentina","category-venezuela","tag-argentina","tag-javier-milei","tag-maria-corina-machado-2","tag-venezuela"],"amp_enabled":true,"_links":{"self":[{"href":"https:\/\/esreviral.com\/index.php?rest_route=\/wp\/v2\/posts\/40826"}],"collection":[{"href":"https:\/\/esreviral.com\/index.php?rest_route=\/wp\/v2\/posts"}],"about":[{"href":"https:\/\/esreviral.com\/index.php?rest_route=\/wp\/v2\/types\/post"}],"author":[{"embeddable":true,"href":"https:\/\/esreviral.com\/index.php?rest_route=\/wp\/v2\/users\/5"}],"replies":[{"embeddable":true,"href":"https:\/\/esreviral.com\/index.php?rest_route=%2Fwp%2Fv2%2Fcomments&post=40826"}],"version-history":[{"count":0,"href":"https:\/\/esreviral.com\/index.php?rest_route=\/wp\/v2\/posts\/40826\/revisions"}],"wp:featuredmedia":[{"embeddable":true,"href":"https:\/\/esreviral.com\/index.php?rest_route=\/wp\/v2\/media\/40829"}],"wp:attachment":[{"href":"https:\/\/esreviral.com\/index.php?rest_route=%2Fwp%2Fv2%2Fmedia&parent=40826"}],"wp:term":[{"taxonomy":"category","embeddable":true,"href":"https:\/\/esreviral.com\/index.php?rest_route=%2Fwp%2Fv2%2Fcategories&post=40826"},{"taxonomy":"post_tag","embeddable":true,"href":"https:\/\/esreviral.com\/index.php?rest_route=%2Fwp%2Fv2%2Ftags&post=40826"}],"curies":[{"name":"wp","href":"https:\/\/api.w.org\/{rel}","templated":true}]}}