{"id":40756,"date":"2023-08-13T07:52:00","date_gmt":"2023-08-13T12:52:00","guid":{"rendered":"https:\/\/esreviral.com\/?p=40756"},"modified":"2023-08-13T07:52:01","modified_gmt":"2023-08-13T12:52:01","slug":"en-que-horario-funciona-el-transporte-publico-este-domingo-en-caba-y-la-provincia-de-buenos-aires","status":"publish","type":"post","link":"https:\/\/esreviral.com\/?p=40756","title":{"rendered":"\u00bfEn qu\u00e9 horario funciona el transporte p\u00fablico este domingo en CABA y la provincia de Buenos Aires?"},"content":{"rendered":"\n<p>Este domingo 13 de agosto,\u00a0<strong>los ciudadanos\u00a0podr\u00e1n viajar gratis en\u00a0colectivos, trenes y subtes<\/strong> para acercarse a los centros de\u00a0votaci\u00f3n\u00a0durante las\u00a0<strong>PASO 2023,<\/strong>\u00a0seg\u00fan inform\u00f3 el Ministerio de Transporte de la Naci\u00f3n y provincia de Buenos Aires. La medida aplica a todo el pa\u00eds.<\/p>\n\n\n\n<p>La frecuencia<strong>\u00a0funcionar\u00e1 con horario de d\u00eda s\u00e1bado<\/strong>\u00a0para cada formaci\u00f3n con el objetivo de<strong><em> \u201cconsolidar la participaci\u00f3n\u00a0ciudadana y garantizar el derecho a voto en todo el territorio bonaerense\u201d<\/em><\/strong> para que los ciudadanos puedan cercarse a los centros de votaci\u00f3n <strong><em>\u201ca cumplir con el compromiso con la democracia\u201d.<\/em><\/strong><\/p>\n\n\n\n<p>El servicio de\u00a0<strong>trenes\u00a0<\/strong>y\u00a0<strong>colectivos\u00a0<\/strong>ser\u00e1n\u00a0<strong>gratuitos<\/strong>\u00a0y funcionar\u00e1n con horario de d\u00eda s\u00e1bado.<\/p>\n\n\n\n<ul class=\"wp-block-list\">\n<li><strong>Colectivos<\/strong>: circular\u00e1n con servicio de d\u00eda s\u00e1bado.<\/li>\n\n\n\n<li><strong>Trenes<\/strong>: las l\u00edneas&nbsp;<strong>Roca<\/strong>,&nbsp;<strong>Sarmiento<\/strong>,<strong>&nbsp;San Mart\u00edn<\/strong>,&nbsp;<strong>Urquiza<\/strong>,<strong>&nbsp;Mitre<\/strong>,&nbsp;<strong>Tren de la Costa<\/strong>,&nbsp;<strong>Belgrano Norte<\/strong>&nbsp;y<strong>&nbsp;Sur&nbsp;<\/strong>funcionar\u00e1n con&nbsp;<strong>frecuencia de d\u00eda s\u00e1bado<\/strong>.<\/li>\n\n\n\n<li>Ambos transportes ser\u00e1n\u00a0<strong>gratuitos<\/strong>\u00a0este domingo 13 de agosto.<\/li>\n<\/ul>\n\n\n\n<p>El servicio de&nbsp;<strong>subte y premetro&nbsp;<\/strong>ser\u00e1 gratuito y funcionar\u00e1 con horario especial este domingo 13 de agosto.<\/p>\n\n\n\n<ul class=\"wp-block-list\">\n<li><strong>Subte<\/strong>: las l\u00edneas A, B, C, D, E y H funcionar\u00e1n a partir de las 7:00 hasta el horario de cierre.<\/li>\n\n\n\n<li><strong>Premetro<\/strong>: funcionar\u00e1n desde las&nbsp;<strong>7:00 hasta el horario de cierre<\/strong>.<\/li>\n\n\n\n<li>Ambos transportes ser\u00e1n\u00a0<strong>gratuitos<\/strong>\u00a0este domingo 13 de agosto.<\/li>\n<\/ul>\n\n\n\n<p><strong><em>Con informaci\u00f3n de TN <\/em><\/strong><\/p>\n","protected":false},"excerpt":{"rendered":"<p>Este domingo 13 de agosto,\u00a0los ciudadanos\u00a0podr\u00e1n viajar gratis en\u00a0colectivos, trenes y subtes para acercarse a los centros de\u00a0votaci\u00f3n\u00a0durante las\u00a0PASO 2023,\u00a0seg\u00fan inform\u00f3 el Ministerio de Transporte de la Naci\u00f3n y provincia de Buenos Aires. La medida aplica a todo el pa\u00eds. La frecuencia\u00a0funcionar\u00e1 con horario de d\u00eda s\u00e1bado\u00a0para cada formaci\u00f3n con el objetivo de \u201cconsolidar la [&hellip;]<\/p>\n","protected":false},"author":5,"featured_media":40757,"comment_status":"closed","ping_status":"closed","sticky":false,"template":"","format":"standard","meta":{"jnews-multi-image_gallery":[],"jnews_single_post":{"subtitle":"","format":"standard","video":"","gallery":"","source_name":"","source_url":"","via_name":"","via_url":"","override_template":"0","override":[{"template":"4","single_blog_custom":"","parallax":"1","fullscreen":"1","layout":"right-sidebar","sidebar":"default-sidebar","second_sidebar":"default-sidebar","sticky_sidebar":"1","share_position":"top","share_float_style":"share-monocrhome","show_share_counter":"1","show_view_counter":"1","show_featured":"1","show_post_meta":"1","show_post_author":"1","show_post_author_image":"1","show_post_date":"1","post_date_format":"default","post_date_format_custom":"Y\/m\/d","show_post_category":"1","show_post_reading_time":"1","post_reading_time_wpm":"300","show_zoom_button":"1","zoom_button_out_step":"2","zoom_button_in_step":"3","show_post_tag":"1","show_prev_next_post":"1","show_popup_post":"1","number_popup_post":"1","show_author_box":"1","show_post_related":"1","show_inline_post_related":"0"}],"override_image_size":"0","image_override":[{"single_post_thumbnail_size":"crop-500","single_post_gallery_size":"crop-500"}],"trending_post":"0","trending_post_position":"meta","trending_post_label":"Trending","sponsored_post":"0","sponsored_post_label":"Sponsored by","sponsored_post_name":"","sponsored_post_url":"","sponsored_post_logo_enable":"0","sponsored_post_logo":"","sponsored_post_desc":"","disable_ad":"0"},"jnews_primary_category":{"id":"","hide":""},"jnews_social_meta":{"fb_title":"","fb_description":"","fb_image":"","twitter_title":"","twitter_description":"","twitter_image":""},"jnews_review":[],"enable_review":"0","type":"percentage","name":"","summary":"","brand":"","sku":"","good":[{"good_text":""}],"bad":[{"bad_text":""}],"score_override":"","override_value":"","rating":[{"rating_text":"","rating_number":"10"}],"price":[{"shop":"","price":"","link":"","icon":""}],"jnews_override_counter":{"override_view_counter":"0","view_counter_number":"0","override_share_counter":"0","share_counter_number":"0","override_like_counter":"0","like_counter_number":"0","override_dislike_counter":"0","dislike_counter_number":"0"},"jnews_post_split":{"enable_post_split":"0","post_split":[{"template":"1","tag":"h2","numbering":"asc","mode":"normal","first":"0","enable_toc":"0","toc_type":"normal"}]},"footnotes":""},"categories":[43,58],"tags":[44,274],"class_list":["post-40756","post","type-post","status-publish","format-standard","has-post-thumbnail","hentry","category-actualidad","category-argentina","tag-argentina","tag-transporte-publico"],"_links":{"self":[{"href":"https:\/\/esreviral.com\/index.php?rest_route=\/wp\/v2\/posts\/40756","targetHints":{"allow":["GET"]}}],"collection":[{"href":"https:\/\/esreviral.com\/index.php?rest_route=\/wp\/v2\/posts"}],"about":[{"href":"https:\/\/esreviral.com\/index.php?rest_route=\/wp\/v2\/types\/post"}],"author":[{"embeddable":true,"href":"https:\/\/esreviral.com\/index.php?rest_route=\/wp\/v2\/users\/5"}],"replies":[{"embeddable":true,"href":"https:\/\/esreviral.com\/index.php?rest_route=%2Fwp%2Fv2%2Fcomments&post=40756"}],"version-history":[{"count":0,"href":"https:\/\/esreviral.com\/index.php?rest_route=\/wp\/v2\/posts\/40756\/revisions"}],"wp:featuredmedia":[{"embeddable":true,"href":"https:\/\/esreviral.com\/index.php?rest_route=\/wp\/v2\/media\/40757"}],"wp:attachment":[{"href":"https:\/\/esreviral.com\/index.php?rest_route=%2Fwp%2Fv2%2Fmedia&parent=40756"}],"wp:term":[{"taxonomy":"category","embeddable":true,"href":"https:\/\/esreviral.com\/index.php?rest_route=%2Fwp%2Fv2%2Fcategories&post=40756"},{"taxonomy":"post_tag","embeddable":true,"href":"https:\/\/esreviral.com\/index.php?rest_route=%2Fwp%2Fv2%2Ftags&post=40756"}],"curies":[{"name":"wp","href":"https:\/\/api.w.org\/{rel}","templated":true}]}}