{"id":40727,"date":"2023-08-11T09:54:51","date_gmt":"2023-08-11T14:54:51","guid":{"rendered":"https:\/\/esreviral.com\/?p=40727"},"modified":"2023-08-11T09:54:52","modified_gmt":"2023-08-11T14:54:52","slug":"a-horas-del-asesinato-de-villavicencio-atacan-vehiculo-de-candidata-a-la-asamblea-en-ecuador","status":"publish","type":"post","link":"https:\/\/esreviral.com\/?p=40727","title":{"rendered":"A horas del asesinato de Villavicencio, atacan veh\u00edculo de candidata a la Asamblea en Ecuador"},"content":{"rendered":"\n<p>La candidata a asamble\u00edsta alterna por Los R\u00edos en Ecuador, Estefany Puente, quien es auspiciada por la alianza 2-17-20, fue v\u00edctima de un atentado, a pocas horas del asesinato de Fernando Villavicencio.<\/p>\n\n\n\n<p>El hecho violento se registr\u00f3 la tarde de este jueves 10 en el sector conocido como El Club de Leones de la parroquia 24 de Mayo, del cant\u00f3n Quevedo.<\/p>\n\n\n\n<p>Seg\u00fan datos preliminares, la candidata conduc\u00eda su carro, de color blanco, en compa\u00f1\u00eda de su padre y un colaborador, cuando fue interceptada por dos hombres desconocidos.<\/p>\n\n\n\n<p>Uno de los sujetos le dispar\u00f3 en el parabrisas, en el costado del conductor, y luego se dio a la fuga.<\/p>\n\n\n\n<p>Un allegado de la candidata dijo que afortunadamente los disparos se realizaron con una pistola traum\u00e1tica. Uno de los balazos roz\u00f3 en el brazo izquierdo.<\/p>\n\n\n\n<p>La Polic\u00eda investiga el hecho para conocer los motivos del atentado y adem\u00e1s revisaron las c\u00e1maras de seguridad para obtener registros de lo ocurrido.<\/p>\n\n\n\n<p><strong><em>Con informaci\u00f3n de El Universo<\/em><\/strong><\/p>\n","protected":false},"excerpt":{"rendered":"<p>La candidata a asamble\u00edsta alterna por Los R\u00edos en Ecuador, Estefany Puente, quien es auspiciada por la alianza 2-17-20, fue v\u00edctima de un atentado, a pocas horas del asesinato de Fernando Villavicencio. El hecho violento se registr\u00f3 la tarde de este jueves 10 en el sector conocido como El Club de Leones de la parroquia [&hellip;]<\/p>\n","protected":false},"author":5,"featured_media":40728,"comment_status":"closed","ping_status":"closed","sticky":false,"template":"","format":"standard","meta":{"jnews-multi-image_gallery":[],"jnews_single_post":{"subtitle":"","format":"standard","video":"","gallery":"","source_name":"","source_url":"","via_name":"","via_url":"","override_template":"0","override":[{"template":"4","single_blog_custom":"","parallax":"1","fullscreen":"1","layout":"right-sidebar","sidebar":"default-sidebar","second_sidebar":"default-sidebar","sticky_sidebar":"1","share_position":"top","share_float_style":"share-monocrhome","show_share_counter":"1","show_view_counter":"1","show_featured":"1","show_post_meta":"1","show_post_author":"1","show_post_author_image":"1","show_post_date":"1","post_date_format":"default","post_date_format_custom":"Y\/m\/d","show_post_category":"1","show_post_reading_time":"1","post_reading_time_wpm":"300","show_zoom_button":"1","zoom_button_out_step":"2","zoom_button_in_step":"3","show_post_tag":"1","show_prev_next_post":"1","show_popup_post":"1","number_popup_post":"1","show_author_box":"1","show_post_related":"1","show_inline_post_related":"0"}],"override_image_size":"0","image_override":[{"single_post_thumbnail_size":"crop-500","single_post_gallery_size":"crop-500"}],"trending_post":"0","trending_post_position":"meta","trending_post_label":"Trending","sponsored_post":"0","sponsored_post_label":"Sponsored by","sponsored_post_name":"","sponsored_post_url":"","sponsored_post_logo_enable":"0","sponsored_post_logo":"","sponsored_post_desc":"","disable_ad":"0"},"jnews_primary_category":{"id":"","hide":""},"jnews_social_meta":{"fb_title":"","fb_description":"","fb_image":"","twitter_title":"","twitter_description":"","twitter_image":""},"jnews_review":[],"enable_review":"0","type":"percentage","name":"","summary":"","brand":"","sku":"","good":[{"good_text":""}],"bad":[{"bad_text":""}],"score_override":"","override_value":"","rating":[{"rating_text":"","rating_number":"10"}],"price":[{"shop":"","price":"","link":"","icon":""}],"jnews_override_counter":{"override_view_counter":"0","view_counter_number":"0","override_share_counter":"0","share_counter_number":"0","override_like_counter":"0","like_counter_number":"0","override_dislike_counter":"0","dislike_counter_number":"0"},"jnews_post_split":{"enable_post_split":"0","post_split":[{"template":"1","tag":"h2","numbering":"asc","mode":"normal","first":"0","enable_toc":"0","toc_type":"normal"}]},"footnotes":""},"categories":[88,64],"tags":[547,11978],"class_list":["post-40727","post","type-post","status-publish","format-standard","has-post-thumbnail","hentry","category-internacionales","category-sucesos","tag-ecuador","tag-estefany-puente"],"_links":{"self":[{"href":"https:\/\/esreviral.com\/index.php?rest_route=\/wp\/v2\/posts\/40727","targetHints":{"allow":["GET"]}}],"collection":[{"href":"https:\/\/esreviral.com\/index.php?rest_route=\/wp\/v2\/posts"}],"about":[{"href":"https:\/\/esreviral.com\/index.php?rest_route=\/wp\/v2\/types\/post"}],"author":[{"embeddable":true,"href":"https:\/\/esreviral.com\/index.php?rest_route=\/wp\/v2\/users\/5"}],"replies":[{"embeddable":true,"href":"https:\/\/esreviral.com\/index.php?rest_route=%2Fwp%2Fv2%2Fcomments&post=40727"}],"version-history":[{"count":0,"href":"https:\/\/esreviral.com\/index.php?rest_route=\/wp\/v2\/posts\/40727\/revisions"}],"wp:featuredmedia":[{"embeddable":true,"href":"https:\/\/esreviral.com\/index.php?rest_route=\/wp\/v2\/media\/40728"}],"wp:attachment":[{"href":"https:\/\/esreviral.com\/index.php?rest_route=%2Fwp%2Fv2%2Fmedia&parent=40727"}],"wp:term":[{"taxonomy":"category","embeddable":true,"href":"https:\/\/esreviral.com\/index.php?rest_route=%2Fwp%2Fv2%2Fcategories&post=40727"},{"taxonomy":"post_tag","embeddable":true,"href":"https:\/\/esreviral.com\/index.php?rest_route=%2Fwp%2Fv2%2Ftags&post=40727"}],"curies":[{"name":"wp","href":"https:\/\/api.w.org\/{rel}","templated":true}]}}