{"id":4064,"date":"2021-02-12T14:28:31","date_gmt":"2021-02-12T17:28:31","guid":{"rendered":"http:\/\/esreviral.com\/?p=4064"},"modified":"2021-02-12T14:28:31","modified_gmt":"2021-02-12T17:28:31","slug":"jovenes-venezolanos-conmemoraron-su-dia-con-una-gran-marcha-en-caracas","status":"publish","type":"post","link":"https:\/\/esreviral.com\/?p=4064","title":{"rendered":"J\u00f3venes venezolanos conmemoraron su d\u00eda con una gran marcha en Caracas"},"content":{"rendered":"\n<p>J\u00f3venes venezolanos\u00a0<strong>cantaron el Himno Nacional en la avenida Bol\u00edvar de Caracas<\/strong>, luego de protestar en la esquina Tracabordo, en la parroquia Candelaria, donde hace siete a\u00f1os presuntos funcionarios policiales asesinaron Bassil Da Costa.<\/p>\n\n\n\n<figure class=\"wp-block-image size-large\"><img decoding=\"async\" src=\"https:\/\/cdn.elnacional.com\/wp-content\/uploads\/2021\/02\/jovenes-avenida-Bolivar.jpg\" alt=\"\"\/><\/figure>\n\n\n\n<p>Se trat\u00f3 del primer estudiante ca\u00eddo en 2014 en el inicio de la intensa ola de protestas que marc\u00f3 la desaprobaci\u00f3n de cientos de venezolanos hacia Nicol\u00e1s Maduro. En ese entonces, comenzaba a sentirse el impacto de las medidas err\u00f3neas e improvisadas que llevaron al pa\u00eds a sumergirse en la profunda crisis en la que a\u00fan se encuentra.<\/p>\n\n\n\n<p>Los manifestantes, en el D\u00eda de la Juventud, exigieron justicia no solo por el asesinato de Da Costa, sino<strong>\u00a0por todos los ciudadanos que perdieron la vida\u00a0<\/strong>en situaciones que incluso hasta la fecha las autoridades no han esclarecido, como Juan Carlos Montoya y Robert Redman.<\/p>\n\n\n\n<p>A la protesta se unieron el presidente (E) Juan Guaid\u00f3 y otros l\u00edderes pol\u00edticos para conmemorar el d\u00eda. <\/p>\n\n\n\n<p>Los j\u00f3venes ondearon una bandera gigante de Venezuela mientras caminaron y cantaron consignas por la avenida. \u201cTodos los d\u00edas son de lucha. Los estudiantes\u00a0<strong>hacemos un reconocimiento a todos nuestros hermanos que han ca\u00eddo<\/strong>, a todos los que fueron asesinados luchando por una Venezuela mejor\u201d,\u00a0dijo un dirigente estudiantil.<\/p>\n\n\n\n<p class=\"has-text-align-right\"><strong><em>El Nacional.-<\/em><\/strong><\/p>\n","protected":false},"excerpt":{"rendered":"<p>J\u00f3venes venezolanos\u00a0cantaron el Himno Nacional en la avenida Bol\u00edvar de Caracas, luego de protestar en la esquina Tracabordo, en la parroquia Candelaria, donde hace siete a\u00f1os presuntos funcionarios policiales asesinaron Bassil Da Costa. Se trat\u00f3 del primer estudiante ca\u00eddo en 2014 en el inicio de la intensa ola de protestas que marc\u00f3 la desaprobaci\u00f3n de [&hellip;]<\/p>\n","protected":false},"author":2,"featured_media":4065,"comment_status":"open","ping_status":"open","sticky":false,"template":"","format":"standard","meta":{"jnews-multi-image_gallery":[],"jnews_single_post":[],"jnews_primary_category":[],"jnews_social_meta":[],"jnews_review":[],"enable_review":"","type":"","name":"","summary":"","brand":"","sku":"","good":[],"bad":[],"score_override":"","override_value":"","rating":[],"price":[],"jnews_override_counter":[],"jnews_post_split":[],"footnotes":""},"categories":[66],"tags":[45,126,56],"class_list":["post-4064","post","type-post","status-publish","format-standard","has-post-thumbnail","hentry","category-venezuela","tag-noticias","tag-protesta","tag-venezuela"],"amp_enabled":true,"_links":{"self":[{"href":"https:\/\/esreviral.com\/index.php?rest_route=\/wp\/v2\/posts\/4064"}],"collection":[{"href":"https:\/\/esreviral.com\/index.php?rest_route=\/wp\/v2\/posts"}],"about":[{"href":"https:\/\/esreviral.com\/index.php?rest_route=\/wp\/v2\/types\/post"}],"author":[{"embeddable":true,"href":"https:\/\/esreviral.com\/index.php?rest_route=\/wp\/v2\/users\/2"}],"replies":[{"embeddable":true,"href":"https:\/\/esreviral.com\/index.php?rest_route=%2Fwp%2Fv2%2Fcomments&post=4064"}],"version-history":[{"count":0,"href":"https:\/\/esreviral.com\/index.php?rest_route=\/wp\/v2\/posts\/4064\/revisions"}],"wp:featuredmedia":[{"embeddable":true,"href":"https:\/\/esreviral.com\/index.php?rest_route=\/"}],"wp:attachment":[{"href":"https:\/\/esreviral.com\/index.php?rest_route=%2Fwp%2Fv2%2Fmedia&parent=4064"}],"wp:term":[{"taxonomy":"category","embeddable":true,"href":"https:\/\/esreviral.com\/index.php?rest_route=%2Fwp%2Fv2%2Fcategories&post=4064"},{"taxonomy":"post_tag","embeddable":true,"href":"https:\/\/esreviral.com\/index.php?rest_route=%2Fwp%2Fv2%2Ftags&post=4064"}],"curies":[{"name":"wp","href":"https:\/\/api.w.org\/{rel}","templated":true}]}}