{"id":4057,"date":"2021-02-12T13:19:40","date_gmt":"2021-02-12T16:19:40","guid":{"rendered":"http:\/\/esreviral.com\/?p=4057"},"modified":"2021-02-12T13:19:40","modified_gmt":"2021-02-12T16:19:40","slug":"entre-lagrimas-y-aplausos-despidieron-al-delivery-venezolano-atropellado-por-un-tren-video","status":"publish","type":"post","link":"https:\/\/esreviral.com\/?p=4057","title":{"rendered":"Entre l\u00e1grimas y aplausos despidieron al delivery venezolano atropellado por un tren (+VIDEO)"},"content":{"rendered":"\n<p>Luego que se conociera el fallecimiento de Jes\u00fas Guanipa, sus compa\u00f1eros del reparto se acercaron hasta la escena del crimen donde entre l\u00e1grimas y aplausos despidieron al hombre al momento que levantaban su cad\u00e1ver. <\/p>\n\n\n\n<figure class=\"wp-block-embed-twitter wp-block-embed is-type-rich is-provider-twitter\"><div class=\"wp-block-embed__wrapper\">\n<blockquote class=\"twitter-tweet\" data-width=\"500\" data-dnt=\"true\"><p lang=\"es\" dir=\"ltr\"><a href=\"https:\/\/twitter.com\/hashtag\/12feb?src=hash&amp;ref_src=twsrc%5Etfw\">#12feb<\/a> As\u00ed fue el momento en que levantaron el cad\u00e1ver del joven venezolano atropellado por un tren, en Ramos Mej\u00eda, provincia de Buenos Aires <a href=\"https:\/\/t.co\/FxwAQXxXAm\">pic.twitter.com\/FxwAQXxXAm<\/a><\/p>&mdash; ES RE VIRAL (@esreviral) <a href=\"https:\/\/twitter.com\/esreviral\/status\/1360254967173545986?ref_src=twsrc%5Etfw\">February 12, 2021<\/a><\/blockquote><script async src=\"https:\/\/platform.twitter.com\/widgets.js\" charset=\"utf-8\"><\/script>\n<\/div><\/figure>\n\n\n\n<p>El venezolano se trasladaba en una moto que recientemente hab\u00eda adquirido, y fue atropellado por un tren la noche del jueves en Ramos Mej\u00eda, provincia de Buenos Aires.<\/p>\n\n\n\n<p>Sus compa\u00f1eros de trabajo se han expresado a trav\u00e9s de las redes sociales, donde han lamentado la partida del joven, a quien han calificado como \u00abun buen hombre\u00bb y \u00abgran amigo\u00bb, a quien entre sus panas, lo apodaron como El Maute.<\/p>\n\n\n\n<p>Se conoci\u00f3 que Guanipa lleg\u00f3 a Argentina el 14 de junio de 2017; desde Falc\u00f3n fue a Bol\u00edvar, de ah\u00ed tom\u00f3 un autob\u00fas hasta Boa Vista, sigui\u00f3 a Brasilia y despu\u00e9s a Porto Alegre, donde  durmi\u00f3 una noche en el aeropuerto y al d\u00eda siguiente tom\u00f3 un tren hasta el terminal donde emprendi\u00f3 viaje a Buenos Aires. <\/p>\n\n\n\n<p>Para ese momento, viaj\u00f3 con un amigo de nombre Abelardo Colina, aunque en el camino conocieron a muchos venezolanos que hac\u00edan el mismo recorrido y con quienes hicieron una gran amistad. <\/p>\n\n\n\n<p>El ahora fallecido, estaba en Argentina con una hermana y el cu\u00f1ado. <\/p>\n\n\n\n<p><strong><span style=\"background-color:#9a1b22\" class=\"td_text_highlight_marker\">Lea tambi\u00e9n:<\/span><\/strong> <a href=\"http:\/\/esreviral.com\/2021\/02\/12\/fallecio-un-delivery-venezolano-en-argentina-tras-ser-atropellado-por-un-tren\/\">Falleci\u00f3 delivery venezolano en Argentina tras ser atropellado por un tren<\/a><\/p>\n","protected":false},"excerpt":{"rendered":"<p>Luego que se conociera el fallecimiento de Jes\u00fas Guanipa, sus compa\u00f1eros del reparto se acercaron hasta la escena del crimen donde entre l\u00e1grimas y aplausos despidieron al hombre al momento que levantaban su cad\u00e1ver. El venezolano se trasladaba en una moto que recientemente hab\u00eda adquirido, y fue atropellado por un tren la noche del jueves [&hellip;]<\/p>\n","protected":false},"author":2,"featured_media":4058,"comment_status":"open","ping_status":"open","sticky":false,"template":"","format":"standard","meta":{"jnews-multi-image_gallery":[],"jnews_single_post":[],"jnews_primary_category":[],"jnews_social_meta":[],"jnews_review":[],"enable_review":"","type":"","name":"","summary":"","brand":"","sku":"","good":[],"bad":[],"score_override":"","override_value":"","rating":[],"price":[],"jnews_override_counter":[],"jnews_post_split":[],"footnotes":""},"categories":[64],"tags":[45,557,67],"class_list":["post-4057","post","type-post","status-publish","format-standard","has-post-thumbnail","hentry","category-sucesos","tag-noticias","tag-tren","tag-venezolanos-en-argentina"],"amp_enabled":true,"_links":{"self":[{"href":"https:\/\/esreviral.com\/index.php?rest_route=\/wp\/v2\/posts\/4057"}],"collection":[{"href":"https:\/\/esreviral.com\/index.php?rest_route=\/wp\/v2\/posts"}],"about":[{"href":"https:\/\/esreviral.com\/index.php?rest_route=\/wp\/v2\/types\/post"}],"author":[{"embeddable":true,"href":"https:\/\/esreviral.com\/index.php?rest_route=\/wp\/v2\/users\/2"}],"replies":[{"embeddable":true,"href":"https:\/\/esreviral.com\/index.php?rest_route=%2Fwp%2Fv2%2Fcomments&post=4057"}],"version-history":[{"count":0,"href":"https:\/\/esreviral.com\/index.php?rest_route=\/wp\/v2\/posts\/4057\/revisions"}],"wp:featuredmedia":[{"embeddable":true,"href":"https:\/\/esreviral.com\/index.php?rest_route=\/"}],"wp:attachment":[{"href":"https:\/\/esreviral.com\/index.php?rest_route=%2Fwp%2Fv2%2Fmedia&parent=4057"}],"wp:term":[{"taxonomy":"category","embeddable":true,"href":"https:\/\/esreviral.com\/index.php?rest_route=%2Fwp%2Fv2%2Fcategories&post=4057"},{"taxonomy":"post_tag","embeddable":true,"href":"https:\/\/esreviral.com\/index.php?rest_route=%2Fwp%2Fv2%2Ftags&post=4057"}],"curies":[{"name":"wp","href":"https:\/\/api.w.org\/{rel}","templated":true}]}}