{"id":4047,"date":"2021-02-12T12:27:37","date_gmt":"2021-02-12T15:27:37","guid":{"rendered":"http:\/\/esreviral.com\/?p=4047"},"modified":"2021-02-12T12:27:37","modified_gmt":"2021-02-12T15:27:37","slug":"fallecio-un-delivery-venezolano-en-argentina-tras-ser-atropellado-por-un-tren","status":"publish","type":"post","link":"https:\/\/esreviral.com\/?p=4047","title":{"rendered":"Falleci\u00f3 un delivery venezolano en Argentina tras ser atropellado por un tren"},"content":{"rendered":"\n<p><strong><em>CIS.- <\/em><\/strong>La noche de este jueves, un joven venezolano, identificado como Jes\u00fas Guanipa, fue atropellado por un tren en Ramos Mej\u00eda, seg\u00fan informaron sus compa\u00f1eros de trabajo. <\/p>\n\n\n\n<p>El hecho ocurri\u00f3 cerca de las 11:00 p.m., cuando Guanipa iba a entregar un pedido por la avenida Rivadavia, seg\u00fan versiones extraoficiales, se trasladaba a bordo de una moto, al llegar a los rieles del tren \u00abse asom\u00f3 a ver si no ven\u00eda el tren y ah\u00ed fue cuando lo arroll\u00f3\u00bb, cont\u00f3 uno de los amigos. <\/p>\n\n\n\n<p>El joven venezolano, al parecer era natural de Judibana, estado Falc\u00f3n a donde ser\u00e1n trasladados sus restos, luego de ser cremados. <\/p>\n\n\n\n<p>El conglomerado de deliveries venezolanos en Argentina, expresaron sus condolencias y la consternaci\u00f3n que tienen ante el lamentable suceso.<\/p>\n\n\n\n<p> <\/p>\n\n\n\n<figure class=\"wp-block-image size-large\"><img decoding=\"async\" src=\"http:\/\/esreviral.com\/wp-content\/uploads\/2021\/02\/WhatsApp-Image-2021-02-12-at-11.37.52-AM.jpeg\" alt=\"\" class=\"wp-image-4049\"\/><\/figure>\n\n\n\n<figure class=\"wp-block-image size-large\"><img decoding=\"async\" src=\"http:\/\/esreviral.com\/wp-content\/uploads\/2021\/02\/WhatsApp-Image-2021-02-12-at-11.38.16-AM.jpeg\" alt=\"\" class=\"wp-image-4050\"\/><figcaption>En esta moto se trasladaba para hacer su trabajo como repartidor<\/figcaption><\/figure>\n\n\n\n<p><\/p>\n","protected":false},"excerpt":{"rendered":"<p>Sus restos ser\u00e1n cremados y enviados a Coro, estado Falc\u00f3n, de donde era oriundo<\/p>\n","protected":false},"author":2,"featured_media":4048,"comment_status":"open","ping_status":"open","sticky":false,"template":"","format":"standard","meta":{"jnews-multi-image_gallery":[],"jnews_single_post":[],"jnews_primary_category":[],"jnews_social_meta":[],"jnews_review":[],"enable_review":"","type":"","name":"","summary":"","brand":"","sku":"","good":[],"bad":[],"score_override":"","override_value":"","rating":[],"price":[],"jnews_override_counter":[],"jnews_post_split":[],"footnotes":""},"categories":[64],"tags":[45,67],"class_list":["post-4047","post","type-post","status-publish","format-standard","has-post-thumbnail","hentry","category-sucesos","tag-noticias","tag-venezolanos-en-argentina"],"amp_enabled":true,"_links":{"self":[{"href":"https:\/\/esreviral.com\/index.php?rest_route=\/wp\/v2\/posts\/4047"}],"collection":[{"href":"https:\/\/esreviral.com\/index.php?rest_route=\/wp\/v2\/posts"}],"about":[{"href":"https:\/\/esreviral.com\/index.php?rest_route=\/wp\/v2\/types\/post"}],"author":[{"embeddable":true,"href":"https:\/\/esreviral.com\/index.php?rest_route=\/wp\/v2\/users\/2"}],"replies":[{"embeddable":true,"href":"https:\/\/esreviral.com\/index.php?rest_route=%2Fwp%2Fv2%2Fcomments&post=4047"}],"version-history":[{"count":0,"href":"https:\/\/esreviral.com\/index.php?rest_route=\/wp\/v2\/posts\/4047\/revisions"}],"wp:featuredmedia":[{"embeddable":true,"href":"https:\/\/esreviral.com\/index.php?rest_route=\/"}],"wp:attachment":[{"href":"https:\/\/esreviral.com\/index.php?rest_route=%2Fwp%2Fv2%2Fmedia&parent=4047"}],"wp:term":[{"taxonomy":"category","embeddable":true,"href":"https:\/\/esreviral.com\/index.php?rest_route=%2Fwp%2Fv2%2Fcategories&post=4047"},{"taxonomy":"post_tag","embeddable":true,"href":"https:\/\/esreviral.com\/index.php?rest_route=%2Fwp%2Fv2%2Ftags&post=4047"}],"curies":[{"name":"wp","href":"https:\/\/api.w.org\/{rel}","templated":true}]}}