{"id":40422,"date":"2023-08-07T11:17:30","date_gmt":"2023-08-07T16:17:30","guid":{"rendered":"https:\/\/esreviral.com\/?p=40422"},"modified":"2023-08-07T11:17:32","modified_gmt":"2023-08-07T16:17:32","slug":"familia-venezolana-lo-perdio-todo-tras-incendiarsele-su-vivienda-en-la-matanza","status":"publish","type":"post","link":"https:\/\/esreviral.com\/?p=40422","title":{"rendered":"Familia venezolana lo perdi\u00f3 todo tras incendi\u00e1rsele su vivienda en La Matanza"},"content":{"rendered":"\n<p><strong><em>CIS.-<\/em><\/strong> Una familia venezolana que reside en Argentina, perdi\u00f3 todas sus pertenencias, luego que <strong>la madrugada de este lunes se incendiara la vivienda donde residen <\/strong>en Jorge de Kay 1160, sector Rafael Castillo, de La Matanza, provincia de Buenos Aires. <\/p>\n\n\n\n<p>Carinner Viera, de 39 a\u00f1os de edad, narr\u00f3 a <strong><em>ES RE VIRAL,<\/em><\/strong> que en la madrugada, su esposa (29) se levant\u00f3 por el fuerte olor a quemado que le lleg\u00f3. <strong>\u00abCuando ella se despert\u00f3 estaba toda la habitaci\u00f3n llena de humo. <\/strong>Los nenes, de dos y cuatro a\u00f1os de edad, estaban en su cuarto y los buscamos r\u00e1pidamente, los sacamos y ya. No dio tiempo de entrar ni a a buscar las llaves del auto. Comenc\u00e9 a llamar a los vecinos para pedir auxilio. <strong>En cuesti\u00f3n de segundo el fuego sal\u00eda por la ventana y en unos 10 minutos todo estaba prendido en candela\u00bb. <\/strong><\/p>\n\n\n\n<figure class=\"wp-block-image size-large\"><img fetchpriority=\"high\" decoding=\"async\" width=\"768\" height=\"1024\" src=\"https:\/\/esreviral.com\/wp-content\/uploads\/2023\/08\/atsapp-image-2023-08-07-at-12-39-21-768x1024.webp\" alt=\"\" class=\"wp-image-40423\" srcset=\"https:\/\/esreviral.com\/wp-content\/uploads\/2023\/08\/atsapp-image-2023-08-07-at-12-39-21-768x1024.webp 768w, https:\/\/esreviral.com\/wp-content\/uploads\/2023\/08\/atsapp-image-2023-08-07-at-12-39-21-225x300.webp 225w, https:\/\/esreviral.com\/wp-content\/uploads\/2023\/08\/atsapp-image-2023-08-07-at-12-39-21-750x1000.webp 750w, https:\/\/esreviral.com\/wp-content\/uploads\/2023\/08\/atsapp-image-2023-08-07-at-12-39-21.webp 960w\" sizes=\"(max-width: 768px) 100vw, 768px\" \/><\/figure>\n\n\n\n<p>Para el momento del incendio, la familia ten\u00eda prendido dos caloventores, debido a las bajas temperaturas pero \u00abhay problemas generales en la casa con la cuesti\u00f3n de la luz, se calentaron los cables, a tal magnitud que <strong>se prendi\u00f3 en candela la t\u00e9rmica principal de la casa\u00bb<\/strong>, explic\u00f3 Viera, quien tiene siete a\u00f1os en Argentina. <\/p>\n\n\n\n<p>\u00abNos quedamos sin nada. Nos hab\u00eda costado mucho tener lo que ten\u00edamos y<strong> es dif\u00edcil empezar de cero\u00bb,<\/strong> expres\u00f3 el hombre, quien trabaja con la aplicaci\u00f3n de Uber.<\/p>\n\n\n\n<p>Por ahora se encuentran en casa de unos vecinos pero esperan colaboraci\u00f3n econ\u00f3mica, de ropa, calzado y hasta alimentos porque lo perdieron todo. Quienes puedan hacerlo se pueden dirigir a Jorge de Kay 1160 de La Matanza y para ayuda econ\u00f3mica a la cuenta de BrukBank de Carinner Viera, <strong>alias: TOPO.VIENTO.CALA <\/strong><\/p>\n\n\n\n<p>Lea tambi\u00e9n: <\/p>\n\n\n\n<figure class=\"wp-block-image size-large\"><img decoding=\"async\" width=\"576\" height=\"1024\" src=\"https:\/\/esreviral.com\/wp-content\/uploads\/2023\/08\/atsapp-image-2023-08-07-at-12-38-38-576x1024.webp\" alt=\"\" class=\"wp-image-40425\" srcset=\"https:\/\/esreviral.com\/wp-content\/uploads\/2023\/08\/atsapp-image-2023-08-07-at-12-38-38-576x1024.webp 576w, https:\/\/esreviral.com\/wp-content\/uploads\/2023\/08\/atsapp-image-2023-08-07-at-12-38-38-169x300.webp 169w, https:\/\/esreviral.com\/wp-content\/uploads\/2023\/08\/atsapp-image-2023-08-07-at-12-38-38.webp 720w\" sizes=\"(max-width: 576px) 100vw, 576px\" \/><\/figure>\n\n\n\n<figure class=\"wp-block-image size-large\"><img decoding=\"async\" width=\"768\" height=\"1024\" src=\"https:\/\/esreviral.com\/wp-content\/uploads\/2023\/08\/atsapp-image-2023-08-07-at-12-39-22-768x1024.webp\" alt=\"\" class=\"wp-image-40427\" srcset=\"https:\/\/esreviral.com\/wp-content\/uploads\/2023\/08\/atsapp-image-2023-08-07-at-12-39-22-768x1024.webp 768w, https:\/\/esreviral.com\/wp-content\/uploads\/2023\/08\/atsapp-image-2023-08-07-at-12-39-22-225x300.webp 225w, https:\/\/esreviral.com\/wp-content\/uploads\/2023\/08\/atsapp-image-2023-08-07-at-12-39-22-750x1000.webp 750w, https:\/\/esreviral.com\/wp-content\/uploads\/2023\/08\/atsapp-image-2023-08-07-at-12-39-22.webp 960w\" sizes=\"(max-width: 768px) 100vw, 768px\" \/><\/figure>\n","protected":false},"excerpt":{"rendered":"<p>CIS.- Una familia venezolana que reside en Argentina, perdi\u00f3 todas sus pertenencias, luego que la madrugada de este lunes se incendiara la vivienda donde residen en Jorge de Kay 1160, sector Rafael Castillo, de La Matanza, provincia de Buenos Aires. Carinner Viera, de 39 a\u00f1os de edad, narr\u00f3 a ES RE VIRAL, que en la [&hellip;]<\/p>\n","protected":false},"author":2,"featured_media":40424,"comment_status":"open","ping_status":"closed","sticky":false,"template":"","format":"standard","meta":{"jnews-multi-image_gallery":[],"jnews_single_post":{"subtitle":"","format":"standard","video":"","gallery":"","source_name":"","source_url":"","via_name":"","via_url":"","override_template":"0","override":[{"template":"4","single_blog_custom":"","parallax":"1","fullscreen":"1","layout":"right-sidebar","sidebar":"default-sidebar","second_sidebar":"default-sidebar","sticky_sidebar":"1","share_position":"top","share_float_style":"share-monocrhome","show_share_counter":"1","show_view_counter":"1","show_featured":"1","show_post_meta":"1","show_post_author":"1","show_post_author_image":"1","show_post_date":"1","post_date_format":"default","post_date_format_custom":"Y\/m\/d","show_post_category":"1","show_post_reading_time":"1","post_reading_time_wpm":"300","show_zoom_button":"1","zoom_button_out_step":"2","zoom_button_in_step":"3","show_post_tag":"1","show_prev_next_post":"1","show_popup_post":"1","number_popup_post":"1","show_author_box":"1","show_post_related":"1","show_inline_post_related":"0"}],"override_image_size":"0","image_override":[{"single_post_thumbnail_size":"crop-500","single_post_gallery_size":"crop-500"}],"trending_post":"0","trending_post_position":"meta","trending_post_label":"Trending","sponsored_post":"0","sponsored_post_label":"Sponsored by","sponsored_post_name":"","sponsored_post_url":"","sponsored_post_logo_enable":"0","sponsored_post_logo":"","sponsored_post_desc":"","disable_ad":"0"},"jnews_primary_category":{"id":"","hide":""},"jnews_social_meta":{"fb_title":"","fb_description":"","fb_image":"","twitter_title":"","twitter_description":"","twitter_image":""},"jnews_review":[],"enable_review":"0","type":"percentage","name":"","summary":"","brand":"","sku":"","good":[{"good_text":""}],"bad":[{"bad_text":""}],"score_override":"","override_value":"","rating":[{"rating_text":"","rating_number":"10"}],"price":[{"shop":"","price":"","link":"","icon":""}],"jnews_override_counter":{"override_view_counter":"0","view_counter_number":"0","override_share_counter":"0","share_counter_number":"0","override_like_counter":"0","like_counter_number":"0","override_dislike_counter":"0","dislike_counter_number":"0"},"jnews_post_split":{"enable_post_split":"0","post_split":[{"template":"1","tag":"h2","numbering":"asc","mode":"normal","first":"0","enable_toc":"0","toc_type":"normal"}]},"footnotes":""},"categories":[64,5892],"tags":[933,564,45,67],"class_list":["post-40422","post","type-post","status-publish","format-standard","has-post-thumbnail","hentry","category-sucesos","category-venezolanos-en-argentina","tag-incendio","tag-la-matanza","tag-noticias","tag-venezolanos-en-argentina"],"_links":{"self":[{"href":"https:\/\/esreviral.com\/index.php?rest_route=\/wp\/v2\/posts\/40422","targetHints":{"allow":["GET"]}}],"collection":[{"href":"https:\/\/esreviral.com\/index.php?rest_route=\/wp\/v2\/posts"}],"about":[{"href":"https:\/\/esreviral.com\/index.php?rest_route=\/wp\/v2\/types\/post"}],"author":[{"embeddable":true,"href":"https:\/\/esreviral.com\/index.php?rest_route=\/wp\/v2\/users\/2"}],"replies":[{"embeddable":true,"href":"https:\/\/esreviral.com\/index.php?rest_route=%2Fwp%2Fv2%2Fcomments&post=40422"}],"version-history":[{"count":0,"href":"https:\/\/esreviral.com\/index.php?rest_route=\/wp\/v2\/posts\/40422\/revisions"}],"wp:featuredmedia":[{"embeddable":true,"href":"https:\/\/esreviral.com\/index.php?rest_route=\/wp\/v2\/media\/40424"}],"wp:attachment":[{"href":"https:\/\/esreviral.com\/index.php?rest_route=%2Fwp%2Fv2%2Fmedia&parent=40422"}],"wp:term":[{"taxonomy":"category","embeddable":true,"href":"https:\/\/esreviral.com\/index.php?rest_route=%2Fwp%2Fv2%2Fcategories&post=40422"},{"taxonomy":"post_tag","embeddable":true,"href":"https:\/\/esreviral.com\/index.php?rest_route=%2Fwp%2Fv2%2Ftags&post=40422"}],"curies":[{"name":"wp","href":"https:\/\/api.w.org\/{rel}","templated":true}]}}