{"id":4035,"date":"2021-02-11T17:17:50","date_gmt":"2021-02-11T20:17:50","guid":{"rendered":"http:\/\/esreviral.com\/?p=4035"},"modified":"2021-02-11T17:17:50","modified_gmt":"2021-02-11T20:17:50","slug":"venezolanos-se-concentraron-en-renaper-para-exigir-respuesta-del-pasaporte-excepcional-argentino","status":"publish","type":"post","link":"https:\/\/esreviral.com\/?p=4035","title":{"rendered":"Venezolanos se concentraron en Renaper para exigir respuesta del Pasaporte Excepcional argentino"},"content":{"rendered":"\n<p><strong><em>CIS.- <\/em><\/strong>Un peque\u00f1o grupo de venezolanos en Argentina fueron hasta la sede de Renaper para exigir una respuesta ante las m\u00e1s de 500 solicitudes que se han realizado desde el pasado mes de noviembre que se conoci\u00f3 la legalidad dle tr\u00e1mite y que muchos extranjeros, podr\u00edan optar a \u00e9l. <\/p>\n\n\n\n<p>\u00abVeniamos a exigir respuesta con celeridad de otorgar los pasaporte excepcionales para extranjero, los lapsos administrativos de 60 d\u00edas ya se cumplieron y mucha gente necesita sus pasaportes para poder viajar, tienen derecho por la Constituci\u00f3n y por este decreto\u00bb, explic\u00f3 Denis Portillo, abogado venezolano y representante de la Asociaci\u00f3n Civil, Uvenar. <\/p>\n\n\n\n<figure class=\"wp-block-image size-large\"><img decoding=\"async\" src=\"http:\/\/esreviral.com\/wp-content\/uploads\/2021\/02\/20210211_120637-1024x576.jpg\" alt=\"\" class=\"wp-image-4037\"\/><figcaption>A pesar de la masiva convocatoria , s\u00f3lo un grupo m\u00ednimo lleg\u00f3 al lugar pero lograron su objetivo<\/figcaption><\/figure>\n\n\n\n<p>Inform\u00f3 que tambi\u00e9n ir\u00e1n hasta el ministerio de interior y la Casa Rosada para entregar la solicitud de respuesta, \u00abestamos amparados por la ley y la Constituci\u00f3n. Hasta ahora, m\u00e1s de 500 personas han hecho sus solicitudes y necesitan con urgencia sus documentos\u00bb. <\/p>\n\n\n\n<p>En el caso de Reina Hern\u00e1ndez, quien es venezolana, viaj\u00f3 m\u00e1s de una hora desde San Justo para reclamar su derecho. \u00abQueremos dar un poco de presi\u00f3n por el pasaporte excepcional (&#8230;) No tenemos pasaportes ninguno de los miembros de nuestra familia y no podemos viajar. Adem\u00e1s debemos pagar 180 d\u00f3lares en la embajada para una renovaci\u00f3n y no tenemos, es muy fuerte. Pagamos alquiler y comida o la pr\u00f3rroga\u00bb. <\/p>\n","protected":false},"excerpt":{"rendered":"<p>Hasta ahora se contabilizan m\u00e1s de 500 solicitudes por parte de la comunidad venezolana<\/p>\n","protected":false},"author":2,"featured_media":4036,"comment_status":"open","ping_status":"open","sticky":false,"template":"","format":"standard","meta":{"jnews-multi-image_gallery":[],"jnews_single_post":[],"jnews_primary_category":[],"jnews_social_meta":[],"jnews_review":[],"enable_review":"","type":"","name":"","summary":"","brand":"","sku":"","good":[],"bad":[],"score_override":"","override_value":"","rating":[],"price":[],"jnews_override_counter":[],"jnews_post_split":[],"footnotes":""},"categories":[54],"tags":[119,67],"class_list":["post-4035","post","type-post","status-publish","format-standard","has-post-thumbnail","hentry","category-inmigracion","tag-pasaportes","tag-venezolanos-en-argentina"],"amp_enabled":true,"_links":{"self":[{"href":"https:\/\/esreviral.com\/index.php?rest_route=\/wp\/v2\/posts\/4035"}],"collection":[{"href":"https:\/\/esreviral.com\/index.php?rest_route=\/wp\/v2\/posts"}],"about":[{"href":"https:\/\/esreviral.com\/index.php?rest_route=\/wp\/v2\/types\/post"}],"author":[{"embeddable":true,"href":"https:\/\/esreviral.com\/index.php?rest_route=\/wp\/v2\/users\/2"}],"replies":[{"embeddable":true,"href":"https:\/\/esreviral.com\/index.php?rest_route=%2Fwp%2Fv2%2Fcomments&post=4035"}],"version-history":[{"count":0,"href":"https:\/\/esreviral.com\/index.php?rest_route=\/wp\/v2\/posts\/4035\/revisions"}],"wp:featuredmedia":[{"embeddable":true,"href":"https:\/\/esreviral.com\/index.php?rest_route=\/"}],"wp:attachment":[{"href":"https:\/\/esreviral.com\/index.php?rest_route=%2Fwp%2Fv2%2Fmedia&parent=4035"}],"wp:term":[{"taxonomy":"category","embeddable":true,"href":"https:\/\/esreviral.com\/index.php?rest_route=%2Fwp%2Fv2%2Fcategories&post=4035"},{"taxonomy":"post_tag","embeddable":true,"href":"https:\/\/esreviral.com\/index.php?rest_route=%2Fwp%2Fv2%2Ftags&post=4035"}],"curies":[{"name":"wp","href":"https:\/\/api.w.org\/{rel}","templated":true}]}}