{"id":4023,"date":"2021-02-11T16:34:28","date_gmt":"2021-02-11T19:34:28","guid":{"rendered":"http:\/\/esreviral.com\/?p=4023"},"modified":"2021-02-11T16:34:28","modified_gmt":"2021-02-11T19:34:28","slug":"los-argentinos-de-una-vez-y-para-siempre-han-entendido-la-importancia-de-la-salud-publica-dijo-el-presidente","status":"publish","type":"post","link":"https:\/\/esreviral.com\/?p=4023","title":{"rendered":"\u201cLos argentinos, de una vez y para siempre, han entendido la importancia de la salud p\u00fablica\u201d, dijo el Presidente"},"content":{"rendered":"\n<p>El presidente Alberto Fern\u00e1ndez dijo que \u201clos argentinos, de una vez y para siempre, han entendido la importancia de la salud p\u00fablica\u201d, al encabezar este mediod\u00eda, a trav\u00e9s de videoconferencia desde la Residencia de Olivos, la presentaci\u00f3n de los primeros cinco Centros Modulares Sanitarios de un total de 19 ubicados en ciudades tur\u00edsticas de 11 provincias.<\/p>\n\n\n\n<p><br>Con una inversi\u00f3n superior a los 2.800 millones de pesos, esas unidades sanitarias se dedicar\u00e1n a la atenci\u00f3n de emergencias y cuidados primarios a pacientes con s\u00edntomas de Covid-19.<\/p>\n\n\n\n<p><br>El Jefe de Estado dijo estar \u201cfeliz de que podamos estar inaugurando estos 19 centros de atenci\u00f3n m\u00e9dica que son tan necesarios\u201d, y asegur\u00f3 que algunos sectores advirtieron \u201cla importancia de la salud p\u00fablica justamente cuando la pandemia nos asol\u00f3\u201d.<\/p>\n\n\n\n<p><br>\u00abHubo quienes pensaron que era mejor no invertir en salud, dejar la atenci\u00f3n sanitaria en manos privadas, y desamparar, de ese modo, a millones de argentinos que lo necesitaban. Lo importante es que de un a\u00f1o a esta parte hemos comenzado a reparar eso, y que los argentinos, de una vez y para siempre, han entendido la importancia de la salud p\u00fablica\u201d, remarc\u00f3 Fern\u00e1ndez.\u00a0<br><\/p>\n\n\n\n<p>\u201cEs necesario poner de pie al pa\u00eds, y para eso hacen falta absolutamente todos\u201d, dijo el mandatario y asegur\u00f3 que \u201cen esa tarea no puede haber diferencias ideol\u00f3gicas porque de lo que se trata es de mejorar definitivamente la vida de los argentinos y argentinas\u201d.<\/p>\n\n\n\n<p><br>Se\u00f1al\u00f3, adem\u00e1s, que la inauguraci\u00f3n de los 19 centros modulares implica \u201cponer en el centro de la escena al ser humano, al que necesita de atenci\u00f3n m\u00e9dica en alg\u00fan momento de su vida, para que nadie se sienta desamparado ante la adversidad de la enfermedad\u201d.<\/p>\n\n\n\n<p><br>\u201cEstamos dando muestra de la mejor pol\u00edtica, de esa pol\u00edtica que tiene un contenido moral y que tiene un contenido \u00e9tico, que consiste en prestarle atenci\u00f3n al otro, al que m\u00e1s lo necesita\u201d, afirm\u00f3.<\/p>\n\n\n\n<p><br>El mandatario se comunic\u00f3 con Villa Gesell, Mar del Plata y San Bernardo (Buenos Aires), Col\u00f3n (Entre R\u00edos) y Mina Clavero (C\u00f3rdoba), ciudades en las que las unidades sanitarias fueron puestas hoy en funcionamiento.\u00a0<br>Desde San Bernardo dialogaron con el Presidente el ministro de Obras P\u00fablicas, Gabriel Katopodis; y el intendente local, Cristian Cardozo.<br><\/p>\n\n\n\n<p>\u201cEstos centros sanitarios tienen laboratorio, shockroom, tienen \u00e1rea de aislamiento, tienen todo el equipamiento necesario, tienen una ambulancia de alta complejidad, y est\u00e1n listos y preparados para atender la pandemia, y una vez que pase el coronavirus para seguir fortaleciendo el sistema de salud\u201d, afirm\u00f3 el ministro Katopodis.\u00a0\u00a0<\/p>\n\n\n\n<p><br>En tanto, en Villa Gesell se encontraban el intendente Gustavo Barrera y el ministro de Salud bonaerense, Daniel Goll\u00e1n; y en Mar del Plata, el jefe distrital Guillermo Montenegro.<\/p>\n\n\n\n<p><br>\u201cLa importancia de este momento habla b\u00e1sicamente del trabajo en conjunto de los gobiernos tanto nacional, provincial como municipal\u201d, asegur\u00f3 el intendente Montenegro, y dijo que \u201clo que estamos inaugurando, tiene que ver con una unidad de refuerzo sanitario a nuestra ciudad que es muy importante porque tenemos cerca de un mill\u00f3n de habitantes\u00bb.<br><\/p>\n\n\n\n<p><br><\/p>\n","protected":false},"excerpt":{"rendered":"<p>El presidente Alberto Fern\u00e1ndez dijo que \u201clos argentinos, de una vez y para siempre, han entendido la importancia de la salud p\u00fablica\u201d, al encabezar este mediod\u00eda, a trav\u00e9s de videoconferencia desde la Residencia de Olivos, la presentaci\u00f3n de los primeros cinco Centros Modulares Sanitarios de un total de 19 ubicados en ciudades tur\u00edsticas de 11 [&hellip;]<\/p>\n","protected":false},"author":2,"featured_media":4024,"comment_status":"open","ping_status":"open","sticky":false,"template":"","format":"standard","meta":{"jnews-multi-image_gallery":[],"jnews_single_post":[],"jnews_primary_category":[],"jnews_social_meta":[],"jnews_review":[],"enable_review":"","type":"","name":"","summary":"","brand":"","sku":"","good":[],"bad":[],"score_override":"","override_value":"","rating":[],"price":[],"jnews_override_counter":[],"jnews_post_split":[],"footnotes":""},"categories":[58],"tags":[530,45],"class_list":["post-4023","post","type-post","status-publish","format-standard","has-post-thumbnail","hentry","category-argentina","tag-inform","tag-noticias"],"amp_enabled":true,"_links":{"self":[{"href":"https:\/\/esreviral.com\/index.php?rest_route=\/wp\/v2\/posts\/4023"}],"collection":[{"href":"https:\/\/esreviral.com\/index.php?rest_route=\/wp\/v2\/posts"}],"about":[{"href":"https:\/\/esreviral.com\/index.php?rest_route=\/wp\/v2\/types\/post"}],"author":[{"embeddable":true,"href":"https:\/\/esreviral.com\/index.php?rest_route=\/wp\/v2\/users\/2"}],"replies":[{"embeddable":true,"href":"https:\/\/esreviral.com\/index.php?rest_route=%2Fwp%2Fv2%2Fcomments&post=4023"}],"version-history":[{"count":0,"href":"https:\/\/esreviral.com\/index.php?rest_route=\/wp\/v2\/posts\/4023\/revisions"}],"wp:featuredmedia":[{"embeddable":true,"href":"https:\/\/esreviral.com\/index.php?rest_route=\/"}],"wp:attachment":[{"href":"https:\/\/esreviral.com\/index.php?rest_route=%2Fwp%2Fv2%2Fmedia&parent=4023"}],"wp:term":[{"taxonomy":"category","embeddable":true,"href":"https:\/\/esreviral.com\/index.php?rest_route=%2Fwp%2Fv2%2Fcategories&post=4023"},{"taxonomy":"post_tag","embeddable":true,"href":"https:\/\/esreviral.com\/index.php?rest_route=%2Fwp%2Fv2%2Ftags&post=4023"}],"curies":[{"name":"wp","href":"https:\/\/api.w.org\/{rel}","templated":true}]}}