{"id":40229,"date":"2023-08-03T07:27:57","date_gmt":"2023-08-03T12:27:57","guid":{"rendered":"https:\/\/esreviral.com\/?p=40229"},"modified":"2023-08-03T07:27:57","modified_gmt":"2023-08-03T12:27:57","slug":"atencion-finalizo-el-paro-de-subtes-y-se-normalizo-el-servicio-en-caba","status":"publish","type":"post","link":"https:\/\/esreviral.com\/?p=40229","title":{"rendered":"\u00a1Atenci\u00f3n! Finaliz\u00f3 el paro de subtes y se normaliz\u00f3 el servicio en CABA"},"content":{"rendered":"\n<p><strong>Finaliz\u00f3 el paro de subte que afect\u00f3 a miles de usuarios entre las 6 y las 9 de la ma\u00f1ana de este jueves.\u00a0El reclamo se inici\u00f3 por una reducci\u00f3n en la jornada laboral a causa de la\u00a0exposici\u00f3n al asbesto.<\/strong><\/p>\n\n\n\n<p>La nueva medida de fuerza, nucleada por la\u00a0Asociaci\u00f3n Gremial de Trabajadores del Subte y Premetro (AGTSyP)\u00a0-que se suma a las concretadas por los trabajadores durante las \u00faltimas semanas\u2014\u00a0se prolong\u00f3\u00a0hasta las 9, que afect\u00f3 a todas las l\u00edneas\u00a0incluyendo el Premetro.<\/p>\n\n\n\n<p>Las preguntas de varios usuarios desorientados, para buscar una nueva forma de llegar a sus trabajos, gener\u00f3\u00a0desconcierto entre los pasajeros, lo que deriv\u00f3 en algunas escenas de nerviosismo. Las m\u00faltiples dificultades para viajar en colectivo junto a las\u00a0extensas filas\u00a0para acceder a este medio de transporte fueron una constante durante la primera ma\u00f1ana.<\/p>\n\n\n\n<p>Subtes como\u00a0Constituci\u00f3n, Retiro, Once y Chacarita\u00a0fueron algunos de los puntos que reflejaron largas colas de personas en las paradas de \u00f3mnibus. La\u00a0retenci\u00f3n de pasajeros, con un pico de 6 a 8 de la ma\u00f1ana, fue\u00a0el doble en varios de los nodos de transporte.<strong><em> \u201cMe encontr\u00e9 con un caos, hoy me toca llegar tarde\u201d<\/em><\/strong>, indic\u00f3 con resignaci\u00f3n uno de los pasajeros a<em>\u00a0TN<\/em>.<\/p>\n\n\n\n<p><strong><em>Con informaci\u00f3n de TN<\/em><\/strong><\/p>\n","protected":false},"excerpt":{"rendered":"<p>Finaliz\u00f3 el paro de subte que afect\u00f3 a miles de usuarios entre las 6 y las 9 de la ma\u00f1ana de este jueves.\u00a0El reclamo se inici\u00f3 por una reducci\u00f3n en la jornada laboral a causa de la\u00a0exposici\u00f3n al asbesto. La nueva medida de fuerza, nucleada por la\u00a0Asociaci\u00f3n Gremial de Trabajadores del Subte y Premetro (AGTSyP)\u00a0-que [&hellip;]<\/p>\n","protected":false},"author":5,"featured_media":40230,"comment_status":"closed","ping_status":"closed","sticky":false,"template":"","format":"standard","meta":{"jnews-multi-image_gallery":[],"jnews_single_post":{"subtitle":"","format":"standard","video":"","gallery":"","source_name":"","source_url":"","via_name":"","via_url":"","override_template":"0","override":[{"template":"4","single_blog_custom":"","parallax":"1","fullscreen":"1","layout":"right-sidebar","sidebar":"default-sidebar","second_sidebar":"default-sidebar","sticky_sidebar":"1","share_position":"top","share_float_style":"share-monocrhome","show_share_counter":"1","show_view_counter":"1","show_featured":"1","show_post_meta":"1","show_post_author":"1","show_post_author_image":"1","show_post_date":"1","post_date_format":"default","post_date_format_custom":"Y\/m\/d","show_post_category":"1","show_post_reading_time":"1","post_reading_time_wpm":"300","show_zoom_button":"1","zoom_button_out_step":"2","zoom_button_in_step":"3","show_post_tag":"1","show_prev_next_post":"1","show_popup_post":"1","number_popup_post":"1","show_author_box":"1","show_post_related":"1","show_inline_post_related":"0"}],"override_image_size":"0","image_override":[{"single_post_thumbnail_size":"crop-500","single_post_gallery_size":"crop-500"}],"trending_post":"0","trending_post_position":"meta","trending_post_label":"Trending","sponsored_post":"0","sponsored_post_label":"Sponsored by","sponsored_post_name":"","sponsored_post_url":"","sponsored_post_logo_enable":"0","sponsored_post_logo":"","sponsored_post_desc":"","disable_ad":"0"},"jnews_primary_category":{"id":"","hide":""},"jnews_social_meta":{"fb_title":"","fb_description":"","fb_image":"","twitter_title":"","twitter_description":"","twitter_image":""},"jnews_review":[],"enable_review":"0","type":"percentage","name":"","summary":"","brand":"","sku":"","good":[{"good_text":""}],"bad":[{"bad_text":""}],"score_override":"","override_value":"","rating":[{"rating_text":"","rating_number":"10"}],"price":[{"shop":"","price":"","link":"","icon":""}],"jnews_override_counter":{"override_view_counter":"0","view_counter_number":"0","override_share_counter":"0","share_counter_number":"0","override_like_counter":"0","like_counter_number":"0","override_dislike_counter":"0","dislike_counter_number":"0"},"jnews_post_split":{"enable_post_split":"0","post_split":[{"template":"1","tag":"h2","numbering":"asc","mode":"normal","first":"0","enable_toc":"0","toc_type":"normal"}]},"footnotes":""},"categories":[43,58],"tags":[468,7675,2747],"class_list":["post-40229","post","type-post","status-publish","format-standard","has-post-thumbnail","hentry","category-actualidad","category-argentina","tag-caba","tag-paro-de-subtes","tag-servicio"],"_links":{"self":[{"href":"https:\/\/esreviral.com\/index.php?rest_route=\/wp\/v2\/posts\/40229","targetHints":{"allow":["GET"]}}],"collection":[{"href":"https:\/\/esreviral.com\/index.php?rest_route=\/wp\/v2\/posts"}],"about":[{"href":"https:\/\/esreviral.com\/index.php?rest_route=\/wp\/v2\/types\/post"}],"author":[{"embeddable":true,"href":"https:\/\/esreviral.com\/index.php?rest_route=\/wp\/v2\/users\/5"}],"replies":[{"embeddable":true,"href":"https:\/\/esreviral.com\/index.php?rest_route=%2Fwp%2Fv2%2Fcomments&post=40229"}],"version-history":[{"count":0,"href":"https:\/\/esreviral.com\/index.php?rest_route=\/wp\/v2\/posts\/40229\/revisions"}],"wp:featuredmedia":[{"embeddable":true,"href":"https:\/\/esreviral.com\/index.php?rest_route=\/wp\/v2\/media\/40230"}],"wp:attachment":[{"href":"https:\/\/esreviral.com\/index.php?rest_route=%2Fwp%2Fv2%2Fmedia&parent=40229"}],"wp:term":[{"taxonomy":"category","embeddable":true,"href":"https:\/\/esreviral.com\/index.php?rest_route=%2Fwp%2Fv2%2Fcategories&post=40229"},{"taxonomy":"post_tag","embeddable":true,"href":"https:\/\/esreviral.com\/index.php?rest_route=%2Fwp%2Fv2%2Ftags&post=40229"}],"curies":[{"name":"wp","href":"https:\/\/api.w.org\/{rel}","templated":true}]}}