{"id":4020,"date":"2021-02-10T19:15:58","date_gmt":"2021-02-10T22:15:58","guid":{"rendered":"http:\/\/esreviral.com\/?p=4020"},"modified":"2021-02-10T19:15:58","modified_gmt":"2021-02-10T22:15:58","slug":"argentina-supero-los-dos-millones-de-contagiados-a-11-meses-del-primer-caso","status":"publish","type":"post","link":"https:\/\/esreviral.com\/?p=4020","title":{"rendered":"Argentina super\u00f3 los dos millones de contagiados a 11 meses del primer caso"},"content":{"rendered":"\n<p>Argentina se convirti\u00f3 hoy en el 13\u00b0 pa\u00eds en el mundo en sumar m\u00e1s de 2.000.000 de casos positivos de coronavirus COVID-19, luego de que se confirmaran 7739 nuevos casos, para llegar a un total de 2.001.034. De ese n\u00famero, 1.798.120 ya superaron la enfermedad y 153.240 a\u00fan son casos activos.<\/p>\n\n\n\n<p>En tanto, seg\u00fan los datos de la Sala de Situaci\u00f3n Coronavirus online del Ministerio de Salud de la Naci\u00f3n, se sumaron 109 fallecidos y el total de muertos por la pandemia es de 49.674.<\/p>\n\n\n\n<p>La Argentina se convirti\u00f3 hoy en el 13\u00b0 pa\u00eds en el mundo en sumar m\u00e1s de 2.000.000 de casos positivos de coronavirus Covid-19, luego de que se confirmaran 7739 nuevos casos, para llegar a un total de 2.001.034. De ese n\u00famero, 1.798.120 ya superaron la enfermedad y 153.240 a\u00fan son casos activos.<\/p>\n\n\n\n<p>En tanto, seg\u00fan los datos de la Sala de Situaci\u00f3n Coronavirus online del Ministerio de Salud de la Naci\u00f3n, se sumaron 109 fallecidos y el total de muertos por la pandemia es de 49.674.<\/p>\n\n\n\n<p>Adem\u00e1s,se inform\u00f3 que ayer fueron procesados 50.352 testeos y desde el inicio del brote se realizaron 6.638.998 pruebas diagn\u00f3sticas para esta enfermedad.<\/p>\n\n\n\n<p>Por otra parte,&nbsp;<strong>eran 3561<\/strong>&nbsp;<strong>las personas que cursaban la enfermedad en Unidades de Terapia Intensiva (UTI).<\/strong>&nbsp;La ocupaci\u00f3n de camas UTI, m\u00e1s all\u00e1 de la dolencia que explique la internaci\u00f3n del paciente, a nivel nacional promedia el 54,5%, mientras que en el AMBA llega al 59,7%.<\/p>\n\n\n\n<p>Por otra parte,\u00a0<strong>eran 3561<\/strong>\u00a0<strong>las personas que cursaban la enfermedad en Unidades de Terapia Intensiva (UTI).<\/strong>\u00a0La ocupaci\u00f3n de camas UTI, m\u00e1s all\u00e1 de la dolencia que explique la internaci\u00f3n del paciente, a nivel nacional promedia el 54,5%, mientras que en el AMBA llega al 59,7%.<\/p>\n\n\n\n<p class=\"has-text-align-right\"><strong><em>La Naci\u00f3n.-<\/em><\/strong><\/p>\n","protected":false},"excerpt":{"rendered":"<p>Reportaron 109 muertos y 7739 nuevos casos<\/p>\n","protected":false},"author":2,"featured_media":4021,"comment_status":"open","ping_status":"open","sticky":false,"template":"","format":"standard","meta":{"jnews-multi-image_gallery":[],"jnews_single_post":[],"jnews_primary_category":[],"jnews_social_meta":[],"jnews_review":[],"enable_review":"","type":"","name":"","summary":"","brand":"","sku":"","good":[],"bad":[],"score_override":"","override_value":"","rating":[],"price":[],"jnews_override_counter":[],"jnews_post_split":[],"footnotes":""},"categories":[43,76],"tags":[77,188,45],"class_list":["post-4020","post","type-post","status-publish","format-standard","has-post-thumbnail","hentry","category-actualidad","category-coronavirus","tag-coronavirus","tag-covid-19","tag-noticias"],"amp_enabled":true,"_links":{"self":[{"href":"https:\/\/esreviral.com\/index.php?rest_route=\/wp\/v2\/posts\/4020"}],"collection":[{"href":"https:\/\/esreviral.com\/index.php?rest_route=\/wp\/v2\/posts"}],"about":[{"href":"https:\/\/esreviral.com\/index.php?rest_route=\/wp\/v2\/types\/post"}],"author":[{"embeddable":true,"href":"https:\/\/esreviral.com\/index.php?rest_route=\/wp\/v2\/users\/2"}],"replies":[{"embeddable":true,"href":"https:\/\/esreviral.com\/index.php?rest_route=%2Fwp%2Fv2%2Fcomments&post=4020"}],"version-history":[{"count":0,"href":"https:\/\/esreviral.com\/index.php?rest_route=\/wp\/v2\/posts\/4020\/revisions"}],"wp:featuredmedia":[{"embeddable":true,"href":"https:\/\/esreviral.com\/index.php?rest_route=\/"}],"wp:attachment":[{"href":"https:\/\/esreviral.com\/index.php?rest_route=%2Fwp%2Fv2%2Fmedia&parent=4020"}],"wp:term":[{"taxonomy":"category","embeddable":true,"href":"https:\/\/esreviral.com\/index.php?rest_route=%2Fwp%2Fv2%2Fcategories&post=4020"},{"taxonomy":"post_tag","embeddable":true,"href":"https:\/\/esreviral.com\/index.php?rest_route=%2Fwp%2Fv2%2Ftags&post=4020"}],"curies":[{"name":"wp","href":"https:\/\/api.w.org\/{rel}","templated":true}]}}