{"id":4013,"date":"2021-02-10T15:55:16","date_gmt":"2021-02-10T18:55:16","guid":{"rendered":"http:\/\/esreviral.com\/?p=4013"},"modified":"2021-02-10T15:55:16","modified_gmt":"2021-02-10T18:55:16","slug":"venezolanos-se-concentraran-en-renaper-para-exigir-respuesta-por-el-pasaporte-excepcional","status":"publish","type":"post","link":"https:\/\/esreviral.com\/?p=4013","title":{"rendered":"Venezolanos se concentrar\u00e1n en Renaper para exigir respuesta por el Pasaporte Excepcional"},"content":{"rendered":"\n<p>Luego que desde el 30 de noviembre se conociera que los extranjeros en argentina podr\u00edan solicitar el Pasaporte Excepcional para Extranjeros (PEPE), la Organizaci\u00f3n Civil Uvenar convoc\u00f3 a una concentraci\u00f3n este jueves 11 de enero a las 11 am frente a la sede de Renaper (Per\u00f3n 664) para exigir respuestas. <\/p>\n\n\n\n<p>\u00abPresentaremos un escrito ante este organismo exigiendo oportuna respuesta para las solicitudes del Pasaporte Excepcional , en vista de que est\u00e1n violentando los art\u00edculos 14 y 41 de la Constituci\u00f3n de la Naci\u00f3n y el 38 del Reglamento de la Ley Nacional de Procedimientos Administrativos, al incumplir con los lapsos de respuesta ante los peticionantes\u00bb, <a href=\"https:\/\/www.instagram.com\/p\/CLF69twHT8s\/\">informaron en sus redes oficiales<\/a><\/p>\n\n\n\n<p><br>\u00abEs un derecho contemplado en la Constituci\u00f3n y en el Decreto Presidencial 749\/2019 y en la Constituci\u00f3n. Hacemos un llamado extensivo a toda la comunidad porque ante las dificultades que presentamos ante el Consulado del R\u00e9gimen para tramitar una pr\u00f3rroga o nuestro documento de viaje directamente, tenemos este recurso el cual es totalmente leg\u00edtimo\u00bb, explicaron.<\/p>\n\n\n\n<figure class=\"wp-block-image size-large\"><img decoding=\"async\" src=\"http:\/\/esreviral.com\/wp-content\/uploads\/2021\/02\/Captura-de-Pantalla-2021-02-10-a-las-15.52.49-1024x893.png\" alt=\"\" class=\"wp-image-4014\"\/><\/figure>\n","protected":false},"excerpt":{"rendered":"<p>Luego que desde el 30 de noviembre se conociera que los extranjeros en argentina podr\u00edan solicitar el Pasaporte Excepcional para Extranjeros (PEPE), la Organizaci\u00f3n Civil Uvenar convoc\u00f3 a una concentraci\u00f3n este jueves 11 de enero a las 11 am frente a la sede de Renaper (Per\u00f3n 664) para exigir respuestas. \u00abPresentaremos un escrito ante este [&hellip;]<\/p>\n","protected":false},"author":2,"featured_media":4015,"comment_status":"open","ping_status":"open","sticky":false,"template":"","format":"standard","meta":{"jnews-multi-image_gallery":[],"jnews_single_post":[],"jnews_primary_category":[],"jnews_social_meta":[],"jnews_review":[],"enable_review":"","type":"","name":"","summary":"","brand":"","sku":"","good":[],"bad":[],"score_override":"","override_value":"","rating":[],"price":[],"jnews_override_counter":[],"jnews_post_split":[],"footnotes":""},"categories":[43,54],"tags":[55,119,556],"class_list":["post-4013","post","type-post","status-publish","format-standard","has-post-thumbnail","hentry","category-actualidad","category-inmigracion","tag-inmigracion","tag-pasaportes","tag-renaper"],"amp_enabled":true,"_links":{"self":[{"href":"https:\/\/esreviral.com\/index.php?rest_route=\/wp\/v2\/posts\/4013"}],"collection":[{"href":"https:\/\/esreviral.com\/index.php?rest_route=\/wp\/v2\/posts"}],"about":[{"href":"https:\/\/esreviral.com\/index.php?rest_route=\/wp\/v2\/types\/post"}],"author":[{"embeddable":true,"href":"https:\/\/esreviral.com\/index.php?rest_route=\/wp\/v2\/users\/2"}],"replies":[{"embeddable":true,"href":"https:\/\/esreviral.com\/index.php?rest_route=%2Fwp%2Fv2%2Fcomments&post=4013"}],"version-history":[{"count":0,"href":"https:\/\/esreviral.com\/index.php?rest_route=\/wp\/v2\/posts\/4013\/revisions"}],"wp:featuredmedia":[{"embeddable":true,"href":"https:\/\/esreviral.com\/index.php?rest_route=\/"}],"wp:attachment":[{"href":"https:\/\/esreviral.com\/index.php?rest_route=%2Fwp%2Fv2%2Fmedia&parent=4013"}],"wp:term":[{"taxonomy":"category","embeddable":true,"href":"https:\/\/esreviral.com\/index.php?rest_route=%2Fwp%2Fv2%2Fcategories&post=4013"},{"taxonomy":"post_tag","embeddable":true,"href":"https:\/\/esreviral.com\/index.php?rest_route=%2Fwp%2Fv2%2Ftags&post=4013"}],"curies":[{"name":"wp","href":"https:\/\/api.w.org\/{rel}","templated":true}]}}