{"id":3997,"date":"2021-02-10T10:34:43","date_gmt":"2021-02-10T13:34:43","guid":{"rendered":"http:\/\/esreviral.com\/?p=3997"},"modified":"2021-02-10T10:34:43","modified_gmt":"2021-02-10T13:34:43","slug":"thays-campos-el-gobierno-debe-proteger-a-las-victimas-no-a-los-delincuentes","status":"publish","type":"post","link":"https:\/\/esreviral.com\/?p=3997","title":{"rendered":"Thays Campos: \u00abEl Gobierno debe proteger a las v\u00edctimas no a los delincuentes\u00bb"},"content":{"rendered":"\n<p>Thays Campos, la madre de Milagros, la joven de 18 a\u00f1os de edad que fue v\u00edctima de un abuso sexual semanas atr\u00e1s en Argentina, se solidariz\u00f3 junto a su familia con <a href=\"http:\/\/esreviral.com\/2021\/02\/10\/de-10-punaladas-un-policia-mato-a-su-pareja-quien-lo-habia-denunciado-en-reiteradas-oportunidades\/\">el caso de \u00darsula Bahillo, quien fue asesinada por su expareja de 10 pu\u00f1aladas<\/a>. <\/p>\n\n\n\n<p>\u00abEl Gobierno debe proteger a las v\u00edctimas no a los delincuentes\u00bb, afirm\u00f3 la ahora defensora de derechos humanos, quien sigue trabajando en pro de las v\u00edctimas de cualquier tipo de abuso. \u00ab\u00bfPor qu\u00e9 tienen que esperar hasta estas circunstancias? ten\u00eda 18 denuncias y no se hab\u00eda hecho nada, esa muchacha pudo haber tenido aunque sea un bot\u00f3n de p\u00e1nico que la protegiera pero no fue as\u00ed\u00bb. <\/p>\n\n\n\n<p>Campos se entristece de s\u00f3lo pensar que su hija pudo haber pasado por una situaci\u00f3n similar, <a href=\"http:\/\/esreviral.com\/2021\/02\/10\/los-desesperados-mensajes-de-ursula-la-joven-asesinada-por-su-expareja\/\">\u00abafortunadamente est\u00e1 con vida pero pudo haber sido una v\u00edctima m\u00e1s de los 44 femicidios que se han registrado en Argentina en lo que va de a\u00f1o\u00bb. <\/a><\/p>\n\n\n\n<p>Afirm\u00f3 no entender c\u00f3mo es que \u00abla justicia permite que pase esto. Ese sujeto ten\u00eda problemas psiqui\u00e1tricos y debieron proteger a la joven, la injusticia duele y por eso seguiremos luchando no s\u00f3lo por Milagros sino por todas las mujeres que son v\u00edctimas de tantos abusos\u00bb, puntualiz\u00f3 Thays Campos. <\/p>\n","protected":false},"excerpt":{"rendered":"<p>La madre de la venezolana v\u00edctima de abuso sexual, se solidariz\u00f3 con los familiares y amigos de \u00darsula Bahillo<\/p>\n","protected":false},"author":2,"featured_media":3998,"comment_status":"open","ping_status":"open","sticky":false,"template":"","format":"standard","meta":{"jnews-multi-image_gallery":[],"jnews_single_post":[],"jnews_primary_category":[],"jnews_social_meta":[],"jnews_review":[],"enable_review":"","type":"","name":"","summary":"","brand":"","sku":"","good":[],"bad":[],"score_override":"","override_value":"","rating":[],"price":[],"jnews_override_counter":[],"jnews_post_split":[],"footnotes":""},"categories":[64],"tags":[555,123,45,67],"class_list":["post-3997","post","type-post","status-publish","format-standard","has-post-thumbnail","hentry","category-sucesos","tag-femicidio","tag-informacion","tag-noticias","tag-venezolanos-en-argentina"],"amp_enabled":true,"_links":{"self":[{"href":"https:\/\/esreviral.com\/index.php?rest_route=\/wp\/v2\/posts\/3997"}],"collection":[{"href":"https:\/\/esreviral.com\/index.php?rest_route=\/wp\/v2\/posts"}],"about":[{"href":"https:\/\/esreviral.com\/index.php?rest_route=\/wp\/v2\/types\/post"}],"author":[{"embeddable":true,"href":"https:\/\/esreviral.com\/index.php?rest_route=\/wp\/v2\/users\/2"}],"replies":[{"embeddable":true,"href":"https:\/\/esreviral.com\/index.php?rest_route=%2Fwp%2Fv2%2Fcomments&post=3997"}],"version-history":[{"count":0,"href":"https:\/\/esreviral.com\/index.php?rest_route=\/wp\/v2\/posts\/3997\/revisions"}],"wp:featuredmedia":[{"embeddable":true,"href":"https:\/\/esreviral.com\/index.php?rest_route=\/"}],"wp:attachment":[{"href":"https:\/\/esreviral.com\/index.php?rest_route=%2Fwp%2Fv2%2Fmedia&parent=3997"}],"wp:term":[{"taxonomy":"category","embeddable":true,"href":"https:\/\/esreviral.com\/index.php?rest_route=%2Fwp%2Fv2%2Fcategories&post=3997"},{"taxonomy":"post_tag","embeddable":true,"href":"https:\/\/esreviral.com\/index.php?rest_route=%2Fwp%2Fv2%2Ftags&post=3997"}],"curies":[{"name":"wp","href":"https:\/\/api.w.org\/{rel}","templated":true}]}}