{"id":3994,"date":"2021-02-10T10:22:06","date_gmt":"2021-02-10T13:22:06","guid":{"rendered":"http:\/\/esreviral.com\/?p=3994"},"modified":"2021-02-10T10:22:06","modified_gmt":"2021-02-10T13:22:06","slug":"los-desesperados-mensajes-de-ursula-la-joven-asesinada-por-su-expareja","status":"publish","type":"post","link":"https:\/\/esreviral.com\/?p=3994","title":{"rendered":"Los desesperados mensajes de \u00darsula, la joven asesinada por su expareja"},"content":{"rendered":"\n<p>Amigas de \u00darsula Bahillo,\u00a0<strong>la joven asesinada a pu\u00f1aladas en la ciudad bonaerense de Rojas<\/strong>, publicaron en redes sociales algunos mensajes en los que la propia v\u00edctima les contaba que hab\u00eda sido golpeada y amenazada por su pareja, el polic\u00eda Ezequiel Mart\u00ednez.<\/p>\n\n\n\n<p><strong>\u00ab\u00darsula avis\u00f3, fuimos a hacer la declaraci\u00f3n y les chup\u00f3 un huevo. Nos dieron un papel de mierda y nada m\u00e1s y hoy mi amiga est\u00e1 muerta. Ojal\u00e1 se haga justicia por ella y por todas\u00bb<\/strong>, tuite\u00f3 una amiga desde su cuenta @MiliiAlmiron, donde agreg\u00f3 una captura de pantalla con mensajes que la v\u00edctima le hab\u00eda mandado.<\/p>\n\n\n\n<p><img decoding=\"async\" src=\"https:\/\/www.telam.com.ar\/advf\/imagenes\/2021\/02\/602282d1a8ca0_1004x565.jpg\" alt=\"Capturas del di\u00e1logo compartidas por las amigas de \u00darsula.\">Capturas del di\u00e1logo compartidas por las amigas de \u00darsula.<br>\u00abMe tiene amenazada de muerte. Por eso tengo miedo amiga\u00bb, le dijo \u00darsula en esa conversaci\u00f3n.<\/p>\n\n\n\n<p>La amiga le pregunt\u00f3 si Mart\u00ednez le pegaba o si no lleg\u00f3 a eso y por eso terminaron, a lo que la v\u00edctima contest\u00f3: \u00abS\u00ed amiga. Siete meses me peg\u00f3. Me call\u00e9 siempre. Hasta que me vi muerta. Por eso lo denunci\u00e9\u00bb.<\/p>\n\n\n\n<p>En otro tuit publicado por @MilagrosO_5, se exhibe una captura de pantalla con mensajes de WhatsApp de \u00darsula del 19 de noviembre pasado donde la chica cuenta: \u00abEstoy temblando. No me respondas nada de lo que te digo. Me re cag\u00f3 a palos mal. Y esta vez fue muy posta\u00bb.<\/p>\n\n\n\n<p><img decoding=\"async\" src=\"https:\/\/www.telam.com.ar\/advf\/imagenes\/2021\/02\/602282d1a18f9_1004x565.jpg\" alt=\"Capturas del di\u00e1logo compartidas por las amigas de \u00darsula.\">Capturas del di\u00e1logo compartidas por las amigas de \u00darsula.<br>\u00abPasamos por una calle donde \u00e9l est\u00e1 trabajando de alba\u00f1il con el t\u00edo y hab\u00eda al lado dos minas. Una me mir\u00f3 y dijo \u00b4\u00bfqu\u00e9 mira la cornuda?'\u00bb, relat\u00f3 \u00darsula.<\/p>\n\n\n\n<p>La joven luego cont\u00f3: \u00abEmpec\u00e9 a putearlo mal y se arm\u00f3 alto quilombo. Me cag\u00f3 a palos mal\u00bb y al final le dice al destinatario o destinataria: \u00abTe amo, s\u00f3lo que lo sepas\u00bb.<\/p>\n\n\n\n<p>\u00abLa golpeaba y la ten\u00eda amenazada de muerte\u00bb, dijo la madre<br>La madre de \u00darsula Bahillo, la joven de 18 a\u00f1os asesinada a pu\u00f1aladas en un femicidio ocurrido en la ciudad bonaerense de Rojas por el que qued\u00f3 detenido su exnovio, un polic\u00eda bonaerense, pidi\u00f3 justicia por el crimen y calific\u00f3 al acusado como una \u00ablacra humana\u00bb que \u00abgolpeaba y ten\u00eda amenazada de muerte\u00bb a su hija.<\/p>\n\n\n\n<p>\u00abEste hijo de puta me la manote\u00f3 y la apu\u00f1al\u00f3, cuando ella pidi\u00f3 auxilio la Polic\u00eda no actu\u00f3. \u00bfPor qu\u00e9 esperaron a que mi hija estuviera en una morgue?\u00bb, se pregunt\u00f3 conmocionada Patricia, la madre de la joven, en di\u00e1logo con Canal 13 esta ma\u00f1ana.<\/p>\n\n\n\n<p>La mujer relat\u00f3 que ella y su marido se enteraron que \u00darsula era v\u00edctima de violencia de g\u00e9nero por parte de Mat\u00edas Ezequiel Mart\u00ednez (25) el 9 de enero pasado, cuando un matrimonio amigo que conoc\u00eda la situaci\u00f3n de su hija se acerc\u00f3 a ellos para alertarlos \u00abporque iba a aparecer muerta\u00bb.<\/p>\n\n\n\n<p>\u00abNos contaron todo y fuimos a la Comisar\u00eda de la Mujer de Rojas, donde nos tomaron la denuncia\u00bb, explic\u00f3, aunque aclar\u00f3 que el 1 de febrero, menos de un mes m\u00e1s tarde, Mart\u00ednez viol\u00f3 la perimetral que le hab\u00edan impuesto en un episodio en el que lleg\u00f3 a fotografiar con un celular al ahora imputado en plena infracci\u00f3n.<\/p>\n\n\n\n<p>En ese momento, Patricia se dirigi\u00f3 nuevamente a la comisar\u00eda pero, seg\u00fan cont\u00f3, los agentes que la recibieron desestimaron su denuncia.<\/p>\n\n\n\n<blockquote class=\"wp-block-quote td_quote_box td_box_center is-layout-flow wp-block-quote-is-layout-flow\"><p>\u00abTen\u00eda fotos en la puerta de mi casa y no hac\u00edan nada, ped\u00eda por favor porque no quer\u00eda que fuera una menos, que no me la tocaran y la salvaguardaran\u00bb, record\u00f3.<\/p><\/blockquote>\n\n\n\n<p>Adem\u00e1s, denunci\u00f3 que \u00abhay varias mujeres m\u00e1s golpeadas por este polic\u00eda\u00bb, y asegur\u00f3 que est\u00e1 imputado tiene una causa por \u00abviolar a una nena discapacitada que hoy tiene catorce a\u00f1os\u00bb.<\/p>\n\n\n\n<p>\u00abEstoy esperando que (el ministro de Seguridad provincial) Sergio Berni baje a la c\u00fapula policial, quiero que la muevan entera porque no hicieron nada\u00bb, asever\u00f3 luego de mencionar no s\u00f3lo la falta de accionar por parte de la Polic\u00eda bonaerense, sino que tampoco se le asign\u00f3 un bot\u00f3n antip\u00e1nico a su hija luego de que radicara la denuncia por violencia.<\/p>\n\n\n\n<p>En tanto, se refiri\u00f3 a la manifestaci\u00f3n que se produjo el lunes frente a la comisar\u00eda de Rojas tras conocerse el crimen, donde amigos de la v\u00edctima y cientos de vecinos salieron a las calles para pedir justicia.<\/p>\n\n\n\n<p>\u00abNadie nos quer\u00eda decir que nuestra hija estaba muerta y me trataron como a una delincuente. Me pusieron esposas, estoy toda machucada por la forma en que me trataron, y fue un var\u00f3n, aunque no le pude ver la cara porque me tiraron al suelo\u00bb, finaliz\u00f3 Patricia.<\/p>\n\n\n\n<p class=\"has-text-align-right\"><strong><em>Telam.-<\/em><\/strong><\/p>\n","protected":false},"excerpt":{"rendered":"<p>Algunos mensajes en los que \u00darsula Bahillo les contaba que hab\u00eda sido golpeada y amenazada por su pareja fueron publicados en redes sociales por sus amigas.<\/p>\n","protected":false},"author":2,"featured_media":3995,"comment_status":"open","ping_status":"open","sticky":false,"template":"","format":"standard","meta":{"jnews-multi-image_gallery":[],"jnews_single_post":[],"jnews_primary_category":[],"jnews_social_meta":[],"jnews_review":[],"enable_review":"","type":"","name":"","summary":"","brand":"","sku":"","good":[],"bad":[],"score_override":"","override_value":"","rating":[],"price":[],"jnews_override_counter":[],"jnews_post_split":[],"footnotes":""},"categories":[64],"tags":[555,530,45,65],"class_list":["post-3994","post","type-post","status-publish","format-standard","has-post-thumbnail","hentry","category-sucesos","tag-femicidio","tag-inform","tag-noticias","tag-sucesos"],"amp_enabled":true,"_links":{"self":[{"href":"https:\/\/esreviral.com\/index.php?rest_route=\/wp\/v2\/posts\/3994"}],"collection":[{"href":"https:\/\/esreviral.com\/index.php?rest_route=\/wp\/v2\/posts"}],"about":[{"href":"https:\/\/esreviral.com\/index.php?rest_route=\/wp\/v2\/types\/post"}],"author":[{"embeddable":true,"href":"https:\/\/esreviral.com\/index.php?rest_route=\/wp\/v2\/users\/2"}],"replies":[{"embeddable":true,"href":"https:\/\/esreviral.com\/index.php?rest_route=%2Fwp%2Fv2%2Fcomments&post=3994"}],"version-history":[{"count":0,"href":"https:\/\/esreviral.com\/index.php?rest_route=\/wp\/v2\/posts\/3994\/revisions"}],"wp:featuredmedia":[{"embeddable":true,"href":"https:\/\/esreviral.com\/index.php?rest_route=\/"}],"wp:attachment":[{"href":"https:\/\/esreviral.com\/index.php?rest_route=%2Fwp%2Fv2%2Fmedia&parent=3994"}],"wp:term":[{"taxonomy":"category","embeddable":true,"href":"https:\/\/esreviral.com\/index.php?rest_route=%2Fwp%2Fv2%2Fcategories&post=3994"},{"taxonomy":"post_tag","embeddable":true,"href":"https:\/\/esreviral.com\/index.php?rest_route=%2Fwp%2Fv2%2Ftags&post=3994"}],"curies":[{"name":"wp","href":"https:\/\/api.w.org\/{rel}","templated":true}]}}