{"id":39900,"date":"2023-07-24T09:36:47","date_gmt":"2023-07-24T14:36:47","guid":{"rendered":"https:\/\/esreviral.com\/?p=39900"},"modified":"2023-07-24T09:36:49","modified_gmt":"2023-07-24T14:36:49","slug":"soledad-martinez-presento-los-candidatos-de-la-unica-lista-de-jxc-en-vicente-lopez","status":"publish","type":"post","link":"https:\/\/esreviral.com\/?p=39900","title":{"rendered":"Soledad Mart\u00ednez present\u00f3 los candidatos de la \u00fanica lista de JxC en Vicente L\u00f3pez"},"content":{"rendered":"\n<p>La intendenta y candidata que va por la reelecci\u00f3n, Soledad Mart\u00ednez, es la \u00fanica que cuenta con el apoyo de Patricia Bullrich y Horacio Rodr\u00edguez Larreta. Como as\u00ed tambi\u00e9n del resto de los dirigentes nacionales y provinciales que integran Juntos por el Cambio: recibi\u00f3 las visitas y apoyos de Diego Santilli, Nestor Grindetti, Espert, L\u00f3pez Murphy, Ritondo y Pichetto.\u00a0<\/p>\n\n\n\n<p>En el distrito la lista de unidad est\u00e1 integrada por todos los espacios: PRO, UCR, Avanza Libertad, Republicanos Unidos, MID, AVC, Unir y Encuentro Federal.&nbsp;<\/p>\n\n\n\n<p><strong>\u201cLe quiero agradecer a cada uno de los espacios por poner adelante Vicente L\u00f3pez por sobre cualquier inter\u00e9s individual. S\u00f3lo ac\u00e1, y en Mar del Plata, logramos la unidad de todos los sectores y todas las voces, y estamos a la altura de lo que nos pide la gente: que estemos todos juntos para ganarle al kirchnerismo\u201d<\/strong>.<\/p>\n\n\n\n<figure class=\"wp-block-image size-large\"><img decoding=\"async\" src=\"https:\/\/mail.google.com\/mail\/u\/0?ui=2&amp;ik=e534e86199&amp;attid=0.1&amp;permmsgid=msg-f:1772312648643791886&amp;th=189884f6bd584c0e&amp;view=att&amp;disp=safe&amp;realattid=189884f23bf39a14d2c1\" alt=\"\"\/><\/figure>\n\n\n\n<p>Adem\u00e1s de todos los integrantes de la lista a concejales, Soledad Mart\u00ednez estuvo acompa\u00f1ada por los dirigentes locales Alejandro &#8216;Totito&#8217; Gonz\u00e1lez, Luis Gonz\u00e1lez, Jorge Mari\u00f1o, Contanza Darchez, Oscar Ponce, Mariana Colela, Alejo Iramain, Luis Parodi, Antonio Rendon y Germ\u00e1n Maldonado, entre otros.&nbsp;<\/p>\n\n\n\n<p>Soledad Mart\u00ednez record\u00f3 que&nbsp;<strong>\u201chace algunos a\u00f1os los vecinos nos eligieron junto a Jorge Macri para cambiar Vicente L\u00f3pez. Junto a Jorge logramos grandes transformaciones que hacen de esta ciudad una de las mejores para vivir. Pero no nos dormimos en los laureles, vamos a ir por m\u00e1s, cuidando todo lo que hicimos hasta ahora y proponiendole a los vecinos que sigamos eligiendo un equipo, una gesti\u00f3n, una forma de trabajo y un estilo de vida\u201d<\/strong>.<\/p>\n\n\n\n<p>Los precandidatos a concejales en Vicente L\u00f3pez son: Mariana Colela, Luciano Terzano, Veronica Barbieri, Jos\u00e9 Jaime, Romina Iglesias, Daniel Zurek, Graciela Men\u00e9ndez, Ivan Solko, Susana Orue, Leandro Nicenboin, Milagros Ib\u00e1\u00f1ez, Alejo Iramain y V\u00edctor Addolorato.<\/p>\n\n\n\n<p class=\"has-text-align-right\"><strong><em>Oficina de comunicaciones.-<\/em><\/strong><\/p>\n","protected":false},"excerpt":{"rendered":"<p>La intendenta y candidata que va por la reelecci\u00f3n, Soledad Mart\u00ednez, es la \u00fanica que cuenta con el apoyo de Patricia Bullrich y Horacio Rodr\u00edguez Larreta. Como as\u00ed tambi\u00e9n del resto de los dirigentes nacionales y provinciales que integran Juntos por el Cambio: recibi\u00f3 las visitas y apoyos de Diego Santilli, Nestor Grindetti, Espert, L\u00f3pez [&hellip;]<\/p>\n","protected":false},"author":2,"featured_media":39902,"comment_status":"open","ping_status":"closed","sticky":false,"template":"","format":"standard","meta":{"jnews-multi-image_gallery":[],"jnews_single_post":{"subtitle":"","format":"standard","video":"","gallery":"","source_name":"","source_url":"","via_name":"","via_url":"","override_template":"0","override":[{"template":"4","single_blog_custom":"","parallax":"1","fullscreen":"1","layout":"right-sidebar","sidebar":"default-sidebar","second_sidebar":"default-sidebar","sticky_sidebar":"1","share_position":"top","share_float_style":"share-monocrhome","show_share_counter":"1","show_view_counter":"1","show_featured":"1","show_post_meta":"1","show_post_author":"1","show_post_author_image":"1","show_post_date":"1","post_date_format":"default","post_date_format_custom":"Y\/m\/d","show_post_category":"1","show_post_reading_time":"1","post_reading_time_wpm":"300","show_zoom_button":"1","zoom_button_out_step":"2","zoom_button_in_step":"3","show_post_tag":"1","show_prev_next_post":"1","show_popup_post":"1","number_popup_post":"1","show_author_box":"1","show_post_related":"1","show_inline_post_related":"0"}],"override_image_size":"0","image_override":[{"single_post_thumbnail_size":"crop-500","single_post_gallery_size":"crop-500"}],"trending_post":"0","trending_post_position":"meta","trending_post_label":"Trending","sponsored_post":"0","sponsored_post_label":"Sponsored by","sponsored_post_name":"","sponsored_post_url":"","sponsored_post_logo_enable":"0","sponsored_post_logo":"","sponsored_post_desc":"","disable_ad":"0"},"jnews_primary_category":{"id":"","hide":""},"jnews_social_meta":{"fb_title":"","fb_description":"","fb_image":"","twitter_title":"","twitter_description":"","twitter_image":""},"jnews_review":[],"enable_review":"0","type":"percentage","name":"","summary":"","brand":"","sku":"","good":[{"good_text":""}],"bad":[{"bad_text":""}],"score_override":"","override_value":"","rating":[{"rating_text":"","rating_number":"10"}],"price":[{"shop":"","price":"","link":"","icon":""}],"jnews_override_counter":{"override_view_counter":"0","view_counter_number":"0","override_share_counter":"0","share_counter_number":"0","override_like_counter":"0","like_counter_number":"0","override_dislike_counter":"0","dislike_counter_number":"0"},"jnews_post_split":{"enable_post_split":"0","post_split":[{"template":"1","tag":"h2","numbering":"asc","mode":"normal","first":"0","enable_toc":"0","toc_type":"normal"}]},"footnotes":""},"categories":[59],"tags":[44,45,3696,941],"class_list":["post-39900","post","type-post","status-publish","format-standard","has-post-thumbnail","hentry","category-politica","tag-argentina","tag-noticias","tag-soledad-martinez","tag-vicente-lopez"],"_links":{"self":[{"href":"https:\/\/esreviral.com\/index.php?rest_route=\/wp\/v2\/posts\/39900","targetHints":{"allow":["GET"]}}],"collection":[{"href":"https:\/\/esreviral.com\/index.php?rest_route=\/wp\/v2\/posts"}],"about":[{"href":"https:\/\/esreviral.com\/index.php?rest_route=\/wp\/v2\/types\/post"}],"author":[{"embeddable":true,"href":"https:\/\/esreviral.com\/index.php?rest_route=\/wp\/v2\/users\/2"}],"replies":[{"embeddable":true,"href":"https:\/\/esreviral.com\/index.php?rest_route=%2Fwp%2Fv2%2Fcomments&post=39900"}],"version-history":[{"count":0,"href":"https:\/\/esreviral.com\/index.php?rest_route=\/wp\/v2\/posts\/39900\/revisions"}],"wp:featuredmedia":[{"embeddable":true,"href":"https:\/\/esreviral.com\/index.php?rest_route=\/wp\/v2\/media\/39902"}],"wp:attachment":[{"href":"https:\/\/esreviral.com\/index.php?rest_route=%2Fwp%2Fv2%2Fmedia&parent=39900"}],"wp:term":[{"taxonomy":"category","embeddable":true,"href":"https:\/\/esreviral.com\/index.php?rest_route=%2Fwp%2Fv2%2Fcategories&post=39900"},{"taxonomy":"post_tag","embeddable":true,"href":"https:\/\/esreviral.com\/index.php?rest_route=%2Fwp%2Fv2%2Ftags&post=39900"}],"curies":[{"name":"wp","href":"https:\/\/api.w.org\/{rel}","templated":true}]}}