{"id":3989,"date":"2021-02-10T09:49:16","date_gmt":"2021-02-10T12:49:16","guid":{"rendered":"http:\/\/esreviral.com\/?p=3989"},"modified":"2021-02-10T09:49:16","modified_gmt":"2021-02-10T12:49:16","slug":"de-10-punaladas-un-policia-mato-a-su-pareja-quien-lo-habia-denunciado-en-reiteradas-oportunidades","status":"publish","type":"post","link":"https:\/\/esreviral.com\/?p=3989","title":{"rendered":"De 10 pu\u00f1aladas un polic\u00eda mat\u00f3 a su pareja, quien lo hab\u00eda denunciado en reiteradas oportunidades"},"content":{"rendered":"\n<p><strong>Una joven de 18 a\u00f1os fue asesinada de al menos 10 pu\u00f1aladas en la ciudad bonaerense de Rojas y por el femicidio qued\u00f3 detenido e internado su exnovio, un polic\u00eda que se autolesion\u00f3 tras el ataque, lo que gener\u00f3 una pueblada f<\/strong>rente a la comisar\u00eda local donde hubo destrozos y disparos de bala de goma, informaron fuentes policiales y judiciales.<\/p>\n\n\n\n<p>La v\u00edctima fue identificada como \u00darsula Bahillo (18), quien la noche del lunes, cerca de las 20.30 fue encontrada muerta entre unos pastizales en un campo ubicado a la altura del paraje Guido Spano, a unos 13 kil\u00f3metros de dicha ciudad del noroeste de la provincia de Buenos Aires.<\/p>\n\n\n\n<p>Por el femicidio\u00a0<strong>fue detenido su exnovio, Mat\u00edas Ezequiel Mart\u00ednez (25), un oficial de polic\u00eda bonaerense que estaba con carpeta psiqui\u00e1trica\u00a0<\/strong>desde septiembre pasado y que se autolesion\u00f3 luego del hecho.<\/p>\n\n\n\n<blockquote class=\"wp-block-quote td_quote_box td_box_center is-layout-flow wp-block-quote-is-layout-flow\"><p>El femicidio se descubri\u00f3 tras el llamado al 911 de un t\u00edo del propio imputado en el que refiri\u00f3 que cre\u00eda que su sobrino hab\u00eda matado a una joven porque le confes\u00f3 en un llamado que \u00abse hab\u00eda mandado una cagada\u00bb<\/p><\/blockquote>\n\n\n\n<p><strong>Los investigadores trataban de establecer si el acusado cit\u00f3 all\u00ed a \u00darsula, quien era hija de un conocido comerciante de Rojas donde resid\u00eda, o bien pactaron un encuentro para solucionar cuestiones relativas a su vieja relaci\u00f3n<\/strong>&nbsp;y a las denuncias que la v\u00edctima hab\u00eda radicado contra \u00e9l por violencia de g\u00e9nero.<\/p>\n\n\n\n<p>El femicidio fue descubierto tras un alerta al 911 de un t\u00edo del propio imputado que refiri\u00f3 que cre\u00eda que su sobrino hab\u00eda matado a una joven porque \u00e9ste le confes\u00f3 en un llamado que \u00abse hab\u00eda mandado una cagada\u00bb.<\/p>\n\n\n\n<p><img decoding=\"async\" src=\"https:\/\/www.telam.com.ar\/advf\/imagenes\/2021\/02\/602289a0296a0_1004x565.jpg\" alt=\"Mat\u00edas Ezequiel Mart\u00ednez, el exnovio de \u00darsula, estaba con carpeta psiqui\u00e1trica desde septiembre de 2020.\"><\/p>\n\n\n\n<p><strong>Al llegar al lugar, la Polic\u00eda encontr\u00f3 a la chica asesinada y al agresor malherido adentro de su auto, un Peugeot 307.<\/strong><\/p>\n\n\n\n<p>El sospechoso intent\u00f3 escapar a pie por los pastizales, pero de inmediato fue reducido y apresado con sangre de la v\u00edctima y la propia en su ropa.<\/p>\n\n\n\n<p>Dentro del auto, los investigadores hallaron una cuchilla de carnicero con mango blanco y manchas hem\u00e1ticas, que se cree fue el arma homicida y qued\u00f3 secuestrada para peritajes.<\/p>\n\n\n\n<p>Seg\u00fan las fuentes, todo indica que tras una fuerte discusi\u00f3n, Mart\u00ednez asesin\u00f3 a Bahillo a pu\u00f1aladas y con la misma arma blanca se autoprovoc\u00f3 una serie de lesiones en un intento de suicidio o para fingir un ataque.<\/p>\n\n\n\n<p><strong>El polic\u00eda, que se desempe\u00f1a en un Destacamento de San Nicol\u00e1s, qued\u00f3 a disposici\u00f3n de la justicia como acusado de \u00abhomicidio calificado por violencia de g\u00e9nero\u00bb (femicidio), delito que prev\u00e9 prisi\u00f3n perpetua.<\/strong><\/p>\n\n\n\n<p>Los voceros consultados indicaron que, a su vez, Mart\u00ednez fue notificado ayer a la ma\u00f1ana sobre una violaci\u00f3n de la perimetral y de una denuncia de la misma Bahillo y su madre en la Comisar\u00eda de la Mujer.<\/p>\n\n\n\n<p><strong><span style=\"background-color:#9a1b11\" class=\"td_text_highlight_marker\">Los mensajes<\/span><\/strong><br>En redes sociales, algunas amigas de la v\u00edctima publicaron capturas de pantalla con mensajes de la propia \u00darsula\u00a0en los que, entre otras cosas, contaba: \u00abMe re cag\u00f3 a palos mal\u00bb, \u00absiete meses me peg\u00f3\u00bb, \u00abme call\u00e9 siempre\u00bb y \u00abhasta que me vi muerta, por eso lo denunci\u00e9\u00bb.<\/p>\n\n\n\n<p><img decoding=\"async\" src=\"https:\/\/www.telam.com.ar\/advf\/imagenes\/2021\/02\/602282d1833fa_1004x565.jpg\" alt=\"En el marco de la protesta, una camioneta policial Toyota Hilux que estaba estacionada frente a un colegio, fue incendiada y empujada contra el edificio policial.\">En el marco de la protesta, una camioneta policial Toyota Hilux que estaba estacionada frente a un colegio, fue incendiada y empujada contra el edificio policial.<\/p>\n\n\n\n<p>En ese sentido, Patricia, la madre de la v\u00edctima, calific\u00f3 al imputado de \u00ablacra humana\u00bb y cont\u00f3 que \u00e9l \u00abgolpeaba y ten\u00eda amenazada de muerte\u00bb a su hija.<\/p>\n\n\n\n<p><strong><span style=\"background-color:#9a1b22\" class=\"td_text_highlight_marker\">Antecedentes de violencia<\/span><\/strong><br>De hecho, Bel\u00e9n, una exnovia del ahora acusado cont\u00f3 esta tarde que ella tambi\u00e9n fue v\u00edctima de violencia de g\u00e9nero por parte de \u00e9l y que d\u00edas atr\u00e1s se reuni\u00f3 con \u00darsula y \u00e9sta le dijo que \u00abten\u00eda miedo\u00bb.<\/p>\n\n\n\n<p>El caso es investigado por el fiscal Sergio Terr\u00f3n, de la Unidad Funcional de Instrucci\u00f3n (UFI) 5 de Jun\u00edn, y la ayudante fiscal local, Nora Fridblatt.<\/p>\n\n\n\n<p><strong><span style=\"background-color:#9a1b22\" class=\"td_text_highlight_marker\">El fiscal apunta a un femicidio \u00abcon alevos\u00eda\u00bb<\/span><\/strong><br><strong>El propio fiscal Terr\u00f3n dijo que todo indica que se trat\u00f3 de un femicidio en el que hubo \u00abalevos\u00eda y premeditaci\u00f3n\u00bb\u00a0por parte del asesino.<\/strong><\/p>\n\n\n\n<p>Los instructores judiciales ordenaron analizar los tel\u00e9fonos celulares de la v\u00edctima y el acusado hallados en la escena del crimen para ver la mensajer\u00eda y saber, entre otras cuestiones, c\u00f3mo llegaron ambos hasta la escena del crimen.<\/p>\n\n\n\n<p>El fiscal Terr\u00f3n esperaba para esta tarde el resultado preliminar de la operaci\u00f3n de autopsia para determinar con precisi\u00f3n las causales y mec\u00e1nica del crimen.<\/p>\n\n\n\n<p>Por cuestiones de seguridad, para el imputado y para preservar el hospital local, a Mart\u00ednez se lo traslad\u00f3 al hospital de Pergamino, donde permanec\u00eda internado y detenido, a la espera de que lo citen a a indagatoria.<\/p>\n\n\n\n<p><strong><span style=\"background-color:#9a1b22\" class=\"td_text_highlight_marker\">La pueblada<\/span><\/strong><\/p>\n\n\n\n<p>En la noche del lunes, al conocerse el crimen, amigos de la v\u00edctima y cientos de vecinos salieron a las calles para pedir justicia, lo que termin\u00f3 con una serie de incidentes, destrozos, balas de goma y heridos frente a la comisar\u00eda de Rojas.<\/p>\n\n\n\n<p>En el marco de la protesta, una camioneta policial Toyota Hilux que estaba estacionada frente a un colegio, fue incendiada, al tiempo que tambi\u00e9n hubo marchas frente a los domicilios de dos fiscales y de un juez de paz.<\/p>\n\n\n\n<p>Seg\u00fan un informe policial, unas nueve personas, entre ellos cuatro menores de edad, fueron demoradas por los disturbios y resistencia a la autoridad, los que ser\u00e1n notificados de la formaci\u00f3n de la causa y recuperar\u00e1n la libertad en las pr\u00f3ximas horas.<\/p>\n\n\n\n<p>En tanto, los vecinos de Rojas convocaron a una nueva marcha para esta tarde en reclamo de justicia.<\/p>\n\n\n\n<p>Mientras, la Auditor\u00eda de Asuntos Internos de la Polic\u00eda de la Provincia de Buenos Aires trabaja en la investigaci\u00f3n administrativa sobre Mart\u00ednez y colabora con la justicia.<\/p>\n\n\n\n<p><strong>(L\u00ednea 144: atenci\u00f3n, contenci\u00f3n y asesoramiento en situaciones de violencia de g\u00e9nero. Por WhatsApp: +5491127716463).<\/strong><\/p>\n\n\n\n<p class=\"has-text-align-right\"><strong><em>Telam.-<\/em><\/strong><\/p>\n","protected":false},"excerpt":{"rendered":"<p>La v\u00edctima fue identificada como \u00darsula Bahillo, quien fue encontrada la noche del lunes muerta a pu\u00f1aladas en una zona rural donde hab\u00eda sido citada por su expareja, Mat\u00edas Ezequiel Mart\u00ednez<\/p>\n","protected":false},"author":2,"featured_media":3990,"comment_status":"open","ping_status":"open","sticky":false,"template":"","format":"standard","meta":{"jnews-multi-image_gallery":[],"jnews_single_post":[],"jnews_primary_category":[],"jnews_social_meta":[],"jnews_review":[],"enable_review":"","type":"","name":"","summary":"","brand":"","sku":"","good":[],"bad":[],"score_override":"","override_value":"","rating":[],"price":[],"jnews_override_counter":[],"jnews_post_split":[],"footnotes":""},"categories":[43,64],"tags":[529,123,45],"class_list":["post-3989","post","type-post","status-publish","format-standard","has-post-thumbnail","hentry","category-actualidad","category-sucesos","tag-abuso","tag-informacion","tag-noticias"],"amp_enabled":true,"_links":{"self":[{"href":"https:\/\/esreviral.com\/index.php?rest_route=\/wp\/v2\/posts\/3989"}],"collection":[{"href":"https:\/\/esreviral.com\/index.php?rest_route=\/wp\/v2\/posts"}],"about":[{"href":"https:\/\/esreviral.com\/index.php?rest_route=\/wp\/v2\/types\/post"}],"author":[{"embeddable":true,"href":"https:\/\/esreviral.com\/index.php?rest_route=\/wp\/v2\/users\/2"}],"replies":[{"embeddable":true,"href":"https:\/\/esreviral.com\/index.php?rest_route=%2Fwp%2Fv2%2Fcomments&post=3989"}],"version-history":[{"count":0,"href":"https:\/\/esreviral.com\/index.php?rest_route=\/wp\/v2\/posts\/3989\/revisions"}],"wp:featuredmedia":[{"embeddable":true,"href":"https:\/\/esreviral.com\/index.php?rest_route=\/"}],"wp:attachment":[{"href":"https:\/\/esreviral.com\/index.php?rest_route=%2Fwp%2Fv2%2Fmedia&parent=3989"}],"wp:term":[{"taxonomy":"category","embeddable":true,"href":"https:\/\/esreviral.com\/index.php?rest_route=%2Fwp%2Fv2%2Fcategories&post=3989"},{"taxonomy":"post_tag","embeddable":true,"href":"https:\/\/esreviral.com\/index.php?rest_route=%2Fwp%2Fv2%2Ftags&post=3989"}],"curies":[{"name":"wp","href":"https:\/\/api.w.org\/{rel}","templated":true}]}}