{"id":39782,"date":"2023-07-20T13:21:47","date_gmt":"2023-07-20T18:21:47","guid":{"rendered":"https:\/\/esreviral.com\/?p=39782"},"modified":"2023-07-20T16:10:45","modified_gmt":"2023-07-20T21:10:45","slug":"florentino-primera-su-hijo-sufrieron-un-accidente-en-las-playas-de-falcon","status":"publish","type":"post","link":"https:\/\/esreviral.com\/?p=39782","title":{"rendered":"Florentino Primera y su hijo sufrieron un accidente en las playas de Falc\u00f3n"},"content":{"rendered":"\n<p>El&nbsp;<strong>cantante venezolano, Florentino Primera<\/strong>&nbsp;sufri\u00f3 un accidente mientras se encontraba con algunos familiares, entre ellos uno de sus hijos, a bordo de una lancha en el&nbsp;balneario del&nbsp;<strong>municipio Los Taques<\/strong>, en el&nbsp;<strong>estado Falc\u00f3n<\/strong>.<\/p>\n\n\n\n<p>En el incidente ocurrido este mi\u00e9rcoles, cuatro personas resultaron&nbsp;<strong>heridas con quemaduras<\/strong>, adem\u00e1s de un ni\u00f1o desaparecido, tras el choque entre dos lanchas de paseo en las&nbsp;<strong>costa de Villa Marina<\/strong>.<\/p>\n\n\n\n<p>Seg\u00fan versiones, la\u00a0<strong>embarcaci\u00f3n\u00a0<\/strong>donde se desplazaba el\u00a0<strong>cantante\u00a0<\/strong>result\u00f3 golpeada por otra y sus ocupantes cayeron al mar, mientras\u00a0<strong>el choque ocasion\u00f3 una explosi\u00f3n.<\/strong><\/p>\n\n\n\n<p><a href=\"https:\/\/www.youtube.com\/watch?v=nJJY_gcWEkY\">As\u00ed fue la llegada de Servando y Florentino a Argentina<\/a><\/p>\n\n\n\n<figure class=\"wp-block-embed is-type-rich is-provider-twitter wp-block-embed-twitter\"><div class=\"wp-block-embed__wrapper\">\n<blockquote class=\"twitter-tweet\" data-width=\"500\" data-dnt=\"true\"><p lang=\"es\" dir=\"ltr\">Accidente n\u00e1utico en <a href=\"https:\/\/twitter.com\/hashtag\/Falc%C3%B3n?src=hash&amp;ref_src=twsrc%5Etfw\">#Falc\u00f3n<\/a> dej\u00f3 varios lesionados, entre ellos el artista Florentino Primera, y su hijo Rodrigo Primera, de 14 a\u00f1os. El reporte con la periodista Marthy Barbera (<a href=\"https:\/\/twitter.com\/soylabarbera?ref_src=twsrc%5Etfw\">@soylabarbera<\/a>).<br><br>Con\u00e9ctate a <a href=\"https:\/\/twitter.com\/hashtag\/BuenosD%C3%ADasVPItv?src=hash&amp;ref_src=twsrc%5Etfw\">#BuenosD\u00edasVPItv<\/a> <a href=\"https:\/\/twitter.com\/hashtag\/EnVivo?src=hash&amp;ref_src=twsrc%5Etfw\">#EnVivo<\/a>: <a href=\"https:\/\/t.co\/Y8cdLTkysl\">https:\/\/t.co\/Y8cdLTkysl<\/a> <a href=\"https:\/\/t.co\/IzooloL6zU\">pic.twitter.com\/IzooloL6zU<\/a><\/p>&mdash; VPItv (@VPITV) <a href=\"https:\/\/twitter.com\/VPITV\/status\/1682009572926541825?ref_src=twsrc%5Etfw\">July 20, 2023<\/a><\/blockquote><script async src=\"https:\/\/platform.twitter.com\/widgets.js\" charset=\"utf-8\"><\/script>\n<\/div><\/figure>\n\n\n\n<p><\/p>\n\n\n\n<p>De acuerdo a los reportes preliminares entre los&nbsp;<strong>lesionados&nbsp;<\/strong>se encuentra el&nbsp;<strong>hijo de Florentino<\/strong>&nbsp;con un<strong>&nbsp;traumatismo craneoencef\u00e1lico leve<\/strong>&nbsp;producido por un objeto contundente, mientras que el cantante solo tuvo unos rasgu\u00f1os.<\/p>\n\n\n\n<p>Tambi\u00e9n resultaron heridos H\u00e9ctor Lugo de 39 a\u00f1os de edad y Andr\u00e9s Lugo de 13 a\u00f1os de edad, con quemaduras de primer grado.\u2063 Luis Gerardo G\u00f3mez de 45 a\u00f1os de edad, quien tripulaba la embarcaci\u00f3n, tambi\u00e9n con traumatismo.<\/p>\n\n\n\n<p>Los lesionados fueron trasladados al&nbsp;<strong>Hospital Calles Sierra de Punto Fijo<\/strong>.<\/p>\n\n\n\n<p>Sobre el menor (10) desaparecido, trascendi\u00f3 que fue arrastrado por la corriente. Organismos de&nbsp;seguridad del municipio Los Taques, iniciaron la fruct\u00edfera b\u00fasqueda y rescate.<\/p>\n\n\n\n<p class=\"has-text-align-right\"><strong><em>globovision.com<\/em><\/strong>.<strong><em>&#8211;<\/em><\/strong><\/p>\n","protected":false},"excerpt":{"rendered":"<p>Los lesionados fueron trasladados al hospital Dr. Rafael Calles Sierra, de Punto Fijo, estado Falc\u00f3n<\/p>\n","protected":false},"author":3,"featured_media":39783,"comment_status":"open","ping_status":"closed","sticky":false,"template":"","format":"standard","meta":{"jnews-multi-image_gallery":[],"jnews_single_post":{"subtitle":"","format":"standard","video":"","gallery":"","source_name":"","source_url":"","via_name":"","via_url":"","override_template":"0","override":[{"template":"4","single_blog_custom":"","parallax":"1","fullscreen":"1","layout":"right-sidebar","sidebar":"default-sidebar","second_sidebar":"default-sidebar","sticky_sidebar":"1","share_position":"top","share_float_style":"share-monocrhome","show_share_counter":"1","show_view_counter":"1","show_featured":"1","show_post_meta":"1","show_post_author":"1","show_post_author_image":"1","show_post_date":"1","post_date_format":"default","post_date_format_custom":"Y\/m\/d","show_post_category":"1","show_post_reading_time":"1","post_reading_time_wpm":"300","show_zoom_button":"1","zoom_button_out_step":"2","zoom_button_in_step":"3","show_post_tag":"1","show_prev_next_post":"1","show_popup_post":"1","number_popup_post":"1","show_author_box":"1","show_post_related":"1","show_inline_post_related":"0"}],"override_image_size":"0","image_override":[{"single_post_thumbnail_size":"crop-500","single_post_gallery_size":"crop-500"}],"trending_post":"0","trending_post_position":"meta","trending_post_label":"Trending","sponsored_post":"0","sponsored_post_label":"Sponsored by","sponsored_post_name":"","sponsored_post_url":"","sponsored_post_logo_enable":"0","sponsored_post_logo":"","sponsored_post_desc":"","disable_ad":"0"},"jnews_primary_category":{"id":"","hide":""},"jnews_social_meta":{"fb_title":"","fb_description":"","fb_image":"","twitter_title":"","twitter_description":"","twitter_image":""},"jnews_review":[],"enable_review":"0","type":"percentage","name":"","summary":"","brand":"","sku":"","good":[{"good_text":""}],"bad":[{"bad_text":""}],"score_override":"","override_value":"","rating":[{"rating_text":"","rating_number":"10"}],"price":[{"shop":"","price":"","link":"","icon":""}],"jnews_override_counter":{"override_view_counter":"0","view_counter_number":"0","override_share_counter":"0","share_counter_number":"0","override_like_counter":"0","like_counter_number":"0","override_dislike_counter":"0","dislike_counter_number":"0"},"jnews_post_split":{"enable_post_split":"0","post_split":[{"template":"1","tag":"h2","numbering":"asc","mode":"normal","first":"0","enable_toc":"0","toc_type":"normal"}]},"footnotes":""},"categories":[50],"tags":[433,11575,11576,1506,11574,8272,11577,45,4029,56],"class_list":["post-39782","post","type-post","status-publish","format-standard","has-post-thumbnail","hentry","category-entretenimiento","tag-accidente","tag-accidente-nautico","tag-embarcacion-2","tag-falcon","tag-florentino-primera","tag-los-taques","tag-mar","tag-noticias","tag-punto-fijo","tag-venezuela"],"amp_enabled":true,"_links":{"self":[{"href":"https:\/\/esreviral.com\/index.php?rest_route=\/wp\/v2\/posts\/39782"}],"collection":[{"href":"https:\/\/esreviral.com\/index.php?rest_route=\/wp\/v2\/posts"}],"about":[{"href":"https:\/\/esreviral.com\/index.php?rest_route=\/wp\/v2\/types\/post"}],"author":[{"embeddable":true,"href":"https:\/\/esreviral.com\/index.php?rest_route=\/wp\/v2\/users\/3"}],"replies":[{"embeddable":true,"href":"https:\/\/esreviral.com\/index.php?rest_route=%2Fwp%2Fv2%2Fcomments&post=39782"}],"version-history":[{"count":0,"href":"https:\/\/esreviral.com\/index.php?rest_route=\/wp\/v2\/posts\/39782\/revisions"}],"wp:featuredmedia":[{"embeddable":true,"href":"https:\/\/esreviral.com\/index.php?rest_route=\/wp\/v2\/media\/39783"}],"wp:attachment":[{"href":"https:\/\/esreviral.com\/index.php?rest_route=%2Fwp%2Fv2%2Fmedia&parent=39782"}],"wp:term":[{"taxonomy":"category","embeddable":true,"href":"https:\/\/esreviral.com\/index.php?rest_route=%2Fwp%2Fv2%2Fcategories&post=39782"},{"taxonomy":"post_tag","embeddable":true,"href":"https:\/\/esreviral.com\/index.php?rest_route=%2Fwp%2Fv2%2Ftags&post=39782"}],"curies":[{"name":"wp","href":"https:\/\/api.w.org\/{rel}","templated":true}]}}