{"id":39775,"date":"2023-07-20T12:38:39","date_gmt":"2023-07-20T17:38:39","guid":{"rendered":"https:\/\/esreviral.com\/?p=39775"},"modified":"2023-07-20T12:38:40","modified_gmt":"2023-07-20T17:38:40","slug":"asesinaron-a-punaladas-a-un-venezolano-en-guyana","status":"publish","type":"post","link":"https:\/\/esreviral.com\/?p=39775","title":{"rendered":"Asesinaron a pu\u00f1aladas a un venezolano en Guyana"},"content":{"rendered":"\n<p>El venezolano Yoel Valenzuela, de 38 a\u00f1os de edad, fue asesinado recientemente de varias pu\u00f1aladas en\u00a0una zona boscosa perteneciente a Guyana.<\/p>\n\n\n\n<p>Valenzuela,\u00a0oriundo del estado\u00a0Delta Amacuro, fue interceptado y asesinado de m\u00faltiples heridas punzo penetrantes cuando regresaba a su domicilio luego de compartir con varios amigos en una fiesta.<\/p>\n\n\n\n<p>La autoridades de esa regi\u00f3n se encuentran realizando las averiguaciones pertinente pero, hasta la fecha, no han determinado las razones que motivaron el homicidio.<\/p>\n\n\n\n<p>Sus familiares en Curiapo se encuentran indignados por lo ocurrido. Est\u00e1n exigiendo justicia y solicitan al Estado venezolano ayuda para repatriar sus restos, de acuerdo con el diario La Verdad.<\/p>\n\n\n\n<p>El venezolano ya hab\u00eda sido v\u00edctima de un ataque en Guyana, tambi\u00e9n a pu\u00f1aladas, hace tres meses.<\/p>\n\n\n\n<p>En esa ocasi\u00f3n, a Valenzuela lo hirieron tres veces con un arma blanca a la salida de un bar, quedando gravemente herido. Regres\u00f3 a Tucupita para recuperarse y luego volvi\u00f3 a Guyana para continuar trabajando.<\/p>\n\n\n\n<p>De acuerdo el portal de noticias\u00a0<em>Transdelta<\/em>, el venezolano trabajaba en Guyana para poder pagar una deuda que ten\u00eda pendiente y enviar dinero a sus familiares en Delta Amacuro.<\/p>\n\n\n\n<p>Hasta los momentos las autoridades no han informado si ambos atentados contra Valenzuela est\u00e1n relacionados.<\/p>\n\n\n\n<p class=\"has-text-align-right\"><strong><em>ElNacional.-<\/em><\/strong><\/p>\n","protected":false},"excerpt":{"rendered":"<p>Familiares de Yoel Valenzuela solicitan al Estado venezolano ayuda para repatriar sus restos<\/p>\n","protected":false},"author":3,"featured_media":39776,"comment_status":"open","ping_status":"closed","sticky":false,"template":"","format":"standard","meta":{"jnews-multi-image_gallery":[],"jnews_single_post":{"subtitle":"","format":"standard","video":"","gallery":"","source_name":"","source_url":"","via_name":"","via_url":"","override_template":"0","override":[{"template":"4","single_blog_custom":"","parallax":"1","fullscreen":"1","layout":"right-sidebar","sidebar":"default-sidebar","second_sidebar":"default-sidebar","sticky_sidebar":"1","share_position":"top","share_float_style":"share-monocrhome","show_share_counter":"1","show_view_counter":"1","show_featured":"1","show_post_meta":"1","show_post_author":"1","show_post_author_image":"1","show_post_date":"1","post_date_format":"default","post_date_format_custom":"Y\/m\/d","show_post_category":"1","show_post_reading_time":"1","post_reading_time_wpm":"300","show_zoom_button":"1","zoom_button_out_step":"2","zoom_button_in_step":"3","show_post_tag":"1","show_prev_next_post":"1","show_popup_post":"1","number_popup_post":"1","show_author_box":"1","show_post_related":"1","show_inline_post_related":"0"}],"override_image_size":"0","image_override":[{"single_post_thumbnail_size":"crop-500","single_post_gallery_size":"crop-500"}],"trending_post":"0","trending_post_position":"meta","trending_post_label":"Trending","sponsored_post":"0","sponsored_post_label":"Sponsored by","sponsored_post_name":"","sponsored_post_url":"","sponsored_post_logo_enable":"0","sponsored_post_logo":"","sponsored_post_desc":"","disable_ad":"0"},"jnews_primary_category":{"id":"","hide":""},"jnews_social_meta":{"fb_title":"","fb_description":"","fb_image":"","twitter_title":"","twitter_description":"","twitter_image":""},"jnews_review":[],"enable_review":"0","type":"percentage","name":"","summary":"","brand":"","sku":"","good":[{"good_text":""}],"bad":[{"bad_text":""}],"score_override":"","override_value":"","rating":[{"rating_text":"","rating_number":"10"}],"price":[{"shop":"","price":"","link":"","icon":""}],"jnews_override_counter":{"override_view_counter":"0","view_counter_number":"0","override_share_counter":"0","share_counter_number":"0","override_like_counter":"0","like_counter_number":"0","override_dislike_counter":"0","dislike_counter_number":"0"},"jnews_post_split":{"enable_post_split":"0","post_split":[{"template":"1","tag":"h2","numbering":"asc","mode":"normal","first":"0","enable_toc":"0","toc_type":"normal"}]},"footnotes":""},"categories":[64,66],"tags":[9673,45,3629,56,11573],"class_list":["post-39775","post","type-post","status-publish","format-standard","has-post-thumbnail","hentry","category-sucesos","category-venezuela","tag-guyana","tag-noticias","tag-punaladas","tag-venezuela","tag-yoel-valenzuela"],"amp_enabled":true,"_links":{"self":[{"href":"https:\/\/esreviral.com\/index.php?rest_route=\/wp\/v2\/posts\/39775"}],"collection":[{"href":"https:\/\/esreviral.com\/index.php?rest_route=\/wp\/v2\/posts"}],"about":[{"href":"https:\/\/esreviral.com\/index.php?rest_route=\/wp\/v2\/types\/post"}],"author":[{"embeddable":true,"href":"https:\/\/esreviral.com\/index.php?rest_route=\/wp\/v2\/users\/3"}],"replies":[{"embeddable":true,"href":"https:\/\/esreviral.com\/index.php?rest_route=%2Fwp%2Fv2%2Fcomments&post=39775"}],"version-history":[{"count":0,"href":"https:\/\/esreviral.com\/index.php?rest_route=\/wp\/v2\/posts\/39775\/revisions"}],"wp:featuredmedia":[{"embeddable":true,"href":"https:\/\/esreviral.com\/index.php?rest_route=\/wp\/v2\/media\/39776"}],"wp:attachment":[{"href":"https:\/\/esreviral.com\/index.php?rest_route=%2Fwp%2Fv2%2Fmedia&parent=39775"}],"wp:term":[{"taxonomy":"category","embeddable":true,"href":"https:\/\/esreviral.com\/index.php?rest_route=%2Fwp%2Fv2%2Fcategories&post=39775"},{"taxonomy":"post_tag","embeddable":true,"href":"https:\/\/esreviral.com\/index.php?rest_route=%2Fwp%2Fv2%2Ftags&post=39775"}],"curies":[{"name":"wp","href":"https:\/\/api.w.org\/{rel}","templated":true}]}}