{"id":39772,"date":"2023-07-20T12:33:40","date_gmt":"2023-07-20T17:33:40","guid":{"rendered":"https:\/\/esreviral.com\/?p=39772"},"modified":"2023-07-20T12:33:41","modified_gmt":"2023-07-20T17:33:41","slug":"hugo-carvajal-se-declaro-inocente-en-un-tribunal-de-ee-uu","status":"publish","type":"post","link":"https:\/\/esreviral.com\/?p=39772","title":{"rendered":"Hugo Carvajal se declar\u00f3 inocente en un tribunal de EE. UU."},"content":{"rendered":"\n<p>El exjefe de inteligencia militar venezolano Hugo \u00abPollo\u00bb Carvajal, extraditado desde Espa\u00f1a, se declar\u00f3 \u00abno culpable\u00bb en su primera comparecencia este jueves ante el juez en una corte de Nueva York, constat\u00f3 la\u00a0AFP.<\/p>\n\n\n\n<p>El que fue hombre de confianza del difunto presidente Hugo Ch\u00e1vez se declar\u00f3 \u00abno culpable\u00bb de los cargos de narcoterrorismo, tr\u00e1fico de drogas y de armas de los que le acusa la justicia estadounidense, durante una vista en la corte federal sur de Manhattan.<\/p>\n\n\n\n<p>El abogado principal, Zachary Margulis, afirm\u00f3 que Carvajal es \u00abcateg\u00f3ricamente inocente de estos cargos\u00bb y \u00aba diferencia de la mayor\u00eda de lo casos de drogas federales el gobierno no ha asegurado tener pruebas\u00bb.<\/p>\n\n\n\n<p>El fiscal, por el contrario, se\u00f1al\u00f3 la v\u00edspera que Carvajal, de 63 a\u00f1os de edad, \u00abse aprovech\u00f3 de su autoridad como director de inteligencia militar de Venezuela (DIM) para corromper las instituciones venezolanas, abusar de los venezolanos e importar veneno a Estados Unidos\u00bb.<\/p>\n\n\n\n<p>Seg\u00fan la justicia estadounidense, Carvajal fue uno de los cabecillas, junto con otros funcionarios venezolanos de alto rango, del cartel de Los Soles, al menos desde 1999.<\/p>\n\n\n\n<p>Carvajal, quien acudi\u00f3 a la vista vestido de civil, permanecer\u00e1 detenido pero sus abogados anunciaron que pedir\u00e1n libertad bajo fianza para su cliente.<\/p>\n\n\n\n<p>Luego de ser figura de peso del chavismo, Carvajal fue repudiado por el gobierno del mandatario Nicol\u00e1s Maduro tras haber apoyado en p\u00fablico al opositor Juan Guaid\u00f3, cuando este se autoproclam\u00f3 presidente de Venezuela en febrero de 2019.<\/p>\n\n\n\n<p>La pr\u00f3xima vista judicial est\u00e1 prevista para el 25 de julio.<\/p>\n\n\n\n<p class=\"has-text-align-right\"><strong><em>ElNacional.-<\/em><\/strong><\/p>\n","protected":false},"excerpt":{"rendered":"<p>El juez se limit\u00f3 a leerle los cargos y fij\u00f3 una nueva fecha para una pr\u00f3xima comparecencia el pr\u00f3ximo 25 de julio<\/p>\n","protected":false},"author":3,"featured_media":39773,"comment_status":"open","ping_status":"closed","sticky":false,"template":"","format":"standard","meta":{"jnews-multi-image_gallery":[],"jnews_single_post":{"subtitle":"","format":"standard","video":"","gallery":"","source_name":"","source_url":"","via_name":"","via_url":"","override_template":"0","override":[{"template":"4","single_blog_custom":"","parallax":"1","fullscreen":"1","layout":"right-sidebar","sidebar":"default-sidebar","second_sidebar":"default-sidebar","sticky_sidebar":"1","share_position":"top","share_float_style":"share-monocrhome","show_share_counter":"1","show_view_counter":"1","show_featured":"1","show_post_meta":"1","show_post_author":"1","show_post_author_image":"1","show_post_date":"1","post_date_format":"default","post_date_format_custom":"Y\/m\/d","show_post_category":"1","show_post_reading_time":"1","post_reading_time_wpm":"300","show_zoom_button":"1","zoom_button_out_step":"2","zoom_button_in_step":"3","show_post_tag":"1","show_prev_next_post":"1","show_popup_post":"1","number_popup_post":"1","show_author_box":"1","show_post_related":"1","show_inline_post_related":"0"}],"override_image_size":"0","image_override":[{"single_post_thumbnail_size":"crop-500","single_post_gallery_size":"crop-500"}],"trending_post":"0","trending_post_position":"meta","trending_post_label":"Trending","sponsored_post":"0","sponsored_post_label":"Sponsored by","sponsored_post_name":"","sponsored_post_url":"","sponsored_post_logo_enable":"0","sponsored_post_logo":"","sponsored_post_desc":"","disable_ad":"0"},"jnews_primary_category":{"id":"","hide":""},"jnews_social_meta":{"fb_title":"","fb_description":"","fb_image":"","twitter_title":"","twitter_description":"","twitter_image":""},"jnews_review":[],"enable_review":"0","type":"percentage","name":"","summary":"","brand":"","sku":"","good":[{"good_text":""}],"bad":[{"bad_text":""}],"score_override":"","override_value":"","rating":[{"rating_text":"","rating_number":"10"}],"price":[{"shop":"","price":"","link":"","icon":""}],"jnews_override_counter":{"override_view_counter":"0","view_counter_number":"0","override_share_counter":"0","share_counter_number":"0","override_like_counter":"0","like_counter_number":"0","override_dislike_counter":"0","dislike_counter_number":"0"},"jnews_post_split":{"enable_post_split":"0","post_split":[{"template":"1","tag":"h2","numbering":"asc","mode":"normal","first":"0","enable_toc":"0","toc_type":"normal"}]},"footnotes":""},"categories":[88],"tags":[136,11570,1155,11572,11571,45],"class_list":["post-39772","post","type-post","status-publish","format-standard","has-post-thumbnail","hentry","category-internacionales","tag-estados-unidos","tag-exjefe-de-inteligencia-militar-venezolano","tag-hugo-carvajal","tag-inocente","tag-militar-venezolano","tag-noticias"],"amp_enabled":true,"_links":{"self":[{"href":"https:\/\/esreviral.com\/index.php?rest_route=\/wp\/v2\/posts\/39772"}],"collection":[{"href":"https:\/\/esreviral.com\/index.php?rest_route=\/wp\/v2\/posts"}],"about":[{"href":"https:\/\/esreviral.com\/index.php?rest_route=\/wp\/v2\/types\/post"}],"author":[{"embeddable":true,"href":"https:\/\/esreviral.com\/index.php?rest_route=\/wp\/v2\/users\/3"}],"replies":[{"embeddable":true,"href":"https:\/\/esreviral.com\/index.php?rest_route=%2Fwp%2Fv2%2Fcomments&post=39772"}],"version-history":[{"count":0,"href":"https:\/\/esreviral.com\/index.php?rest_route=\/wp\/v2\/posts\/39772\/revisions"}],"wp:featuredmedia":[{"embeddable":true,"href":"https:\/\/esreviral.com\/index.php?rest_route=\/wp\/v2\/media\/39773"}],"wp:attachment":[{"href":"https:\/\/esreviral.com\/index.php?rest_route=%2Fwp%2Fv2%2Fmedia&parent=39772"}],"wp:term":[{"taxonomy":"category","embeddable":true,"href":"https:\/\/esreviral.com\/index.php?rest_route=%2Fwp%2Fv2%2Fcategories&post=39772"},{"taxonomy":"post_tag","embeddable":true,"href":"https:\/\/esreviral.com\/index.php?rest_route=%2Fwp%2Fv2%2Ftags&post=39772"}],"curies":[{"name":"wp","href":"https:\/\/api.w.org\/{rel}","templated":true}]}}