{"id":39637,"date":"2023-07-19T07:35:07","date_gmt":"2023-07-19T12:35:07","guid":{"rendered":"https:\/\/esreviral.com\/?p=39637"},"modified":"2023-07-19T07:35:08","modified_gmt":"2023-07-19T12:35:08","slug":"paro-de-subtes-hoy-miercoles-horarios-y-que-lineas-no-funcionaran","status":"publish","type":"post","link":"https:\/\/esreviral.com\/?p=39637","title":{"rendered":"Paro de subtes hoy mi\u00e9rcoles: horarios y qu\u00e9 l\u00edneas no funcionar\u00e1n"},"content":{"rendered":"\n<p>En una nueva medida de fuerza, los metrodelegados realizan\u00a0un\u00a0<strong>paro de subtes\u00a0<\/strong>este\u00a0mi\u00e9rcoles 19 de julio que\u00a0<strong>afectar\u00e1 a todas las l\u00edneas y el Premetro.\u00a0<\/strong>Desde la Asociaci\u00f3n Gremial de Trabajadores del Subte y Premetro (AGTSyP) comunicaron que se trata de una \u00ab<strong>medida de autodefensa<\/strong>\u00bb en relaci\u00f3n a los reiterados reclamos de la \u00ab<strong>reducci\u00f3n de la semana laboral para estar menos expuestos al asbesto<\/strong>\u00ab.<\/p>\n\n\n\n<p>El reclamo comenz\u00f3 a las 9 de la ma\u00f1ana con la apertura de molinetes en las estaciones San Pedrito (L\u00ednea A), Juan Manuel de Rosas &#8211; Villa Urquiza (B), Constituci\u00f3n (C), Congreso de Tucum\u00e1n (D), Virreyes (E) y Facultad de Derecho (H).<\/p>\n\n\n\n<p>Luego, desde las 10 y hasta las 13, se llevar\u00e1 a cabo la\u00a0<strong>interrupci\u00f3n total de todas las l\u00edneas de subtes y el Premetro<\/strong>.<\/p>\n\n\n\n<figure class=\"wp-block-image size-full\"><img fetchpriority=\"high\" decoding=\"async\" width=\"720\" height=\"887\" src=\"https:\/\/esreviral.com\/wp-content\/uploads\/2023\/07\/sQ7tq-HdT_720x0__1-1.webp\" alt=\"\" class=\"wp-image-39638\" srcset=\"https:\/\/esreviral.com\/wp-content\/uploads\/2023\/07\/sQ7tq-HdT_720x0__1-1.webp 720w, https:\/\/esreviral.com\/wp-content\/uploads\/2023\/07\/sQ7tq-HdT_720x0__1-1-244x300.webp 244w\" sizes=\"(max-width: 720px) 100vw, 720px\" \/><\/figure>\n\n\n\n<p><\/p>\n\n\n\n<p>\u00abEl asbesto es un material usado como aislante, prohibido en nuestro pa\u00eds desde el a\u00f1o 2003 por ser cancer\u00edgeno. La exposici\u00f3n ya caus\u00f3 la muerte de 3 trabajadores, 87 afectados, 1 pasajera afectada y 2150 trabajadores deben concurrir todos los a\u00f1os a vigilancia m\u00e9dica\u00bb, sostiene el comunicado firmado por el secretario general Roberto Pianelli y el secretario adjunto N\u00e9stor Segovia.<\/p>\n\n\n\n<p>\u00abPedimos disculpas por las molestias que estas medidas puedan generar a los usuarios. Y los invitamos a sumarse a nuestro reclamo, iniciado en el a\u00f1o 2018, por un subte libre de asbesto, nuevas floras y vigilancia m\u00e9dica para todos los trabajadores\u00bb, concluyen.<\/p>\n\n\n\n<p>Entre las 17 y las 18 de este viernes, los dirigentes de la&nbsp;AGTSyP&nbsp;realizaron una&nbsp;<strong>\u00abcampa\u00f1a de difusi\u00f3n\u00bb<\/strong>&nbsp;con apertura de molinetes en las terminales de Constituci\u00f3n, Retiro y Bol\u00edvar para visibilizar el reclamo.<\/p>\n\n\n\n<p>Sobre estas acciones, Roberto Pianelli&nbsp;consign\u00f3 en un comunicado: \u00abLas empresas Emova, antes Metrov\u00edas, y Sbase, la due\u00f1a del subte,&nbsp;<strong>nos ocultaron la presencia de este material<\/strong>&nbsp;y nos enfermaron sin darnos la informaci\u00f3n necesaria para poder cuidar nuestra salud\u00bb.<\/p>\n\n\n\n<p>\u00abEl asbesto es una cuesti\u00f3n de salud p\u00fablica, en la que los trabajadores tenemos much\u00edsima m\u00e1s exposici\u00f3n, pero en la que quienes viajan tambi\u00e9n est\u00e1n expuestos. Nuestro pedido de reducci\u00f3n de la semana tiene este punto como central: bajar el tiempo de exposici\u00f3n para enfermarnos menos, para cuidar nuestra salud\u00bb, reiter\u00f3 el dirigente de los metrodelegados.<\/p>\n\n\n\n<p><strong><mark style=\"background-color:rgba(0, 0, 0, 0)\" class=\"has-inline-color has-vivid-red-color\">La respuesta de la empresa concesionaria del subte<\/mark><\/strong><\/p>\n\n\n\n<p>Desde la empresa Emova publicaron un comunicado en el que advierten que el paro ser\u00e1 en perjuicio para los usuarios de manera directa, como as\u00ed tambi\u00e9n para quienes necesitan trasladarse por toda la Ciudad al tiempo que manifestaron su disposici\u00f3n al di\u00e1logo: \u00abLa reducci\u00f3n de la jornada semanal de 36 a 30 horas&nbsp;<strong>resulta inviable sin afectar la operaci\u00f3n de la red de Subte<\/strong>\u00ab.<\/p>\n\n\n\n<p>Sobre el asbesto que denuncian los empleados del subte, la empresa insiste en que desde&nbsp;<strong>hace cinco a\u00f1os trabajan para la \u00abdesasbetizaci\u00f3n\u00bb<\/strong>: \u00abEmova ratifica que las m\u00e1s de 3.900 mediciones realizadas sobre la calidad del aire en todas las \u00e1reas de trabajo del subte,&nbsp;<strong>arrojan resultados considerados adecuados para la salud<\/strong>\u00ab, informan.<\/p>\n\n\n\n<p>Y cierran: \u00abLas mediciones se realizan constantemente y est\u00e1n a cargo de instituciones y laboratorios especializados que fueron validados por la Agencia de Protecci\u00f3n Ambiental del Gobierno de la Ciudad de Buenos Aires. As\u00ed se ha demostrado y se contin\u00faa monitoreando que el \u00e1mbito del Subte cumple con las condiciones exigidas por las normas que regulan la seguridad en el trabajo en base a est\u00e1ndares cient\u00edficos y t\u00e9cnicos\u00bb.<\/p>\n\n\n\n<p class=\"has-text-align-right\"><strong><em>Clarin.-<\/em><\/strong><\/p>\n","protected":false},"excerpt":{"rendered":"<p>La medida de fuerza de este mi\u00e9rcoles en CABA es parte del reclamo que sostienen desde hace meses los metrodelegados. \u00bfHasta cu\u00e1ndo ser\u00e1 el paro de subtes?<\/p>\n","protected":false},"author":3,"featured_media":39639,"comment_status":"open","ping_status":"closed","sticky":false,"template":"","format":"standard","meta":{"jnews-multi-image_gallery":[],"jnews_single_post":{"subtitle":"","format":"standard","video":"","gallery":"","source_name":"","source_url":"","via_name":"","via_url":"","override_template":"0","override":[{"template":"4","single_blog_custom":"","parallax":"1","fullscreen":"1","layout":"right-sidebar","sidebar":"default-sidebar","second_sidebar":"default-sidebar","sticky_sidebar":"1","share_position":"top","share_float_style":"share-monocrhome","show_share_counter":"1","show_view_counter":"1","show_featured":"1","show_post_meta":"1","show_post_author":"1","show_post_author_image":"1","show_post_date":"1","post_date_format":"default","post_date_format_custom":"Y\/m\/d","show_post_category":"1","show_post_reading_time":"1","post_reading_time_wpm":"300","show_zoom_button":"1","zoom_button_out_step":"2","zoom_button_in_step":"3","show_post_tag":"1","show_prev_next_post":"1","show_popup_post":"1","number_popup_post":"1","show_author_box":"1","show_post_related":"1","show_inline_post_related":"0"}],"override_image_size":"0","image_override":[{"single_post_thumbnail_size":"crop-500","single_post_gallery_size":"crop-500"}],"trending_post":"0","trending_post_position":"meta","trending_post_label":"Trending","sponsored_post":"0","sponsored_post_label":"Sponsored by","sponsored_post_name":"","sponsored_post_url":"","sponsored_post_logo_enable":"0","sponsored_post_logo":"","sponsored_post_desc":"","disable_ad":"0"},"jnews_primary_category":{"id":"","hide":""},"jnews_social_meta":{"fb_title":"","fb_description":"","fb_image":"","twitter_title":"","twitter_description":"","twitter_image":""},"jnews_review":[],"enable_review":"0","type":"percentage","name":"","summary":"","brand":"","sku":"","good":[{"good_text":""}],"bad":[{"bad_text":""}],"score_override":"","override_value":"","rating":[{"rating_text":"","rating_number":"10"}],"price":[{"shop":"","price":"","link":"","icon":""}],"jnews_override_counter":{"override_view_counter":"0","view_counter_number":"0","override_share_counter":"0","share_counter_number":"0","override_like_counter":"0","like_counter_number":"0","override_dislike_counter":"0","dislike_counter_number":"0"},"jnews_post_split":{"enable_post_split":"0","post_split":[{"template":"1","tag":"h2","numbering":"asc","mode":"normal","first":"0","enable_toc":"0","toc_type":"normal"}]},"footnotes":""},"categories":[43,58],"tags":[44,45,7675,1865,5535,1866],"class_list":["post-39637","post","type-post","status-publish","format-standard","has-post-thumbnail","hentry","category-actualidad","category-argentina","tag-argentina","tag-noticias","tag-paro-de-subtes","tag-premetro","tag-subterraneos-de-buenos-aires","tag-subtes"],"_links":{"self":[{"href":"https:\/\/esreviral.com\/index.php?rest_route=\/wp\/v2\/posts\/39637","targetHints":{"allow":["GET"]}}],"collection":[{"href":"https:\/\/esreviral.com\/index.php?rest_route=\/wp\/v2\/posts"}],"about":[{"href":"https:\/\/esreviral.com\/index.php?rest_route=\/wp\/v2\/types\/post"}],"author":[{"embeddable":true,"href":"https:\/\/esreviral.com\/index.php?rest_route=\/wp\/v2\/users\/3"}],"replies":[{"embeddable":true,"href":"https:\/\/esreviral.com\/index.php?rest_route=%2Fwp%2Fv2%2Fcomments&post=39637"}],"version-history":[{"count":0,"href":"https:\/\/esreviral.com\/index.php?rest_route=\/wp\/v2\/posts\/39637\/revisions"}],"wp:featuredmedia":[{"embeddable":true,"href":"https:\/\/esreviral.com\/index.php?rest_route=\/wp\/v2\/media\/39639"}],"wp:attachment":[{"href":"https:\/\/esreviral.com\/index.php?rest_route=%2Fwp%2Fv2%2Fmedia&parent=39637"}],"wp:term":[{"taxonomy":"category","embeddable":true,"href":"https:\/\/esreviral.com\/index.php?rest_route=%2Fwp%2Fv2%2Fcategories&post=39637"},{"taxonomy":"post_tag","embeddable":true,"href":"https:\/\/esreviral.com\/index.php?rest_route=%2Fwp%2Fv2%2Ftags&post=39637"}],"curies":[{"name":"wp","href":"https:\/\/api.w.org\/{rel}","templated":true}]}}