{"id":39581,"date":"2023-07-18T08:06:29","date_gmt":"2023-07-18T13:06:29","guid":{"rendered":"https:\/\/esreviral.com\/?p=39581"},"modified":"2023-07-18T08:06:29","modified_gmt":"2023-07-18T13:06:29","slug":"cayeron-viudas-negras-que-sumaron-14-victimas-en-palermo-y-recoleta","status":"publish","type":"post","link":"https:\/\/esreviral.com\/?p=39581","title":{"rendered":"Cayeron viudas negras que sumaron 14 v\u00edctimas en Palermo y Recoleta"},"content":{"rendered":"\n<p>Eleg\u00edan a sus v\u00edctimas de madrugada, en boliches (discotecas) de<strong> Palermo y Recoleta<\/strong>. Unos tragos eran el puntapi\u00e9 inicial para ganarse la confianza, para despu\u00e9s encontrar el momento propicio y concretar el<strong> plan criminal<\/strong>: <strong>sedar a los j\u00f3venes que las hab\u00edan invitado a sus departamentos y robarles d\u00f3lares, tel\u00e9fonos celulares, ropa, joyas, relojes y otros objetos de valor.<\/strong> Los casos se repitieron sin modificar el modus operandi hasta que las \u201cviudas negras\u201d fueron identificadas a partir del an\u00e1lisis de c\u00e1maras de seguridad y de los tatuajes en sus cuerpos, marcas dif\u00edciles de olvidar para los hombres que cayeron en su trampa.<\/p>\n\n\n\n<p>As\u00ed lo informaron a calificadas la nacion fuentes judiciales. El juez en lo criminal y correccional porte\u00f1o Dar\u00edo Bonanno proces\u00f3 con prisi\u00f3n preventiva a cuatro sospechosas, de entre 20 y 26 a\u00f1os, por robo agravado por su comisi\u00f3n en poblado.<\/p>\n\n\n\n<p>Seg\u00fan fuentes judiciales, entre enero y junio pasado, las sospechosas protagonizaron seis hechos donde se hicieron de un bot\u00edn de $6.000.000, entre dinero, tel\u00e9fonos celulares y otros objetos de valor. No se descarta que hayan cometido m\u00e1s robos de la misma modalidad. Hasta el momento, se registraron 14 v\u00edctimas.<\/p>\n\n\n\n<p>\u201cConsidero que las probanzas valoradas conjuntamente con la provisoriedad de esta etapa procesal forman un cuadro probatorio suficiente para tener por acreditada prima facie la materialidad de los hechos bajo estudio y la responsabilidad que les cupo\u201d, afirm\u00f3 el juez Bonanno en la citada resoluci\u00f3n. El magistrado tuvo la colaboraci\u00f3n de detectives de la Polic\u00eda de la Ciudad.<\/p>\n\n\n\n<figure class=\"wp-block-video\"><video controls src=\"https:\/\/lanacionar-prod.video.arc-cdn.net\/wp-lanacionar\/20230712\/64aeec63e1be5428121221d0\/t_c15bb6d69c0c4f7c98fa5e6808fc5b55_name_Secuencia_04\/file_1280x720-2000-v3_1.mp4\"><\/video><\/figure>\n\n\n\n<p>El primer caso por el que fueron procesas las \u201cviudas negras\u201d, modalidad delictiva protagonizada por mujeres que duermen con somn\u00edferos a sus v\u00edctimas para sustraerles dinero y otros objetos de valor, ocurri\u00f3 el 27 de enero pasado entre las 5, momento en que las v\u00edctimas conocieron a las sospechosas en un boliche de Palermo, y las 14, cuando se despertaron y advirtieron que hab\u00edan ca\u00eddo en la trampa,<\/p>\n\n\n\n<p>Las v\u00edctimas fueron tres amigos que hab\u00edan ido a bailar y conocieron a tres j\u00f3venes. A una la recordaron porque ten\u00eda un tatuaje de una mariposa en el cuello y el cabello te\u00f1ido de colorado. Estuvieron en el vip del local bailable hasta que fueron al departamento de uno de los j\u00f3venes en Recoleta.<\/p>\n\n\n\n<p>\u201cArribaron al domicilio mencionado a las 5, aproximadamente, ocasi\u00f3n en la que les ofrecieron algo para beber, para luego de un rato quedarse dormidos, sin recordar m\u00e1s nada hasta el mismo d\u00eda a las 14. Sobre ello, mencionaron que las acusadas les insist\u00edan que bebieran. Las v\u00edctimas dejaron constancia que fueron al Hospital Alem\u00e1n, donde tras una serie de an\u00e1lisis les detectaron la presencia de benzodiacepina (un psicotr\u00f3pico con efecto sedante)\u201d.<\/p>\n\n\n\n<p>Las \u201cviudas negras\u201d, que se hicieron de un bot\u00edn de un tel\u00e9fono celular iPhone 13 Pro Max, un parlante JBL, un par de auriculares y dinero en efectivo, quedaron registradas en las c\u00e1maras de seguridad del edificio donde viv\u00eda una de las v\u00edctimas.<\/p>\n\n\n\n<figure class=\"wp-block-video\"><video controls src=\"https:\/\/lanacionar-prod.video.arc-cdn.net\/wp-lanacionar\/20230712\/64aede7bdb40db484ddb1544\/t_b5107bfd8a0a4739a2313105bc19d79d_name_Video_viudas_negras_1\/file_1280x720-2000-v3_1.mp4\"><\/video><\/figure>\n\n\n\n<p>Veinte d\u00edas despu\u00e9s, una de las v\u00edctimas volvi\u00f3 al boliche donde hab\u00eda conocido a las sospechosas, y se cruz\u00f3 con la joven del tatuaje de la mariposa. Y le dio aviso al personal de la <strong>Polic\u00eda de la Ciudad<\/strong>.<\/p>\n\n\n\n<p>El segundo hecho ocurri\u00f3 entre las 7 y las 12.48. La v\u00edctima fue un joven que vive en Villa del Parque que hab\u00eda ido a bailar con un amigo a un boliche de Palermo, donde conocieron a tres j\u00f3venes. Una de ellas con un tatuaje de Bomb\u00f3n, uno de los personajes de las Chicas Superpoderosas.<\/p>\n\n\n\n<p>Antes de ir al departamento de unos de los j\u00f3venes, en Villa del Parque, el grupo pas\u00f3 por la zona de Plaza Serrano y comieron algo en un bar. Las muchachas insist\u00edan para que \u201ccompraran un vino dulce\u201d. Lo adquirieron en un quiosco y continuaron el viaje.<\/p>\n\n\n\n<p>Cuando llegaron al departamento de una de las v\u00edctimas, una de las j\u00f3venes fue a la \u201ccocina con la intenci\u00f3n de preparar un trago con un vino dulce en una coctelera\u201d. Las \u201cviudas negras\u201d insistieron con que sus v\u00edctimas bebieran el brebaje. Lo hicieron y quedaron dormidos. Cuando se despertaron advirtieron que les hab\u00edan robado \u201c11.223 d\u00f3lares\u201d.<\/p>\n\n\n\n<p>\u201cLa investigaci\u00f3n, que lleva seis meses, contin\u00faa. La prioridad es establecer la intervenci\u00f3n de otras mujeres en estos acontecimientos, acreditar la comisi\u00f3n de nuevos hechos, como tambi\u00e9n determinar aquellas personas que forman parte del andamiaje de la organizaci\u00f3n criminal\u201d, sostuvo a una la nacion calificada fuente judicial.<\/p>\n\n\n\n<p class=\"has-text-align-right\"><strong><em>LN.-<\/em><\/strong><\/p>\n","protected":false},"excerpt":{"rendered":"<p>Cuatro j\u00f3venes, de entre 20 y 26 a\u00f1os, fueron procesadas por robar a personas a las que dorm\u00edan en sus casas<\/p>\n","protected":false},"author":3,"featured_media":39582,"comment_status":"open","ping_status":"closed","sticky":false,"template":"","format":"standard","meta":{"jnews-multi-image_gallery":[],"jnews_single_post":{"subtitle":"","format":"standard","video":"","gallery":"","source_name":"","source_url":"","via_name":"","via_url":"","override_template":"0","override":[{"template":"4","single_blog_custom":"","parallax":"1","fullscreen":"1","layout":"right-sidebar","sidebar":"default-sidebar","second_sidebar":"default-sidebar","sticky_sidebar":"1","share_position":"top","share_float_style":"share-monocrhome","show_share_counter":"1","show_view_counter":"1","show_featured":"1","show_post_meta":"1","show_post_author":"1","show_post_author_image":"1","show_post_date":"1","post_date_format":"default","post_date_format_custom":"Y\/m\/d","show_post_category":"1","show_post_reading_time":"1","post_reading_time_wpm":"300","show_zoom_button":"1","zoom_button_out_step":"2","zoom_button_in_step":"3","show_post_tag":"1","show_prev_next_post":"1","show_popup_post":"1","number_popup_post":"1","show_author_box":"1","show_post_related":"1","show_inline_post_related":"0"}],"override_image_size":"0","image_override":[{"single_post_thumbnail_size":"crop-500","single_post_gallery_size":"crop-500"}],"trending_post":"0","trending_post_position":"meta","trending_post_label":"Trending","sponsored_post":"0","sponsored_post_label":"Sponsored by","sponsored_post_name":"","sponsored_post_url":"","sponsored_post_logo_enable":"0","sponsored_post_logo":"","sponsored_post_desc":"","disable_ad":"0"},"jnews_primary_category":{"id":"","hide":""},"jnews_social_meta":{"fb_title":"","fb_description":"","fb_image":"","twitter_title":"","twitter_description":"","twitter_image":""},"jnews_review":[],"enable_review":"0","type":"percentage","name":"","summary":"","brand":"","sku":"","good":[{"good_text":""}],"bad":[{"bad_text":""}],"score_override":"","override_value":"","rating":[{"rating_text":"","rating_number":"10"}],"price":[{"shop":"","price":"","link":"","icon":""}],"jnews_override_counter":{"override_view_counter":"0","view_counter_number":"0","override_share_counter":"0","share_counter_number":"0","override_like_counter":"0","like_counter_number":"0","override_dislike_counter":"0","dislike_counter_number":"0"},"jnews_post_split":{"enable_post_split":"0","post_split":[{"template":"1","tag":"h2","numbering":"asc","mode":"normal","first":"0","enable_toc":"0","toc_type":"normal"}]},"footnotes":""},"categories":[58,64],"tags":[44,45,784,1469,2480,11462,11463],"class_list":["post-39581","post","type-post","status-publish","format-standard","has-post-thumbnail","hentry","category-argentina","category-sucesos","tag-argentina","tag-noticias","tag-palermo","tag-policia-de-la-ciudad","tag-recoleta","tag-sospechosas","tag-viudas-negras"],"amp_enabled":true,"_links":{"self":[{"href":"https:\/\/esreviral.com\/index.php?rest_route=\/wp\/v2\/posts\/39581"}],"collection":[{"href":"https:\/\/esreviral.com\/index.php?rest_route=\/wp\/v2\/posts"}],"about":[{"href":"https:\/\/esreviral.com\/index.php?rest_route=\/wp\/v2\/types\/post"}],"author":[{"embeddable":true,"href":"https:\/\/esreviral.com\/index.php?rest_route=\/wp\/v2\/users\/3"}],"replies":[{"embeddable":true,"href":"https:\/\/esreviral.com\/index.php?rest_route=%2Fwp%2Fv2%2Fcomments&post=39581"}],"version-history":[{"count":0,"href":"https:\/\/esreviral.com\/index.php?rest_route=\/wp\/v2\/posts\/39581\/revisions"}],"wp:featuredmedia":[{"embeddable":true,"href":"https:\/\/esreviral.com\/index.php?rest_route=\/wp\/v2\/media\/39582"}],"wp:attachment":[{"href":"https:\/\/esreviral.com\/index.php?rest_route=%2Fwp%2Fv2%2Fmedia&parent=39581"}],"wp:term":[{"taxonomy":"category","embeddable":true,"href":"https:\/\/esreviral.com\/index.php?rest_route=%2Fwp%2Fv2%2Fcategories&post=39581"},{"taxonomy":"post_tag","embeddable":true,"href":"https:\/\/esreviral.com\/index.php?rest_route=%2Fwp%2Fv2%2Ftags&post=39581"}],"curies":[{"name":"wp","href":"https:\/\/api.w.org\/{rel}","templated":true}]}}